{"id":91781,"date":"2026-01-01T14:31:06","date_gmt":"2026-01-01T14:31:06","guid":{"rendered":"https:\/\/www.europesays.com\/lv\/91781\/"},"modified":"2026-01-01T14:31:06","modified_gmt":"2026-01-01T14:31:06","slug":"ainara-mielava-jubilejas-koncerts-65-koncerts-arena-tagad-pieejams-digitalaja-straumesana-lente-lv-3","status":"publish","type":"post","link":"https:\/\/www.europesays.com\/lv\/91781\/","title":{"rendered":"Ainara Mielava jubilejas koncerts &#8220;65 Koncerts Ar\u0113n\u0101&#8221; tagad pieejams digit\u0101laj\u0101 straum\u0113\u0161an\u0101\u00a0\u2014\u00a0Lente.lv"},"content":{"rendered":"<p>Digit\u0101laj\u0101 vid\u0113 izdots Ainara Mielava jubilejas koncerta ieraksts<\/p>\n<p>Tie klaus\u012bt\u0101ji, kuri \u0161\u012b gada iespaid\u012bgo Ainara Mielava jubilejas koncertu &#8220;65 Koncerts Ar\u0113n\u0101&#8221; nepaguva apmekl\u0113t kl\u0101tien\u0113, nu var izbaud\u012bt t\u0101 aizraujo\u0161o pieredzi digit\u0101laj\u0101 straum\u0113\u0161anas vid\u0113. K\u0101 zi\u0146o Latvijas Av\u012bze, ir izdots v\u0113rien\u012bg\u0101 koncerta ieraksts, kas pieejams vis\u0101s popul\u0101r\u0101kaj\u0101s m\u016bzikas straum\u0113\u0161anas platform\u0101s. \u0160\u012b muzik\u0101l\u0101 d\u0101vana \u013cauj iepaz\u012bt gan latvie\u0161u m\u016bzikas klasiku, gan jaunrad\u012btus ska\u0146darbus Ainara Mielava 65. jubilejas godin\u0101\u0161an\u0101.<\/p>\n<p>Koncerta norise un dal\u012bbnieki<\/p>\n<p>V\u0113rien\u012bgais koncerts &#8220;65 Koncerts Ar\u0113n\u0101&#8221; norisin\u0101j\u0101s 2025. gada 25. oktobr\u012b &#8220;Xiaomi&#8221; ar\u0113n\u0101 R\u012bg\u0101, godinot le\u0123end\u0101r\u0101 m\u016bzi\u0137a 65. jubileju. Uz skatuves Ainars Mielavs k\u0101pa kop\u0101 ar saviem viesm\u0101ksliniekiem, radot unik\u0101lu muzik\u0101lu kopdarbu. Pas\u0101kum\u0101 piedal\u012bj\u0101s R\u016bdolfs Macats (klavieres), Kaspars Vizulis (elektrisk\u0101 \u0123it\u0101ra), Kristians Priekulis (basa \u0123it\u0101ra), Kaspars Kurdeko (bungas), Aigars Voiti\u0161\u0137is (akustisk\u0101 \u0123it\u0101ra), k\u0101 ar\u012b Ter\u0113ze Mielava (elektrisk\u0101 \u0123it\u0101ra, balss). Koncertu kuplin\u0101ja ar\u012b sen\u0101s m\u016bzikas v\u012bru vok\u0101l\u0101 grupa &#8220;Schola Cantorum Riga&#8221; diri\u0123enta Guntara Pr\u0101\u0146a vad\u012bb\u0101. Koncerta ska\u0146as dizainu veidoja Art\u016brs Voiti\u0161\u0137is, bet ieraksta apstr\u0101di nodro\u0161in\u0101ja Gatis Gaujenieks, garant\u0113jot augstv\u0113rt\u012bgu ska\u0146as kvalit\u0101ti.<\/p>\n<p>Ieraksta saturs un noz\u012bme<\/p>\n<p>Koncertierakst\u0101 iek\u013cautas 20 Ainara Mielava zin\u0101m\u0101s un iem\u012b\u013cot\u0101s dziesmas, tostarp t\u0101di hiti k\u0101 &#8220;Aizlaid \u0161aubas negaisam l\u012bdz&#8221;, &#8220;P\u0101rc\u0113l\u0101js&#8221;, &#8220;Nemanot&#8221;, &#8220;Labradors&#8221;, &#8220;Atpog\u0101 manu kreklu&#8221;, &#8220;Piek\u016bns skrien debes\u012bs&#8221;, &#8220;M\u016b\u017e\u012bgais pied\u0101v\u0101jums&#8221;, &#8220;Tavs superveikals&#8221;, &#8220;Divat\u0101&#8221;, &#8220;220 volti&#8221;, &#8220;M\u012blest\u012bba skait\u0101s&#8221;, &#8220;Horizonts&#8221;, &#8220;Ai, jel manu vieglu pr\u0101tu&#8221;, &#8220;Oga sald\u0101, oga s\u016br\u0101&#8221;, &#8220;Tu savi\u013c\u0146oji mani&#8221;, &#8220;Kad m\u0113ness j\u016br\u0101 kr\u012bt&#8221;, k\u0101 ar\u012b &#8220;I Love You&#8221; un &#8220;100+1 v\u0113l\u0113\u0161an\u0101s&#8221;. Kop\u0113jais ieraksta ilgums ir aptuveni 1 stunda un 28 min\u016btes. \u0160is izdevums ir ne tikai v\u0113rt\u012bga d\u0101vana Ainara Mielava 65. jubilej\u0101, bet ar\u012b noz\u012bm\u012bgs papildin\u0101jums vi\u0146a pla\u0161ajai diskogr\u0101fijai, apliecinot vi\u0146a rado\u0161o m\u016b\u017eu un ietekmi Latvijas m\u016bzikas ainav\u0101 kop\u0161 1991. gada.<\/p>\n<p>Koncerta \u012bpa\u0161ie elementi<\/p>\n<p>Koncerts &#8220;65 Koncerts Ar\u0113n\u0101&#8221; tika iecer\u0113ts k\u0101 &#8220;tautas sadzied\u0101\u0161an\u0101s&#8221; pas\u0101kums, un \u0161\u012b ideja ir saglab\u0101ta ar\u012b ierakst\u0101. Dziesmu v\u0101rdi tika projic\u0113ti uz lielajiem ekr\u0101niem, aicinot skat\u012bt\u0101jus akt\u012bvi iesaist\u012bties un dzied\u0101t l\u012bdzi. T\u0101 bija apliecin\u0101jums Mielava \u012bpa\u0161aj\u0101m attiec\u012bb\u0101m ar saviem klaus\u012bt\u0101jiem, radot kop\u012bgas svin\u012bbas. Da\u017ei no ierakst\u012btajiem ska\u0146darbiem, piem\u0113ram, &#8220;Aizlaid \u0161aubas negaisam l\u012bdz&#8221;, ir jau iepriek\u0161 pieejami straum\u0113\u0161anas platform\u0101s k\u0101 kopdarbs ar &#8220;Schola Cantorum Riga&#8221;. Ieguld\u012btais darbs ska\u0146as un att\u0113la apstr\u0101d\u0113 nodro\u0161ina, ka digit\u0101l\u0101 versija piln\u012bb\u0101 atbilst ori\u0123in\u0101l\u0101 pas\u0101kuma spo\u017eumam, pied\u0101v\u0101jot augstas kvalit\u0101tes ska\u0146u un vizu\u0101lo baud\u012bjumu.<\/p>\n","protected":false},"excerpt":{"rendered":"Digit\u0101laj\u0101 vid\u0113 izdots Ainara Mielava jubilejas koncerta ieraksts Tie klaus\u012bt\u0101ji, kuri \u0161\u012b gada iespaid\u012bgo Ainara Mielava jubilejas koncertu&hellip;\n","protected":false},"author":2,"featured_media":88717,"comment_status":"","ping_status":"","sticky":false,"template":"","format":"standard","meta":{"footnotes":""},"categories":[19],"tags":[21358,9392,22543,89,90,16308,35,39,38,194,36,37,34,40],"class_list":{"0":"post-91781","1":"post","2":"type-post","3":"status-publish","4":"format-standard","5":"has-post-thumbnail","7":"category-izklaide","8":"tag-65-koncerts-arena","9":"tag-ainars-mielavs","10":"tag-digitala-straumesana","11":"tag-entertainment","12":"tag-izklaide","13":"tag-koncertieraksts","14":"tag-latvia","15":"tag-latvian","16":"tag-latviesu","17":"tag-latviesu-muzika","18":"tag-latviesu-valoda","19":"tag-latviesuvaloda","20":"tag-latvija","21":"tag-lv"},"share_on_mastodon":{"url":"https:\/\/pubeurope.com\/@lv\/115820329923393615","error":""},"_links":{"self":[{"href":"https:\/\/www.europesays.com\/lv\/wp-json\/wp\/v2\/posts\/91781","targetHints":{"allow":["GET"]}}],"collection":[{"href":"https:\/\/www.europesays.com\/lv\/wp-json\/wp\/v2\/posts"}],"about":[{"href":"https:\/\/www.europesays.com\/lv\/wp-json\/wp\/v2\/types\/post"}],"author":[{"embeddable":true,"href":"https:\/\/www.europesays.com\/lv\/wp-json\/wp\/v2\/users\/2"}],"replies":[{"embeddable":true,"href":"https:\/\/www.europesays.com\/lv\/wp-json\/wp\/v2\/comments?post=91781"}],"version-history":[{"count":0,"href":"https:\/\/www.europesays.com\/lv\/wp-json\/wp\/v2\/posts\/91781\/revisions"}],"wp:featuredmedia":[{"embeddable":true,"href":"https:\/\/www.europesays.com\/lv\/wp-json\/wp\/v2\/media\/88717"}],"wp:attachment":[{"href":"https:\/\/www.europesays.com\/lv\/wp-json\/wp\/v2\/media?parent=91781"}],"wp:term":[{"taxonomy":"category","embeddable":true,"href":"https:\/\/www.europesays.com\/lv\/wp-json\/wp\/v2\/categories?post=91781"},{"taxonomy":"post_tag","embeddable":true,"href":"https:\/\/www.europesays.com\/lv\/wp-json\/wp\/v2\/tags?post=91781"}],"curies":[{"name":"wp","href":"https:\/\/api.w.org\/{rel}","templated":true}]}}