{"id":91785,"date":"2026-01-01T14:42:13","date_gmt":"2026-01-01T14:42:13","guid":{"rendered":"https:\/\/www.europesays.com\/lv\/91785\/"},"modified":"2026-01-01T14:42:13","modified_gmt":"2026-01-01T14:42:13","slug":"gada-nogale-par-agresivu-brauksanu-rigas-regiona-soditi-14-autovaditaji","status":"publish","type":"post","link":"https:\/\/www.europesays.com\/lv\/91785\/","title":{"rendered":"Gada nogal\u0113 par agres\u012bvu brauk\u0161anu R\u012bgas re\u0123ion\u0101 sod\u012bti 14 autovad\u012bt\u0101ji"},"content":{"rendered":"<p>Kop\u0161 ned\u0113\u013cas s\u0101kuma R\u012bgas re\u0123ion\u0101 policija sast\u0101d\u012bjusi 14 administrat\u012bv\u0101 p\u0101rk\u0101puma protokolus par agres\u012bvu brauk\u0161anu un 30 protokolus par brauk\u0161anas \u0101truma p\u0101rsnieg\u0161anu, liecina Valsts policijas inform\u0101cija.<\/p>\n<p>Aizvad\u012bt\u0101 gada p\u0113d\u0113j\u0101s trij\u0101s dien\u0101s R\u012bgas re\u0123ion\u0101 re\u0123istr\u0113ti 264 ce\u013cu satiksmes negad\u012bjumi, kuros cietu\u0161i 24 cilv\u0113ki un viens g\u0101jis boj\u0101. Cietu\u0161o vid\u016b ir \u010detri g\u0101j\u0113ji un viens velosip\u0113dists.<\/p>\n<p>29.decembr\u012b plkst.10.49 Valsts policija sa\u0146\u0113ma inform\u0101ciju par ce\u013cu satiksmes negad\u012bjumu uz autoce\u013ca R\u012bga-\u0112rg\u013ci (P4) Ogres novada \u0136eipenes pagast\u0101. S\u0101kotn\u0113j\u0101 inform\u0101cija liecina, ka notika sadursme starp \u201cHyundai Santa Fe\u201d un \u201cVW Golf\u201d, k\u0101 rezult\u0101t\u0101 boj\u0101 g\u0101jusi viena persona. Par notiku\u0161o policij\u0101 uzs\u0101kts krimin\u0101lprocess.<\/p>\n<p>Kop\u0161 pirmdienas policija R\u012bg\u0101 un galvaspils\u0113tas apk\u0101rtn\u0113 aiztur\u0113jusi piecus transporta l\u012bdzek\u013cu vad\u012bt\u0101jus alkohola reibum\u0101, un visi pieci tiks saukti pie krimin\u0101latbild\u012bbas. Diviem pie\u0137ertajiem \u0161oferiem konfisc\u0113s\u00a0transportl\u012bdzekli, bet trijos gad\u012bjumos tiks piedz\u012bta t\u0101 v\u0113rt\u012bba.<\/p>\n<p>Gada p\u0113d\u0113jo triju dienu laik\u0101 R\u012bgas re\u0123ion\u0101 ar\u012b re\u0123istr\u0113tas divas laup\u012b\u0161anas, divas automa\u0161\u012bnu z\u0101dz\u012bbas un piecas z\u0101dz\u012bbas no m\u0101jok\u013ca.<\/p>\n","protected":false},"excerpt":{"rendered":"Kop\u0161 ned\u0113\u013cas s\u0101kuma R\u012bgas re\u0123ion\u0101 policija sast\u0101d\u012bjusi 14 administrat\u012bv\u0101 p\u0101rk\u0101puma protokolus par agres\u012bvu brauk\u0161anu un 30 protokolus par&hellip;\n","protected":false},"author":2,"featured_media":91786,"comment_status":"","ping_status":"","sticky":false,"template":"","format":"standard","meta":{"footnotes":""},"categories":[5],"tags":[23,28,29,47,32,33,22,381,64,30,31,35,39,38,36,37,34,40,20,385,26,27,172,382,384,383,24,25,21],"class_list":{"0":"post-91785","1":"post","2":"type-post","3":"status-publish","4":"format-standard","5":"has-post-thumbnail","7":"category-aktualitates","8":"tag-aktualitates","9":"tag-breaking-news","10":"tag-breakingnews","11":"tag-ekonomika","12":"tag-featured-news","13":"tag-featurednews","14":"tag-headlines","15":"tag-jaunumi","16":"tag-kultura","17":"tag-latest-news","18":"tag-latestnews","19":"tag-latvia","20":"tag-latvian","21":"tag-latviesu","22":"tag-latviesu-valoda","23":"tag-latviesuvaloda","24":"tag-latvija","25":"tag-lv","26":"tag-news","27":"tag-pieriga","28":"tag-popularakas-zinas","29":"tag-popularakaszinas","30":"tag-riga","31":"tag-sabiedriba","32":"tag-sludinajumi","33":"tag-sports-afisa","34":"tag-top-stories","35":"tag-topstories","36":"tag-zinas"},"share_on_mastodon":{"url":"https:\/\/pubeurope.com\/@lv\/115820373363708038","error":""},"_links":{"self":[{"href":"https:\/\/www.europesays.com\/lv\/wp-json\/wp\/v2\/posts\/91785","targetHints":{"allow":["GET"]}}],"collection":[{"href":"https:\/\/www.europesays.com\/lv\/wp-json\/wp\/v2\/posts"}],"about":[{"href":"https:\/\/www.europesays.com\/lv\/wp-json\/wp\/v2\/types\/post"}],"author":[{"embeddable":true,"href":"https:\/\/www.europesays.com\/lv\/wp-json\/wp\/v2\/users\/2"}],"replies":[{"embeddable":true,"href":"https:\/\/www.europesays.com\/lv\/wp-json\/wp\/v2\/comments?post=91785"}],"version-history":[{"count":0,"href":"https:\/\/www.europesays.com\/lv\/wp-json\/wp\/v2\/posts\/91785\/revisions"}],"wp:featuredmedia":[{"embeddable":true,"href":"https:\/\/www.europesays.com\/lv\/wp-json\/wp\/v2\/media\/91786"}],"wp:attachment":[{"href":"https:\/\/www.europesays.com\/lv\/wp-json\/wp\/v2\/media?parent=91785"}],"wp:term":[{"taxonomy":"category","embeddable":true,"href":"https:\/\/www.europesays.com\/lv\/wp-json\/wp\/v2\/categories?post=91785"},{"taxonomy":"post_tag","embeddable":true,"href":"https:\/\/www.europesays.com\/lv\/wp-json\/wp\/v2\/tags?post=91785"}],"curies":[{"name":"wp","href":"https:\/\/api.w.org\/{rel}","templated":true}]}}