{"id":91787,"date":"2026-01-01T14:43:07","date_gmt":"2026-01-01T14:43:07","guid":{"rendered":"https:\/\/www.europesays.com\/lv\/91787\/"},"modified":"2026-01-01T14:43:07","modified_gmt":"2026-01-01T14:43:07","slug":"esmu-atkal-sava-ada-sova-atklati-par-beilenu-zvaigzne-notievejusi-par-deviniem-kilogramiem","status":"publish","type":"post","link":"https:\/\/www.europesays.com\/lv\/91787\/","title":{"rendered":"\u201cEsmu atkal sav\u0101 \u0101d\u0101.\u201d \u0160ova \u201cAtkl\u0101ti par Beilenu\u201d zvaigzne notiev\u0113jusi par devi\u0146iem kilogramiem"},"content":{"rendered":"<p>Beilenai z\u0101les izrakst\u012bja \u0101rsts, kad vi\u0146a negaid\u012bti pie\u0146\u0113m\u0101s svar\u0101 par vair\u0101k nek\u0101 devi\u0146iem kilogramiem, jo lietoja garast\u0101vok\u013ca sv\u0101rst\u012bbu stabiliz\u0113jo\u0161us medikamentus, kas paredz\u0113ti Turetas sindroma un OCD \u0101rst\u0113\u0161anai.<\/p>\n<p>\u0160ova zvaigzne svaru zaud\u0113jusi se\u0161us m\u0113ne\u0161u laik\u0101, z\u0101les samazin\u0101ja \u0113stgribu, mazin\u0101ja m\u016b\u017e\u012bgo izsalkumu un Beilena lab\u0101k sp\u0113ja kontrol\u0113t \u0113diena daudzumu \u0113dienreiz\u0113s.<\/p>\n<p>Z\u0101les, kas izmantotas svara zaud\u0113\u0161anai, pirm\u0101s dienas rad\u012bja lielu nogurumu un sliktu d\u016b\u0161u, bet v\u0113l\u0101k viss stabiliz\u0113jies un Dupr\u0113 var\u0113jusi dom\u0101t par ko citu, ne tikai gaid\u0101maj\u0101m \u0113dienreiz\u0113m.<\/p>\n<p>Jauniete uzsver, ka atbalst\u012bt\u0101ji soci\u0101lajos t\u012bklos vi\u0146ai rakst\u012bju\u0161i par svara pieaugumu, vi\u0146a faniem teikusi, ka apzin\u0101s to pati, jo nevienas no vi\u0146as biks\u0113m vair\u0101k neder.<\/p>\n<p>Daudzi dom\u0101ju\u0161i, ka vi\u0146a ir mazu\u013ca gaid\u012bb\u0101s, kas ar\u012b nav paties\u012bba. Beilena pl\u0101no s\u0101kum\u0101 apprec\u0113ties un tad piev\u0113rsties \u0123imenes pieaugumam.<\/p>\n<p class=\"ad-desc ad-desc-main\">Saturs turpin\u0101s p\u0113c rekl\u0101mas<\/p>\n<p class=\"ad-desc ad-desc-sec\">Rekl\u0101ma<\/p>\n<p>\u0160ovs\u00a0<a href=\"https:\/\/go3.lv\/HBO\/baylen-out-loud,serial-10387902\" target=\"_blank\" rel=\"noopener nofollow\">\u201cAtkl\u0101ti par Beilenu\u201d<\/a> koncentr\u0113 uzman\u012bbu uz jaunu, dinamisku, iztur\u012bgu jaunieti, kurai katra diena paiet roku rok\u0101 ar vok\u0101liem izsaukumiem un motorisk\u0101m kust\u012bb\u0101m, ko jaun\u0101 sieviete nesp\u0113j kontrol\u0113t.<\/p>\n<p>Beilenai Tureta sindromu diagnostic\u0113ja 18 gadu vecum\u0101. Tas s\u0101k\u0101s k\u0101 piespiedu kust\u012bbas un trok\u0161\u0146i, kas pastiprin\u0101j\u0101s pusaud\u017eu gados.<\/p>\n<p>Dupr\u0113 par sindromu run\u0101 soci\u0101laj\u0101s platform\u0101s, vi\u0146ai platform\u0101 \u201cTik Tok\u201d ir 9, 5 miljoni sekot\u0101ju, kuri apbr\u012bno vi\u0146as atv\u0113rt\u012bbu, humoru, daloties taj\u0101, k\u0101da ir vi\u0146as dz\u012bve.<\/p>\n<p>Skaties \u0161o un citus \u0161ovus un seri\u0101lus <a href=\"https:\/\/go3.lv?utm_source=tv3.lv&amp;utm_medium=articles&amp;utm_campaign=article_suffix\" target=\"_blank\" rel=\"noopener nofollow\">Go3 telev\u012bzij\u0101<\/a>!<\/p>\n<p class=\"tv3-fw-500\">Zi\u0146o par k\u013c\u016bdu rakst\u0101<\/p>\n<p class=\"d-md-block d-none\">Iez\u012bm\u0113 k\u013c\u016bdaino tekstu un spied Ctrl+Enter.<\/p>\n<p class=\"d-md-none d-block\">Iez\u012bm\u0113 k\u013c\u016bdaino tekstu un zi\u0146o par to!<\/p>\n","protected":false},"excerpt":{"rendered":"Beilenai z\u0101les izrakst\u012bja \u0101rsts, kad vi\u0146a negaid\u012bti pie\u0146\u0113m\u0101s svar\u0101 par vair\u0101k nek\u0101 devi\u0146iem kilogramiem, jo lietoja garast\u0101vok\u013ca sv\u0101rst\u012bbu&hellip;\n","protected":false},"author":2,"featured_media":91788,"comment_status":"","ping_status":"","sticky":false,"template":"","format":"standard","meta":{"footnotes":""},"categories":[19],"tags":[23076,89,90,35,39,38,36,37,34,40],"class_list":{"0":"post-91787","1":"post","2":"type-post","3":"status-publish","4":"format-standard","5":"has-post-thumbnail","7":"category-izklaide","8":"tag-atklati-par-beilenubeilena-duprego3liekais-svarsskaties-go3","9":"tag-entertainment","10":"tag-izklaide","11":"tag-latvia","12":"tag-latvian","13":"tag-latviesu","14":"tag-latviesu-valoda","15":"tag-latviesuvaloda","16":"tag-latvija","17":"tag-lv"},"share_on_mastodon":{"url":"https:\/\/pubeurope.com\/@lv\/115820377082382811","error":""},"_links":{"self":[{"href":"https:\/\/www.europesays.com\/lv\/wp-json\/wp\/v2\/posts\/91787","targetHints":{"allow":["GET"]}}],"collection":[{"href":"https:\/\/www.europesays.com\/lv\/wp-json\/wp\/v2\/posts"}],"about":[{"href":"https:\/\/www.europesays.com\/lv\/wp-json\/wp\/v2\/types\/post"}],"author":[{"embeddable":true,"href":"https:\/\/www.europesays.com\/lv\/wp-json\/wp\/v2\/users\/2"}],"replies":[{"embeddable":true,"href":"https:\/\/www.europesays.com\/lv\/wp-json\/wp\/v2\/comments?post=91787"}],"version-history":[{"count":0,"href":"https:\/\/www.europesays.com\/lv\/wp-json\/wp\/v2\/posts\/91787\/revisions"}],"wp:featuredmedia":[{"embeddable":true,"href":"https:\/\/www.europesays.com\/lv\/wp-json\/wp\/v2\/media\/91788"}],"wp:attachment":[{"href":"https:\/\/www.europesays.com\/lv\/wp-json\/wp\/v2\/media?parent=91787"}],"wp:term":[{"taxonomy":"category","embeddable":true,"href":"https:\/\/www.europesays.com\/lv\/wp-json\/wp\/v2\/categories?post=91787"},{"taxonomy":"post_tag","embeddable":true,"href":"https:\/\/www.europesays.com\/lv\/wp-json\/wp\/v2\/tags?post=91787"}],"curies":[{"name":"wp","href":"https:\/\/api.w.org\/{rel}","templated":true}]}}