{"id":91789,"date":"2026-01-01T14:46:07","date_gmt":"2026-01-01T14:46:07","guid":{"rendered":"https:\/\/www.europesays.com\/lv\/91789\/"},"modified":"2026-01-01T14:46:07","modified_gmt":"2026-01-01T14:46:07","slug":"krievijas-specdienestiem-neveiksme-rdk-komandieris-kapustins-tomer-ir-dzivs","status":"publish","type":"post","link":"https:\/\/www.europesays.com\/lv\/91789\/","title":{"rendered":"&#8220;Krievijas specdienestiem neveiksme.&#8221; RDK komandieris Kapustins tom\u0113r ir dz\u012bvs"},"content":{"rendered":"<p>HUR veiktaj\u0101 &#8220;sare\u017e\u0123\u012btaj\u0101 speci\u0101laj\u0101 oper\u0101cij\u0101, kas ilga vair\u0101k nek\u0101 m\u0113nesi, tika izgl\u0101bta RDK komandiera Denisa Kapustina dz\u012bv\u012bba (..) un noskaidrots personu loks &#8211; nozieguma pas\u016bt\u012bt\u0101ji Krievijas specdienestos un izpild\u012bt\u0101ji&#8221;, teikts HUR pazi\u0146ojum\u0101.<\/p>\n<p>HUR publiskojusi ar\u012b videoierakstu, kur\u0101 redzams Kapustins.<\/p>\n<p>27. decembr\u012b tika v\u0113st\u012bts, ka Ukrain\u0101 kritis Ukrainas pus\u0113 karojo\u0161\u0101 Krievu br\u012bvpr\u0101t\u012bgo korpusa (RDK) komandieris Deniss Kapustins, teikts korpusa pazi\u0146ojum\u0101.<\/p>\n<p>Kapustins kritis &#8220;Zapori\u017ejas virzien\u0101 kaujas uzdevuma izpild\u012b\u0161anas gait\u0101&#8221;, decembr\u012b nor\u0101d\u012bja RDK.<\/p>\n<p>Atbilsto\u0161i provizoriskajai inform\u0101cijai Kapustins zaud\u0113jis dz\u012bv\u012bbu FPV drona triecien\u0101, toreiz v\u0113st\u012bja mediji.<\/p>\n<p>Ukrainas pus\u0113 karo divi Krievijas pilso\u0146u milit\u0101rie form\u0113jumi &#8211; RDK un le\u0123ions &#8220;Krievijas br\u012bv\u012bba&#8221;.<\/p>\n<p>Kop\u0101 ar vec\u0101kiem Kapustins vair\u0101kus gadus dz\u012bvojis Rietumeirop\u0101, m\u0101c\u012bjies N\u012bderland\u0113 un V\u0101cij\u0101.<\/p>\n<p>2014. gad\u0101 atbraucis uz Kijivu Eiromaidana laik\u0101, bet p\u0113c Cie\u0146as revol\u016bcijas teicis, ka ir p\u0101rliecin\u0101jies &#8211; &#8220;br\u012bv\u012bba v\u0101rda piln\u0101 noz\u012bm\u0113 ir sinon\u012bms Ukrainai&#8221;, par karav\u012bra dz\u012bvi raksta zi\u0146u a\u0123ent\u016bra &#8220;Interfax-Ukraina&#8221;.<\/p>\n","protected":false},"excerpt":{"rendered":"HUR veiktaj\u0101 &#8220;sare\u017e\u0123\u012btaj\u0101 speci\u0101laj\u0101 oper\u0101cij\u0101, kas ilga vair\u0101k nek\u0101 m\u0113nesi, tika izgl\u0101bta RDK komandiera Denisa Kapustina dz\u012bv\u012bba (..)&hellip;\n","protected":false},"author":2,"featured_media":91790,"comment_status":"","ping_status":"","sticky":false,"template":"","format":"standard","meta":{"footnotes":""},"categories":[14],"tags":[23,57,28,29,32,33,22,234,74,30,31,35,39,38,36,37,34,40,20,26,27,24,25,276,54,55,56,21,58],"class_list":{"0":"post-91789","1":"post","2":"type-post","3":"status-publish","4":"format-standard","5":"has-post-thumbnail","7":"category-zinas-no-arvalstim","8":"tag-aktualitates","9":"tag-arvalstim","10":"tag-breaking-news","11":"tag-breakingnews","12":"tag-featured-news","13":"tag-featurednews","14":"tag-headlines","15":"tag-krievija","16":"tag-krievijas-iebrukums-ukraina","17":"tag-latest-news","18":"tag-latestnews","19":"tag-latvia","20":"tag-latvian","21":"tag-latviesu","22":"tag-latviesu-valoda","23":"tag-latviesuvaloda","24":"tag-latvija","25":"tag-lv","26":"tag-news","27":"tag-popularakas-zinas","28":"tag-popularakaszinas","29":"tag-top-stories","30":"tag-topstories","31":"tag-ukraina","32":"tag-world","33":"tag-world-news","34":"tag-worldnews","35":"tag-zinas","36":"tag-zinas-no-arvalstim"},"share_on_mastodon":{"url":"https:\/\/pubeurope.com\/@lv\/115820389270869839","error":""},"_links":{"self":[{"href":"https:\/\/www.europesays.com\/lv\/wp-json\/wp\/v2\/posts\/91789","targetHints":{"allow":["GET"]}}],"collection":[{"href":"https:\/\/www.europesays.com\/lv\/wp-json\/wp\/v2\/posts"}],"about":[{"href":"https:\/\/www.europesays.com\/lv\/wp-json\/wp\/v2\/types\/post"}],"author":[{"embeddable":true,"href":"https:\/\/www.europesays.com\/lv\/wp-json\/wp\/v2\/users\/2"}],"replies":[{"embeddable":true,"href":"https:\/\/www.europesays.com\/lv\/wp-json\/wp\/v2\/comments?post=91789"}],"version-history":[{"count":0,"href":"https:\/\/www.europesays.com\/lv\/wp-json\/wp\/v2\/posts\/91789\/revisions"}],"wp:featuredmedia":[{"embeddable":true,"href":"https:\/\/www.europesays.com\/lv\/wp-json\/wp\/v2\/media\/91790"}],"wp:attachment":[{"href":"https:\/\/www.europesays.com\/lv\/wp-json\/wp\/v2\/media?parent=91789"}],"wp:term":[{"taxonomy":"category","embeddable":true,"href":"https:\/\/www.europesays.com\/lv\/wp-json\/wp\/v2\/categories?post=91789"},{"taxonomy":"post_tag","embeddable":true,"href":"https:\/\/www.europesays.com\/lv\/wp-json\/wp\/v2\/tags?post=91789"}],"curies":[{"name":"wp","href":"https:\/\/api.w.org\/{rel}","templated":true}]}}