{"id":91791,"date":"2026-01-01T14:47:07","date_gmt":"2026-01-01T14:47:07","guid":{"rendered":"https:\/\/www.europesays.com\/lv\/91791\/"},"modified":"2026-01-01T14:47:07","modified_gmt":"2026-01-01T14:47:07","slug":"ar-liksmam-svinibam-vecrigas-laukumos-sagaidits-2026-gads","status":"publish","type":"post","link":"https:\/\/www.europesays.com\/lv\/91791\/","title":{"rendered":"Ar l\u012bksm\u0101m svin\u012bb\u0101m Vecr\u012bgas laukumos sagaid\u012bts 2026. gads"},"content":{"rendered":"<p class=\"text-align-justify\">Galvaspils\u0113tas iedz\u012bvot\u0101ji un viesi sagaid\u012bju\u0161i 2026. gadu l\u012bksm\u0101s svin\u012bb\u0101s Vecr\u012bgas laukumos: R\u0101tslaukum\u0101, L\u012bvu laukum\u0101, Pils laukum\u0101, laukum\u0101 pie Pulvertor\u0146a, 11. novembra krastmalas paral\u0113laj\u0101 iel\u0101 starp Po\u013cu un B\u012bskapa g\u0101ti, k\u0101 ar\u012b Ka\u013c\u0137u ielas posm\u0101 starp Va\u013c\u0146u ielu un Aspazijas bulv\u0101ri.\u00a0<\/p>\n<p class=\"text-align-justify\">P\u0113c organizatoru apl\u0113s\u0113m, Jauno gadu Vecr\u012bgas laukumos sagaid\u012bja ap 20 000 r\u012bdzinieku un pils\u0113tas viesu.\u00a0<\/p>\n<p class=\"text-align-justify\">Vecr\u012bgas laukumos par dej\u0101m un sv\u0113tku garu r\u016bp\u0113j\u0101s gan Latvij\u0101, gan \u0101rvalst\u012bs popul\u0101ri un iem\u012b\u013coti DJ \u2013 Ozols (DJ Sets), DJ Gustavito, DJ Linda Samsonova, DJ Aspirins, DJ All-Viss un MC Valters Krauze.\u00a0<\/p>\n<p class=\"text-align-justify\">Pas\u0101kuma laik\u0101 katr\u0101 laukum\u0101 norisin\u0101j\u0101s vienota audiovizu\u0101la performance, kur\u0101 DJ muzik\u0101lais sniegums tika sinhroniz\u0113ts ar VJ vizu\u0101laj\u0101m projekcij\u0101m uz \u0113ku fas\u0101d\u0113m, veidojot unik\u0101lu multimedi\u0101lu piedz\u012bvojumu. Iedz\u012bvot\u0101ji tika iepriecin\u0101ti ar daudzveid\u012bgu muzik\u0101lo pied\u0101v\u0101jumu \u2013 elektronisko m\u016bziku ar afro, latino, funk un disco noska\u0146\u0101m, hip-hop, trap un house m\u016bziku u.c.\u00a0<\/p>\n<p class=\"text-align-justify\">Inform\u0101ciju sagatavoja: Ineta Migl\u0101ne, R\u012bgas pa\u0161vald\u012bbas Komunik\u0101cijas p\u0101rvaldes \u0100r\u0113j\u0101s komunik\u0101cijas noda\u013cas projektu koordinatore, t\u0101lrunis: 29363334, e-pasts: <a href=\"https:\/\/www.riga.lv\/lv\/jaunums\/mailto:ineta.miglane@riga.lv\" rel=\"nofollow noopener\" target=\"_blank\">ineta.miglane@riga.lv<\/a>.\u00a0\u00a0 \u00a0<\/p>\n","protected":false},"excerpt":{"rendered":"Galvaspils\u0113tas iedz\u012bvot\u0101ji un viesi sagaid\u012bju\u0161i 2026. gadu l\u012bksm\u0101s svin\u012bb\u0101s Vecr\u012bgas laukumos: R\u0101tslaukum\u0101, L\u012bvu laukum\u0101, Pils laukum\u0101, laukum\u0101 pie&hellip;\n","protected":false},"author":2,"featured_media":91792,"comment_status":"","ping_status":"","sticky":false,"template":"","format":"standard","meta":{"footnotes":""},"categories":[12],"tags":[23,28,29,32,33,22,30,31,35,39,38,36,37,34,40,20,26,27,24,25,21],"class_list":{"0":"post-91791","1":"post","2":"type-post","3":"status-publish","4":"format-standard","5":"has-post-thumbnail","7":"category-latvija","8":"tag-aktualitates","9":"tag-breaking-news","10":"tag-breakingnews","11":"tag-featured-news","12":"tag-featurednews","13":"tag-headlines","14":"tag-latest-news","15":"tag-latestnews","16":"tag-latvia","17":"tag-latvian","18":"tag-latviesu","19":"tag-latviesu-valoda","20":"tag-latviesuvaloda","21":"tag-latvija","22":"tag-lv","23":"tag-news","24":"tag-popularakas-zinas","25":"tag-popularakaszinas","26":"tag-top-stories","27":"tag-topstories","28":"tag-zinas"},"share_on_mastodon":{"url":"https:\/\/pubeurope.com\/@lv\/115820392991517528","error":""},"_links":{"self":[{"href":"https:\/\/www.europesays.com\/lv\/wp-json\/wp\/v2\/posts\/91791","targetHints":{"allow":["GET"]}}],"collection":[{"href":"https:\/\/www.europesays.com\/lv\/wp-json\/wp\/v2\/posts"}],"about":[{"href":"https:\/\/www.europesays.com\/lv\/wp-json\/wp\/v2\/types\/post"}],"author":[{"embeddable":true,"href":"https:\/\/www.europesays.com\/lv\/wp-json\/wp\/v2\/users\/2"}],"replies":[{"embeddable":true,"href":"https:\/\/www.europesays.com\/lv\/wp-json\/wp\/v2\/comments?post=91791"}],"version-history":[{"count":0,"href":"https:\/\/www.europesays.com\/lv\/wp-json\/wp\/v2\/posts\/91791\/revisions"}],"wp:featuredmedia":[{"embeddable":true,"href":"https:\/\/www.europesays.com\/lv\/wp-json\/wp\/v2\/media\/91792"}],"wp:attachment":[{"href":"https:\/\/www.europesays.com\/lv\/wp-json\/wp\/v2\/media?parent=91791"}],"wp:term":[{"taxonomy":"category","embeddable":true,"href":"https:\/\/www.europesays.com\/lv\/wp-json\/wp\/v2\/categories?post=91791"},{"taxonomy":"post_tag","embeddable":true,"href":"https:\/\/www.europesays.com\/lv\/wp-json\/wp\/v2\/tags?post=91791"}],"curies":[{"name":"wp","href":"https:\/\/api.w.org\/{rel}","templated":true}]}}