{"id":91795,"date":"2026-01-01T14:51:10","date_gmt":"2026-01-01T14:51:10","guid":{"rendered":"https:\/\/www.europesays.com\/lv\/91795\/"},"modified":"2026-01-01T14:51:10","modified_gmt":"2026-01-01T14:51:10","slug":"nezinams-uzbrucejs-nozadzis-eiropas-kosmosa-agenturas-datus-par-citplanetu-atmosferam","status":"publish","type":"post","link":"https:\/\/www.europesays.com\/lv\/91795\/","title":{"rendered":"Nezin\u0101ms uzbruc\u0113js nozadzis Eiropas Kosmosa a\u0123ent\u016bras datus par citplan\u0113tu atmosf\u0113r\u0101m"},"content":{"rendered":"<p>Eiropas Kosmosa a\u0123ent\u016bra (ESA) apstiprin\u0101ja dro\u0161\u012bbas p\u0101rk\u0101pumu savos zin\u0101tniskajos serveros p\u0113c tam, kad soci\u0101lajos t\u012bklos par\u0101d\u012bj\u0101s zi\u0146as par pla\u0161u datu nopl\u016bdi.<\/p>\n<p>Nezin\u0101ms uzbruc\u0113js pazi\u0146oja, ka ieguvis piek\u013cuvi ESA sist\u0113m\u0101m un nozadzis aptuveni 200 GB inform\u0101cijas, tostarp konfidenci\u0101lus dokumentus un tehniskos datus.<\/p>\n<p>Saska\u0146\u0101 ar Francijas kiberdro\u0161\u012bbas speci\u0101lista Seba Latoma publik\u0101cij\u0101m, uzbruc\u0113js apgalvo, ka vi\u0146am izdevies ieg\u016bt programmat\u016bras avota kodu, API \u017eetonus, piek\u013cuves \u017eetonus da\u017e\u0101d\u0101m ESA sist\u0113m\u0101m, k\u0101 ar\u012b konfigur\u0101cijas failus un paroles.<\/p>\n<p>Uzbruc\u0113ja tum\u0161aj\u0101 t\u012bmekl\u012b public\u0113tie ekr\u0101nuz\u0146\u0113mumi ar\u012b liecina par iesp\u0113jamu datu nopl\u016bdi, kas saist\u012bta ar ARIEL misijas apak\u0161sist\u0113m\u0101m, kuras paredz\u0113tas eksoplan\u0113tu atmosf\u0113ru izp\u0113tei, k\u0101 ar\u012b ar \u00abAirbus\u00bb materi\u0101liem, kas dat\u0113ti ar 2015. gadu un atz\u012bm\u0113ti k\u0101 konfidenci\u0101li.<\/p>\n<p>Tom\u0113r ESA pazi\u0146oja, ka s\u0101kotn\u0113j\u0101 anal\u012bze atkl\u0101jusi tikai ierobe\u017eotu skaitu skartu zin\u0101tnisko serveru, kas atrodas \u0101rpus a\u0123ent\u016bras korporat\u012bv\u0101 t\u012bkla. \u0160ie serveri tiek izmantoti nekonfidenci\u0101lai kop\u0113jai in\u017eeniertehniskai un zin\u0101tniskai darb\u012bbai zin\u0101tniskaj\u0101 kopien\u0101, kas samazina riskus kritiskajai infrastrukt\u016brai.<\/p>\n<p>\u0160is nav pirmais incidents, kur\u0101 iesaist\u012btas ESA \u0101r\u0113j\u0101s platformas: 2024. gada decembr\u012b a\u0123ent\u016bras tie\u0161saistes veikals, ko p\u0101rvald\u012bja tre\u0161\u0101s puses pakalpojumu sniedz\u0113js, tika uzlauzts, lai veiktu kr\u0101pnieciskas maks\u0101\u0161anas darb\u012bbas. ESA pazi\u0146oja, ka ieinteres\u0113t\u0101s puses ir inform\u0113tas un \u012bstermi\u0146a pas\u0101kumi potenci\u0101li ievainojamo sist\u0113mu aizsardz\u012bbai jau veikti.<\/p>\n<p>\n                            Valodas k\u013c\u016bda rakst\u0101?<br \/>Iez\u012bm\u0113jiet tekstu un spiediet Zi\u0146ot par k\u013c\u016bdu pogas   , lai nos\u016bt\u012btu labojamo teksta fragmentu redaktoram!<\/p>\n<p>                                Zi\u0146ot par k\u013c\u016bdu<\/p>\n","protected":false},"excerpt":{"rendered":"Eiropas Kosmosa a\u0123ent\u016bra (ESA) apstiprin\u0101ja dro\u0161\u012bbas p\u0101rk\u0101pumu savos zin\u0101tniskajos serveros p\u0113c tam, kad soci\u0101lajos t\u012bklos par\u0101d\u012bj\u0101s zi\u0146as par&hellip;\n","protected":false},"author":2,"featured_media":91796,"comment_status":"","ping_status":"","sticky":false,"template":"","format":"standard","meta":{"footnotes":""},"categories":[16],"tags":[77,76,35,39,38,36,37,34,40],"class_list":{"0":"post-91795","1":"post","2":"type-post","3":"status-publish","4":"format-standard","5":"has-post-thumbnail","7":"category-bizness","8":"tag-bizness","9":"tag-business","10":"tag-latvia","11":"tag-latvian","12":"tag-latviesu","13":"tag-latviesu-valoda","14":"tag-latviesuvaloda","15":"tag-latvija","16":"tag-lv"},"share_on_mastodon":{"url":"https:\/\/pubeurope.com\/@lv\/115820408646872421","error":""},"_links":{"self":[{"href":"https:\/\/www.europesays.com\/lv\/wp-json\/wp\/v2\/posts\/91795","targetHints":{"allow":["GET"]}}],"collection":[{"href":"https:\/\/www.europesays.com\/lv\/wp-json\/wp\/v2\/posts"}],"about":[{"href":"https:\/\/www.europesays.com\/lv\/wp-json\/wp\/v2\/types\/post"}],"author":[{"embeddable":true,"href":"https:\/\/www.europesays.com\/lv\/wp-json\/wp\/v2\/users\/2"}],"replies":[{"embeddable":true,"href":"https:\/\/www.europesays.com\/lv\/wp-json\/wp\/v2\/comments?post=91795"}],"version-history":[{"count":0,"href":"https:\/\/www.europesays.com\/lv\/wp-json\/wp\/v2\/posts\/91795\/revisions"}],"wp:featuredmedia":[{"embeddable":true,"href":"https:\/\/www.europesays.com\/lv\/wp-json\/wp\/v2\/media\/91796"}],"wp:attachment":[{"href":"https:\/\/www.europesays.com\/lv\/wp-json\/wp\/v2\/media?parent=91795"}],"wp:term":[{"taxonomy":"category","embeddable":true,"href":"https:\/\/www.europesays.com\/lv\/wp-json\/wp\/v2\/categories?post=91795"},{"taxonomy":"post_tag","embeddable":true,"href":"https:\/\/www.europesays.com\/lv\/wp-json\/wp\/v2\/tags?post=91795"}],"curies":[{"name":"wp","href":"https:\/\/api.w.org\/{rel}","templated":true}]}}