{"id":91797,"date":"2026-01-01T14:52:11","date_gmt":"2026-01-01T14:52:11","guid":{"rendered":"https:\/\/www.europesays.com\/lv\/91797\/"},"modified":"2026-01-01T14:52:11","modified_gmt":"2026-01-01T14:52:11","slug":"kapec-holivudas-zvaigznes-parvacas-uz-citam-valstim-2025-gada-2","status":"publish","type":"post","link":"https:\/\/www.europesays.com\/lv\/91797\/","title":{"rendered":"K\u0101p\u0113c Holivudas zvaigznes p\u0101rv\u0101cas uz cit\u0101m valst\u012bm 2025. gad\u0101"},"content":{"rendered":"<p class=\"descr\">Amerik\u0101\u0146u zvaigznes arvien bie\u017e\u0101k izv\u0113las dz\u012bvot \u0101rpus ASV un Holivudas, ieg\u016bstot pilson\u012bbu cit\u0101s valst\u012bs. Da\u017eas mekl\u0113 klus\u0101ku dz\u012bvi, bet citas pie\u0146em \u0161o l\u0113mumu politisku iemeslu d\u0113\u013c. RBC zi\u0146o par zvaigzn\u0113m, kuras ir main\u012bju\u0161as vai pl\u0101no main\u012bt savu pilson\u012bbu.<\/p>\n<p>\t\t\t\t\t\t\t\t\t\t\t\t\t\t\t\tD\u017eesijs Eizenbergs <\/p>\n<p>Filmas &#8220;Tagad tu mani redzi&#8221; zvaigzne ieguva Polijas pilson\u012bbu 2025. gad\u0101. Vi\u0146\u0161 sp\u0113ra \u0161o soli savas izcelsmes d\u0113\u013c &#8211; Eizenberga sen\u010di dz\u012bvoja neliel\u0101 Polijas ciemat\u0101, bet Otr\u0101 pasaules kara laik\u0101 emigr\u0113ja uz ASV. Lai atjaunotu saikni ar sav\u0101m sakn\u0113m, vi\u0146\u0161 2024. gad\u0101 pieteic\u0101s pasei un galu gal\u0101 to sa\u0146\u0113ma person\u012bgi no toreiz\u0113j\u0101 prezidenta And\u017eeja Dudas.<\/p>\n<p> D\u017eimijs Kimels <\/p>\n<p>Amerik\u0101\u0146u TV vad\u012bt\u0101js ieguva It\u0101lijas pilson\u012bbu, pateicoties savai izcelsmei, k\u0101 vi\u0146\u0161 atkl\u0101ja \u0161ogad podk\u0101st\u0101. Vi\u0146\u0161 nol\u0113ma ieg\u016bt papildu pasi p\u0113c Donalda Trampa atk\u0101rtotas iev\u0113l\u0113\u0161anas par ASV prezidentu.<\/p>\n<p> Rozija O&#8217;Donela <\/p>\n<p>Aktrise un TV vad\u012bt\u0101ja p\u0101rc\u0113l\u0101s uz \u012ariju 2025. gada janv\u0101r\u012b p\u0113c ASV v\u0113l\u0113\u0161anu rezult\u0101tiem. Tur vi\u0146a s\u0101ka pilson\u012bbas ieg\u016b\u0161anas procesu, izmantojot savu vecvec\u0101ku sen\u010dus. Zvaigzne ir paz\u012bstama ar savu atkl\u0101to kritiku Trampa politikai. J\u016blij\u0101 vi\u0146a pat &#8220;apsv\u0113ra&#8221; iesp\u0113ju at\u0146emt vi\u0146ai pilson\u012bbu, lai gan tas konstitucion\u0101li nav iesp\u0113jams.<\/p>\n<p> D\u017eord\u017es Kl\u016bnijs <\/p>\n<p>Aktieris <a href=\"https:\/\/nra.lv\/tautaruna\/slavenibas\/509478-dzordzs-klunijs-partrauc-filmeties-romantiskajas-filmas-iemesli-un-atzinas.htm\" data-item-link=\"true\" data-item-id=\"509478\" rel=\"nofollow noopener\" target=\"_blank\">D\u017eord\u017es Kl\u016bnijs<\/a> un re\u017eisors kop\u0101 ar sievu Am\u0101lu un b\u0113rniem decembra beig\u0101s ieguva Francijas pilson\u012bbu. \u0122imenei ir cie\u0161as saites ar \u0161o valsti, un vi\u0146i daudz laika pavada sav\u0101 saimniec\u012bb\u0101. Tas vi\u0146iem dod iesp\u0113ju dz\u012bvot norm\u0101lu dz\u012bvi un audzin\u0101t savus b\u0113rnus p\u0113c iesp\u0113jas t\u0101l\u0101k no Holivudas.<\/p>\n<p> Kortnija Lova <\/p>\n<p>Amerik\u0101\u0146u dzied\u0101t\u0101ja nol\u0113ma ieg\u016bt jaunu pasi p\u0113c Donalda Trampa uzvaras prezidenta v\u0113l\u0113\u0161an\u0101s. \u0160\u012b gada mart\u0101 vi\u0146a pieteic\u0101s Lielbrit\u0101nijas pilson\u012bbai. Kop\u0161 2019. gada vi\u0146a dz\u012bvo London\u0101 un ir atkl\u0101ti paudusi v\u0113lmi p\u0101rcelties uz past\u0101v\u012bgu dz\u012bvi, jo nepiekr\u012bt pa\u0161reiz\u0113j\u0101s ASV administr\u0101cijas politikai.<\/p>\n<p> D\u017eeimss Kamerons <\/p>\n<p>Oskara balvas ieguv\u0113js re\u017eisors ofici\u0101li k\u013cuva par Jaunz\u0113landes pilsoni 2025. gada august\u0101. Vi\u0146\u0161 dz\u012bvo valst\u012b kop\u0161 2012. gada, saucot to par sav\u0101m rado\u0161aj\u0101m m\u0101j\u0101m, un str\u0101d\u0101 tur pie Avatar fran\u0161\u012bzes.<\/p>\n<p>Vi\u0146a l\u0113mumu ieg\u016bt Jaunz\u0113landes pasi da\u013c\u0113ji ietekm\u0113ja <a href=\"https:\/\/nra.lv\/birka\/donalds-tramps\/\" rel=\"nofollow noopener\" target=\"_blank\">Donalda Trampa<\/a> atgrie\u0161an\u0101s prezidenta amat\u0101. Tit\u0101nika veidot\u0101jam, kuram ir ar\u012b Kan\u0101das pilson\u012bba, tas sniedz iesp\u0113ju distanc\u0113ties no politisk\u0101s situ\u0101cijas ASV.<\/p>\n<p>\t\t\t\t\t\tinfo<\/p>\n<p>Uzzini pirmais<br \/>kas interesants noticis Latvij\u0101 un pasaul\u0113,<br \/>pievienojoties mums <a href=\"https:\/\/t.me\/neatkariga\" rel=\"nofollow\">Telegram<\/a> vai <a href=\"https:\/\/whatsapp.com\/channel\/0029VaMLFUH5K3zLU5s4wm3y\" rel=\"nofollow noopener\" target=\"_blank\">Whatsapp<\/a> kan\u0101l\u0101<\/p>\n","protected":false},"excerpt":{"rendered":"Amerik\u0101\u0146u zvaigznes arvien bie\u017e\u0101k izv\u0113las dz\u012bvot \u0101rpus ASV un Holivudas, ieg\u016bstot pilson\u012bbu cit\u0101s valst\u012bs. Da\u017eas mekl\u0113 klus\u0101ku dz\u012bvi,&hellip;\n","protected":false},"author":2,"featured_media":91726,"comment_status":"","ping_status":"","sticky":false,"template":"","format":"standard","meta":{"footnotes":""},"categories":[14],"tags":[23,57,28,29,32,33,22,30,31,35,39,38,36,37,34,40,20,26,27,24,25,54,55,56,21,58],"class_list":{"0":"post-91797","1":"post","2":"type-post","3":"status-publish","4":"format-standard","5":"has-post-thumbnail","7":"category-zinas-no-arvalstim","8":"tag-aktualitates","9":"tag-arvalstim","10":"tag-breaking-news","11":"tag-breakingnews","12":"tag-featured-news","13":"tag-featurednews","14":"tag-headlines","15":"tag-latest-news","16":"tag-latestnews","17":"tag-latvia","18":"tag-latvian","19":"tag-latviesu","20":"tag-latviesu-valoda","21":"tag-latviesuvaloda","22":"tag-latvija","23":"tag-lv","24":"tag-news","25":"tag-popularakas-zinas","26":"tag-popularakaszinas","27":"tag-top-stories","28":"tag-topstories","29":"tag-world","30":"tag-world-news","31":"tag-worldnews","32":"tag-zinas","33":"tag-zinas-no-arvalstim"},"share_on_mastodon":{"url":"https:\/\/pubeurope.com\/@lv\/115820412544315241","error":""},"_links":{"self":[{"href":"https:\/\/www.europesays.com\/lv\/wp-json\/wp\/v2\/posts\/91797","targetHints":{"allow":["GET"]}}],"collection":[{"href":"https:\/\/www.europesays.com\/lv\/wp-json\/wp\/v2\/posts"}],"about":[{"href":"https:\/\/www.europesays.com\/lv\/wp-json\/wp\/v2\/types\/post"}],"author":[{"embeddable":true,"href":"https:\/\/www.europesays.com\/lv\/wp-json\/wp\/v2\/users\/2"}],"replies":[{"embeddable":true,"href":"https:\/\/www.europesays.com\/lv\/wp-json\/wp\/v2\/comments?post=91797"}],"version-history":[{"count":0,"href":"https:\/\/www.europesays.com\/lv\/wp-json\/wp\/v2\/posts\/91797\/revisions"}],"wp:featuredmedia":[{"embeddable":true,"href":"https:\/\/www.europesays.com\/lv\/wp-json\/wp\/v2\/media\/91726"}],"wp:attachment":[{"href":"https:\/\/www.europesays.com\/lv\/wp-json\/wp\/v2\/media?parent=91797"}],"wp:term":[{"taxonomy":"category","embeddable":true,"href":"https:\/\/www.europesays.com\/lv\/wp-json\/wp\/v2\/categories?post=91797"},{"taxonomy":"post_tag","embeddable":true,"href":"https:\/\/www.europesays.com\/lv\/wp-json\/wp\/v2\/tags?post=91797"}],"curies":[{"name":"wp","href":"https:\/\/api.w.org\/{rel}","templated":true}]}}