{"id":91798,"date":"2026-01-01T14:53:14","date_gmt":"2026-01-01T14:53:14","guid":{"rendered":"https:\/\/www.europesays.com\/lv\/91798\/"},"modified":"2026-01-01T14:53:14","modified_gmt":"2026-01-01T14:53:14","slug":"latvijas-zurnalistu-asociacija-nosoda-rezeknes-domes-ricibu-attieciba-pret-zurnalistu-bikovski-un-lsm-darbu","status":"publish","type":"post","link":"https:\/\/www.europesays.com\/lv\/91798\/","title":{"rendered":"Latvijas \u017durn\u0101listu asoci\u0101cija nosoda R\u0113zeknes domes r\u012bc\u012bbu attiec\u012bb\u0101 pret \u017eurn\u0101listu Bikovski un LSM darbu"},"content":{"rendered":"<p>                        <img fetchpriority=\"high\" decoding=\"async\" width=\"1024\" height=\"683\" src=\"https:\/\/www.europesays.com\/lv\/wp-content\/uploads\/2026\/01\/Rezeknes-domes-eka_public-1024x683.jpg\" alt=\"\" class=\"wp-image-1088697\"  \/>R\u0113zeknes domes \u0113ka. Publicit\u0101tes foto.<\/p>\n<p>Latvijas \u017durn\u0101listu asoci\u0101cija nosoda R\u0113zeknes domes r\u012bc\u012bbu attiec\u012bb\u0101 pret \u017eurn\u0101listu Teni Bikovski un Latvijas Sabiedrisk\u0101 medija (LSM) darbu, a\u0123ent\u016brai LETA pauda asoci\u0101cij\u0101.<\/p>\n<p>Otrdien, 30. decembr\u012b, R\u0113zeknes pa\u0161vald\u012bb\u0101 notika darba grupas k\u0101rt\u0113j\u0101 s\u0113de, lai izv\u0113rt\u0113tu pa\u0161vald\u012bbas kapit\u0101lsabiedr\u012bbas SIA \u201cAustrumlatvijas koncertz\u0101le\u201d un pa\u0161vald\u012bbas a\u0123ent\u016bras \u201cR\u0113zeknes kult\u016bras un t\u016brisma centrs\u201d turpm\u0101k\u0101s darb\u012bbas mode\u013cus, ta\u010du t\u0101 tika p\u0101rtraukta.<\/p>\n<p>P\u0113c R\u0113zeknes pa\u0161vald\u012bb\u0101 skaidrot\u0101, s\u0113de p\u0101rtraukta rea\u0123\u0113jot uz Latvijas Radio Latgales studijas \u017eurn\u0101lista Bikovska izr\u0101d\u012bto necie\u0146u, provokat\u012bvo uzved\u012bbu un apzin\u0101tu darba grupas norises trauc\u0113\u0161anu. \u201cMin\u0113tais \u017eurn\u0101lists, ignor\u0113jot visp\u0101rpie\u0146emt\u0101s uzved\u012bbas normas un trauc\u0113jot darba grupas darbu, neskatoties uz atk\u0101rtotiem l\u016bgumiem atst\u0101t s\u0113\u017eu z\u0101li, atteic\u0101s p\u0101rtraukt film\u0113\u0161anu. T\u0101pat Bikovskis demonstr\u0113ja atkl\u0101tu un uzkr\u012bto\u0161u necie\u0146u pret atsevi\u0161\u0137iem darba grupas locek\u013ciem, ignor\u0113jot element\u0101ras profesion\u0101l\u0101s komunik\u0101cijas normas,\u201d pausts pa\u0161vald\u012bbas publiskotaj\u0101 inform\u0101cij\u0101.<\/p>\n<p>T\u0101pat pa\u0161vald\u012bb\u0101 zi\u0146o, ka par rupju darba procesa k\u0101rt\u012bbas trauc\u0113\u0161anu ir iesniegts iesniegums Valsts policij\u0101 un l\u016bgts par \u0161o faktu s\u0101kt krimin\u0101lprocesu.<\/p>\n<p>Vienlaikus Latvijas \u017durn\u0101listu asoci\u0101cij\u0101 uzsv\u0113ra, ka pa\u0161vald\u012bbas atteikums uzr\u0101d\u012bt jebk\u0101du tiesisku pamatojumu darba grupas sl\u0113g\u0161anai, sekojo\u0161\u0101 s\u0113des p\u0101rtrauk\u0161ana un policijas iesaist\u012b\u0161ana, lai piespiestu \u017eurn\u0101listu pamest telpu, ir klaja varas patva\u013ca.<\/p>\n<p>\u201c\u0160\u0101da r\u012bc\u012bba p\u0101rk\u0101pj gan Satversm\u0113 nostiprin\u0101t\u0101s ties\u012bbas uz v\u0101rda br\u012bv\u012bbu, gan starptautisk\u0101s saist\u012bbas, kuras Latvija ir uz\u0146\u0113musies attiec\u012bb\u0101 uz preses aizsardz\u012bbu,\u201d uzsver asoci\u0101cij\u0101.<\/p>\n<p>Latvijas \u017durn\u0101listu asoci\u0101cij\u0101 atz\u012bm\u0113, ka notiku\u0161ais nav uzskat\u0101ms par atsevi\u0161\u0137u p\u0101rpratumu vai komunik\u0101cijas k\u013c\u016bmi \u2013 tas ir apzin\u0101ts un sist\u0113misks m\u0113\u0123in\u0101jums ierobe\u017eot preses br\u012bv\u012bbu, iebied\u0113t \u017eurn\u0101listu un liegt sabiedr\u012bbai piek\u013cuvi inform\u0101cijai par b\u016btiskiem politiskiem un finan\u0161u l\u0113mumiem.<\/p>\n<p>P\u0113c asoci\u0101cij\u0101 paust\u0101, \u012bpa\u0161i b\u012bstami ir tas, ka \u0161\u012bs darb\u012bbas tiek veiktas laik\u0101, kad sabiedr\u012bbas uzman\u012bbas centr\u0101 ir Latgales koncertz\u0101les \u201cGors\u201d n\u0101kotnes p\u0101rvald\u012bba un l\u0113mumi par pa\u0161vald\u012bbas kapit\u0101lsabiedr\u012bbu vad\u012bbu \u2013 jaut\u0101jumi, kas skar gan publisko l\u012bdzek\u013cu izlietojumu, gan pils\u0113tas kult\u016brpolitiku, gan politisko atbild\u012bbu. Tie\u0161i \u0161\u0101dos apst\u0101k\u013cos m\u0113\u0123in\u0101jumi blo\u0137\u0113t mediju darbu ir j\u0101v\u0113rt\u0113 k\u0101 apzin\u0101ta sabiedr\u012bbas ties\u012bbu uz inform\u0101ciju grau\u0161ana.<\/p>\n<p>T\u0101pat asoci\u0101cij\u0101 nor\u0101da, ka pa\u0161vald\u012bbas r\u012bkojum\u0101 skaidri paredz\u0113ta iesp\u0113ja darba grupas darb\u0101 iesaist\u012bt ekspertus, nevalstisk\u0101s organiz\u0101cijas un organiz\u0113t iedz\u012bvot\u0101ju viedok\u013ca noskaidro\u0161anu. T\u0101p\u0113c jebk\u0101ds apgalvojums, ka \u017eurn\u0101lista kl\u0101tb\u016btne esot nepamatota vai trauc\u0113jo\u0161a, ir ne tikai nepatiess, bet ar\u012b cinisks m\u0113\u0123in\u0101jums rad\u012bt form\u0101lu aizsegu politiski motiv\u0113tai r\u012bc\u012bbai.<\/p>\n<p>Latvijas \u017durn\u0101listu asoci\u0101cij\u0101 uzsver, ka \u0161\u0101dai r\u012bc\u012bbai ir skaidras \u013caunpr\u0101t\u012bgu tiesved\u012bbas procesu pret sabiedr\u012bbas l\u012bdzdal\u012bbu (SLAPP) iez\u012bmes \u2013 m\u0113\u0123in\u0101jums ar institucion\u0101liem resursiem, draudiem un reput\u0101cijas grau\u0161anu pan\u0101kt, lai \u017eurn\u0101lists attur\u0113tos no profesion\u0101lo pien\u0101kumu pild\u012b\u0161anas. \u201cTas ir viens no nopietn\u0101kajiem apdraud\u0113jumiem demokr\u0101tijai, jo rada vidi, kur\u0101 mediji tiek disciplin\u0113ti ar bail\u0113m, nevis vadoties p\u0113c likuma,\u201d nor\u0101da asoci\u0101cij\u0101.<\/p>\n<p>T\u0101pat asoci\u0101cij\u0101 atz\u012bm\u0113, ka \u0161\u012b nav pirm\u0101 reize, kad Aleksandra Barta\u0161evi\u010da (\u201cKop\u0101 Latvijai\u201d\/LPV) vad\u012bt\u0101 dome demonstr\u0113 sistem\u0101tisku naid\u012bgu attieksmi pret neatkar\u012bgiem medijiem \u2013 ierobe\u017eojot inform\u0101cijas pieejam\u012bbu, manipul\u0113jot ar komunik\u0101ciju un izmantojot pa\u0161vald\u012bbas resursus, lai pasarg\u0101tu domes priek\u0161s\u0113d\u0113t\u0101ju no sabiedriskas un profesion\u0101las kritikas. \u0160\u0101da prakse ir pretrun\u0101 demokr\u0101tiskas valsts pamatv\u0113rt\u012bb\u0101m un apdraud sabiedr\u012bbas uztic\u0113\u0161anos varai.<\/p>\n<p>Latvijas \u017durn\u0101listu asoci\u0101cija pieprasa R\u0113zeknes valstspils\u0113tas domei nekav\u0113joties izbeigt jebk\u0101das darb\u012bbas, kas v\u0113rstas uz \u017eurn\u0101listu iebied\u0113\u0161anu, publiski atvainoties par notiku\u0161o, sniegt skaidrojumu par pie\u0146emtajiem l\u0113mumiem un nodro\u0161in\u0101t medijiem netrauc\u0113tu piek\u013cuvi inform\u0101cijai turpm\u0101k.<\/p>\n<p>\u201cPreses br\u012bv\u012bba nav pakalpojums, ko vara var pie\u0161\u0137irt vai at\u0146emt p\u0113c saviem ieskatiem. T\u0101 ir demokr\u0101tijas pamats. Ikviens m\u0113\u0123in\u0101jums to ierobe\u017eot ir uzbrukums tiesiskai valstij un sabiedr\u012bbai kopum\u0101,\u201d min asoci\u0101cij\u0101.<\/p>\n<p>T\u0101pat LSM tre\u0161dien pazi\u0146oja, ka asi nosoda R\u0113zeknes pa\u0161vald\u012bbas, tostarp domes priek\u0161s\u0113d\u0113t\u0101ja Barta\u0161evi\u010da v\u0113r\u0161anos pret LSM \u017eurn\u0101listu Bikovski intervij\u0101, kuru sniedza Latgales re\u0123ion\u0101lajai telev\u012bzijai.<\/p>\n<p>LSM ar\u012b nor\u0101da, ka otrdien, 30. decembr\u012b, LSM \u017eurn\u0101lists Bikovskis ierad\u0101s uz R\u0113zeknes pa\u0161vald\u012bbas darba grupas s\u0113di, lai nodro\u0161in\u0101tu sabiedr\u012bbas inform\u0113\u0161anu par iesp\u0113jamaj\u0101m izmai\u0146\u0101m Latgales koncertz\u0101les \u201cGors\u201d p\u0101rvald\u012bbas model\u012b.<\/p>\n<p>Sabiedriskaj\u0101 medij\u0101 min, ka p\u0113c R\u0113zeknes domes pas\u016bt\u012bt\u0101 audita, kur\u0101 izv\u0113rt\u0113ta \u201cAustrumlatvijas koncertz\u0101les\u201d darb\u012bba, pa\u0161vald\u012bb\u0101 tika izveidota darba grupa iesp\u0113jamo reorganiz\u0101cijas scen\u0101riju izv\u0113rt\u0113\u0161anai. Viens no tiem s\u0101kotn\u0113ji paredz\u0113ja p\u0101rvald\u012bbas nodo\u0161anu priv\u0101tajam komersantam. Neilgi pirms 30. decembra s\u0113des no \u201cAustrumlatvijas koncertz\u0101les\u201d valdes locekles amata tika atsaukta ilggad\u0113j\u0101 \u201cGors\u201d vad\u012bt\u0101ja Di\u0101na Zirni\u0146a.<\/p>\n<p>\u201cPret\u0113ji domes priek\u0161s\u0113d\u0113t\u0101ja publiski paustajam 2025. gada 23. decembra preses konferenc\u0113, kur\u0101 izskan\u0113ja aicin\u0101jums uz vispus\u012bgu dialogu un caurskat\u0101mu l\u0113mumu pie\u0146em\u0161anu, LSM \u017eurn\u0101listam dal\u012bba attiec\u012bgaj\u0101 s\u0113d\u0113 tika liegta. Nesniedzot tiesisku pamatojumu mediju kl\u0101tb\u016btnes ierobe\u017eo\u0161anai, \u017eurn\u0101lists ar pa\u0161vald\u012bbas policijas iesaisti tika izraid\u012bts no s\u0113des,\u201d nor\u0101da LSM.<\/p>\n<p>Medij\u0101 atz\u012bm\u0113, ka atbilsto\u0161i labas p\u0101rvald\u012bbas principiem, pa\u0161vald\u012bbas p\u0101rst\u0101vjiem b\u016btu, pirmk\u0101rt, j\u0101izskaidro darba grupas darb\u012bbas principi, otrk\u0101rt, j\u0101pamato, k\u0101d\u0113\u013c sabiedr\u012bbas inform\u0113\u0161ana konkr\u0113taj\u0101 gad\u012bjum\u0101 ir maz\u0101k svar\u012bga nek\u0101 iesp\u0113jamie konfidencialit\u0101tes apsv\u0113rumi.<\/p>\n<p>\u201c\u0160\u0101da r\u012bc\u012bba rada b\u012bstamu precedentu, kur\u0101 \u017eurn\u0101lista profesion\u0101lo darbu iesp\u0113jams ierobe\u017eot bez skaidra, argument\u0113ta un tiesiski pamatota l\u0113muma. Sabiedr\u012bbas ties\u012bbas uz inform\u0101ciju nevar tikt pak\u0101rtotas administrat\u012bvai \u0113rt\u012bbai vai politiskai ne\u0113rt\u012bbai,\u201d uzsver LSM valdes locekle Ieva Aile.<\/p>\n<p>LSM atz\u012bm\u0113, ka l\u0113mumi par publisku kult\u016bras instit\u016bciju p\u0101rvald\u012bbu un pa\u0161vald\u012bbas kapit\u0101lsabiedr\u012bbu darb\u012bbu ir j\u0101pie\u0146em caursp\u012bd\u012bg\u0101 proces\u0101, kas ir pieejams sabiedr\u012bbas izv\u0113rt\u0113\u0161anai, tostarp medijiem.<\/p>\n<p>LETA jau v\u0113st\u012bja, ka, pamatojot l\u0113mumu ar uztic\u012bbas zaud\u0113\u0161anu, otrdien, 30. decembr\u012b, tika atlaista \u201cAustrumlatvijas koncertz\u0101les\u201d valdes locekle jeb Latgales koncertz\u0101les \u201cGors\u201d vad\u012bt\u0101ja Zirni\u0146a. Savuk\u0101rt vi\u0146as viet\u0101 komp\u0101nijas vald\u0113 pagaidu valdes locekles amat\u0101 tika iecelta Iveta Cipruse, kura pa\u0161laik str\u0101d\u0101 par izpilddirektores vietnieci kapit\u0101lsabiedr\u012bbu p\u0101rraudz\u012bbas jaut\u0101jumos un vair\u0101kus gadus bija Audita noda\u013cas vad\u012bt\u0101ja.<\/p>\n<p>Barta\u0161evi\u010ds min\u0113ja, ka audita secin\u0101jumi nor\u0101da uz augstu uz\u0146\u0113muma atkar\u012bbu no pa\u0161vald\u012bbas finans\u0113juma. T\u0101pat audit\u0101 konstat\u0113ts, ka 2024. gad\u0101 ie\u0146\u0113mumi no pamatdarb\u012bbas samazin\u0101ju\u0161ies par 5,4%, kas liecina par darba efektivit\u0101tes izaicin\u0101jumiem.<\/p>\n<p>Savuk\u0101rt kult\u016bras ministres Agneses L\u0101ces (P) padomniece Rita Pl\u016bme a\u0123ent\u016brai LETA sac\u012bja, ka ministre ir inform\u0113ta par attiec\u012bgo l\u0113mumu. Tostarp L\u0101ce akcent\u0113ja, ka vair\u0101k nek\u0101 divas ned\u0113\u013cas publiskaj\u0101 telp\u0101 notiek diskusijas par koncertz\u0101les \u201cGors\u201d p\u0101rvald\u012bbas mai\u0146u, t\u0101p\u0113c \u0161\u0101da, vi\u0146aspr\u0101t, politisk\u0101 izr\u0113\u0137in\u0101\u0161an\u0101s ar vad\u012bt\u0101ju p\u0101rmai\u0146u priek\u0161vakar\u0101 raisa ba\u017eas.<\/p>\n<p>Kult\u016bras ministre ir sazin\u0101jusies ar vied\u0101s administr\u0101cijas un re\u0123ion\u0101l\u0101s att\u012bst\u012bbas ministru Raimondu \u010cudaru (JV). Puses vienoju\u0161\u0101s, ka v\u0113rt\u0113s pa\u0161vald\u012bbas pie\u0146emt\u0101 l\u0113muma tiesiskumu.<\/p>\n<p>T\u0101pat zi\u0146ots, ka p\u0113c \u201cAustrumlatvijas koncertz\u0101l\u0113\u201d veikt\u0101 funkciju audita R\u0113zeknes pa\u0161vald\u012bba izv\u0113rt\u0113 iesp\u0113ju Latgales v\u0113stniec\u012bbu \u201cGors\u201d p\u0101rveidot par iest\u0101di vai izv\u0113l\u0113ties citu p\u0101rvald\u012bbas formu. Barta\u0161evi\u010ds iepriek\u0161 medijiem apgalvoja, ka tiek skat\u012bti divi iesp\u0113jamie scen\u0101riji \u2013 dele\u0123\u0113\u0161anas l\u012bguma izmai\u0146as ar \u201cAustrumlatvijas koncertz\u0101li\u201d vai kapit\u0101lsabiedr\u012bbas p\u0101rveide par iest\u0101di. Variants par \u201cGora\u201d nodo\u0161anu nom\u0101 priv\u0101tajam operatoram vairs netiekot skat\u012bts. Ta\u010du pa\u0161vald\u012bba esot gatava run\u0101ta ar\u012b ar KM par \u201cGora\u201d nodo\u0161anu valstij.<\/p>\n<p>Vald\u012bba ir pilnvarojusi Kult\u016bras ministriju (KM) sadarb\u012bb\u0101 ar Vied\u0101s administr\u0101cijas un re\u0123ion\u0101l\u0101s att\u012bst\u012bbas ministriju un Ekonomikas ministriju veikt p\u0101rrunas ar R\u0113zeknes domi par nekustam\u0101 \u012bpa\u0161uma Pils iel\u0101 4, R\u0113zekn\u0113, kur atrodas Latgales v\u0113stniec\u012bba \u201cGors\u201d, p\u0101rvald\u012bbas risin\u0101jumiem un valsts iesaisti profesion\u0101l\u0101s m\u0101kslas pieejam\u012bbas nodro\u0161in\u0101\u0161an\u0101.<\/p>\n<p>KM informat\u012bvaj\u0101 zi\u0146ojum\u0101, ko konceptu\u0101li atbalst\u012bja vald\u012bba, nor\u0101da uz iesp\u0113jamu apdraud\u0113jumu Latgales v\u0113stniec\u012bbas \u201cGors\u201d turpm\u0101kajai past\u0101v\u0113\u0161anai.<\/p>\n<p>Ministrija v\u0113rsa uzman\u012bbu uz risku profesion\u0101l\u0101s m\u0101kslas pieejam\u012bbai Latgales re\u0123ion\u0101 un uzsv\u0113ra, ka Latgales v\u0113stniec\u012bbas \u201cGors\u201d izveid\u0113 ieguld\u012bti valsts, pa\u0161vald\u012bbas un Eiropas Savien\u012bbas fondu l\u012bdzek\u013ci. Zi\u0146ojum\u0101 nor\u0101d\u012bts, ka profesion\u0101l\u0101s kult\u016bras pieejam\u012bbas nodro\u0161in\u0101\u0161ana Latgal\u0113 ir ilgtermi\u0146a ieguld\u012bjums sabiedr\u012bbas notur\u012bb\u0101.<\/p>\n<p>Valsts prezidents Edgars Rink\u0113vi\u010ds paudis viedokli, ka \u0161\u012b koncertz\u0101le ir b\u016btisks latvisk\u0101s un latgalisk\u0101s identit\u0101tes centrs un tam ir j\u0101paliek publisk\u0101 p\u0101rvald\u012bb\u0101.<\/p>\n<p>P\u0113c \u201cFirmas.lv\u201d datiem, \u201cAustrumlatvijas koncertz\u0101les\u201d apgroz\u012bjums 2024. gad\u0101 bija 891 763 eiro, bet zaud\u0113jumi sasniedza 19 002 eiro. Koncertz\u0101les \u012bpa\u0161niece ir R\u0113zeknes dome.<\/p>\n","protected":false},"excerpt":{"rendered":"R\u0113zeknes domes \u0113ka. Publicit\u0101tes foto. Latvijas \u017durn\u0101listu asoci\u0101cija nosoda R\u0113zeknes domes r\u012bc\u012bbu attiec\u012bb\u0101 pret \u017eurn\u0101listu Teni Bikovski un&hellip;\n","protected":false},"author":2,"featured_media":91799,"comment_status":"","ping_status":"","sticky":false,"template":"","format":"standard","meta":{"footnotes":""},"categories":[12],"tags":[23,28,29,32,33,22,30,31,35,39,38,36,37,34,40,20,26,27,24,25,21],"class_list":{"0":"post-91798","1":"post","2":"type-post","3":"status-publish","4":"format-standard","5":"has-post-thumbnail","7":"category-latvija","8":"tag-aktualitates","9":"tag-breaking-news","10":"tag-breakingnews","11":"tag-featured-news","12":"tag-featurednews","13":"tag-headlines","14":"tag-latest-news","15":"tag-latestnews","16":"tag-latvia","17":"tag-latvian","18":"tag-latviesu","19":"tag-latviesu-valoda","20":"tag-latviesuvaloda","21":"tag-latvija","22":"tag-lv","23":"tag-news","24":"tag-popularakas-zinas","25":"tag-popularakaszinas","26":"tag-top-stories","27":"tag-topstories","28":"tag-zinas"},"share_on_mastodon":{"url":"https:\/\/pubeurope.com\/@lv\/115820416477121975","error":""},"_links":{"self":[{"href":"https:\/\/www.europesays.com\/lv\/wp-json\/wp\/v2\/posts\/91798","targetHints":{"allow":["GET"]}}],"collection":[{"href":"https:\/\/www.europesays.com\/lv\/wp-json\/wp\/v2\/posts"}],"about":[{"href":"https:\/\/www.europesays.com\/lv\/wp-json\/wp\/v2\/types\/post"}],"author":[{"embeddable":true,"href":"https:\/\/www.europesays.com\/lv\/wp-json\/wp\/v2\/users\/2"}],"replies":[{"embeddable":true,"href":"https:\/\/www.europesays.com\/lv\/wp-json\/wp\/v2\/comments?post=91798"}],"version-history":[{"count":0,"href":"https:\/\/www.europesays.com\/lv\/wp-json\/wp\/v2\/posts\/91798\/revisions"}],"wp:featuredmedia":[{"embeddable":true,"href":"https:\/\/www.europesays.com\/lv\/wp-json\/wp\/v2\/media\/91799"}],"wp:attachment":[{"href":"https:\/\/www.europesays.com\/lv\/wp-json\/wp\/v2\/media?parent=91798"}],"wp:term":[{"taxonomy":"category","embeddable":true,"href":"https:\/\/www.europesays.com\/lv\/wp-json\/wp\/v2\/categories?post=91798"},{"taxonomy":"post_tag","embeddable":true,"href":"https:\/\/www.europesays.com\/lv\/wp-json\/wp\/v2\/tags?post=91798"}],"curies":[{"name":"wp","href":"https:\/\/api.w.org\/{rel}","templated":true}]}}