{"id":91805,"date":"2026-01-01T14:58:11","date_gmt":"2026-01-01T14:58:11","guid":{"rendered":"https:\/\/www.europesays.com\/lv\/91805\/"},"modified":"2026-01-01T14:58:11","modified_gmt":"2026-01-01T14:58:11","slug":"daudzie-ugunsgreki-vecgada-vakara-vacija-ir-ugunosanas-sekas","status":"publish","type":"post","link":"https:\/\/www.europesays.com\/lv\/91805\/","title":{"rendered":"Daudzie ugunsgr\u0113ki Vecgada vakar\u0101 V\u0101cij\u0101 ir ugu\u0146o\u0161anas sekas"},"content":{"rendered":"<p class=\"descr\">Ugunsdz\u0113s\u012bbas dienesti un policijas sp\u0113ki pils\u0113t\u0101s vis\u0101 V\u0101cij\u0101 Vecgada vakar\u0101 bija paaugstin\u0101tas trauksmes st\u0101vokl\u012b.<\/p>\n<p>Berl\u012bn\u0113 nakt\u012b izc\u0113l\u0101s vair\u0101ki lieli ugunsgr\u0113ki, un aptuveni 100 ugunsdz\u0113s\u0113ji rea\u0123\u0113ja uz vienu ugunsgr\u0113ku Neikelnas rajon\u0101. Ugunsgr\u0113ka d\u0113\u013c nakts laik\u0101 \u012bslaic\u012bgi tika sl\u0113gta S-Bahn l\u012bnija. Biju\u0161i vair\u0101ki gad\u012bjumi, kad ugu\u0146o\u0161anas ier\u012bces ir raid\u012bju\u0161i cilv\u0113ki uz ielas, nolai\u017eoties uz \u0113ku balkoniem, tostarp no dz\u012bvok\u013ca Leipcigas iel\u0101, kas nodega, zi\u0146o port\u0101ls t-online.<\/p>\n<p>Pa\u0161\u0101 Leipcig\u0101 papildus ugunsgr\u0113kiem pils\u0113tas centr\u0101 nemieri bija ar\u012b Konevicas rajon\u0101. Tur svin\u012bbas p\u0101rauga ielu nemieros un izrais\u012bja ugunsgr\u0113kus, tostarp atkritumu tvert\u0146u aizdedzin\u0101\u0161anu. Policija jau pirms sv\u0113tkiem bija izdevusi br\u012bdin\u0101jumus par iesp\u0113jamiem nemieriem \u0161aj\u0101 konkr\u0113taj\u0101 rajon\u0101, zi\u0146o dw.com.<\/p>\n<p>Heilbronn\u0101 uzbruc\u0113ji meta ugu\u0146o\u0161anas ier\u012bces viet\u0113j\u0101s skolas log\u0101. Uzbrukums notika divos posmos: policija vispirms uzzin\u0101ja, ka k\u0101ds agr\u0101k taj\u0101 pa\u0161\u0101 vakar\u0101 ir izsitis biroja logu, un p\u0113c tam tika sa\u0146emti zi\u0146ojumi par ugunsgr\u0113ku. Tika boj\u0101tas m\u0113beles.<\/p>\n<p>V\u0101cij\u0101 Vecgada vakar\u0101 ugu\u0146o\u0161anas ier\u012b\u010du uzbrukumos ievainoti desmitiem policistu. Berl\u012bn\u0113, kur de\u017eur\u0113ja 4300 policistu, vi\u0146iem atk\u0101rtoti uzbruka ar petard\u0113m un ra\u0137et\u0113m. \u0160o incidentu un aizdom\u0101s tur\u0113to pretest\u012bbas rezult\u0101t\u0101 21 policists guva vieglus ievainojumus. Saska\u0146\u0101 ar provizoriskiem zi\u0146ojumiem pils\u0113t\u0101 \u012bslaic\u012bgi aiztur\u0113ti aptuveni 400 cilv\u0113ki. Turkl\u0101t tika konfisc\u0113ti vair\u0101ki kilogrami neleg\u0101lu ugu\u0146o\u0161anas ier\u012b\u010du.<\/p>\n<p>Hamburg\u0101 ievainoti vismaz desmit policisti. Vi\u0146i nesp\u0113ja turpin\u0101t pild\u012bt savus pien\u0101kumus, zi\u0146o viet\u0113j\u0101 policijas p\u0101rvalde. Leipcig\u0101 ties\u012bbaizsardz\u012bbas iest\u0101\u017eu darbiniekiem un neatliekam\u0101s pal\u012bdz\u012bbas dienestu darbiniekiem uzbruka ar ugu\u0146o\u0161anas ier\u012bc\u0113m. Pils\u0113tas centr\u0101 izc\u0113lu\u0161ies ar\u012b vair\u0101ki ugunsgr\u0113ki, zi\u0146oja viet\u0113jo mediju korespondenti.<\/p>\n<p>V\u0101cijas policija Vecgada vakar\u0101 ir paaugstin\u0101tas gatav\u012bbas st\u0101vokl\u012b, jo p\u0113d\u0113jos gados pieaug uzbrukumu skaits neatliekam\u0101s pal\u012bdz\u012bbas dienestiem, uz kuriem tiek raid\u012bti ugu\u0146o\u0161anas piederumi. Tom\u0113r Berl\u012bn\u0113 iepriek\u0161\u0113j\u0101 nakts kopum\u0101 bija maz\u0101k problem\u0101tiska nek\u0101 iepriek\u0161\u0113jos gados, liecina viet\u0113j\u0101s policijas sniegt\u0101 inform\u0101cija.<\/p>\n<blockquote class=\"twitter-tweet\">\n<p lang=\"ru\" dir=\"ltr\">\u041f\u043e\u0436\u0430\u0440\u044b &#8211; \u0435\u0449\u0435 \u043e\u0434\u043d\u043e \u043f\u043e\u0441\u043b\u0435\u0434\u0441\u0442\u0432\u0438\u0435 \u043f\u0438\u0440\u043e\u0442\u0435\u0445\u043d\u0438\u043a\u0438 \u043d\u0430 \u041d\u043e\u0432\u044b\u0439 \u0433\u043e\u0434. \u0412 \u0433\u043e\u0440\u043e\u0434\u0430\u0445 \u043f\u043e \u0432\u0441\u0435\u0439 \u0413\u0435\u0440\u043c\u0430\u043d\u0438\u0438 \u043f\u043e\u0436\u0430\u0440\u043d\u044b\u0435 \u0441\u043b\u0443\u0436\u0431\u044b, \u043a\u0430\u043a \u0438 \u043f\u043e\u043b\u0438\u0446\u0435\u0439\u0441\u043a\u0438\u0435, \u0440\u0430\u0431\u043e\u0442\u0430\u043b\u0438 \u0432 \u043d\u043e\u0432\u043e\u0433\u043e\u0434\u043d\u044e\u044e \u043d\u043e\u0447\u044c \u0432 \u0443\u0441\u0438\u043b\u0435\u043d\u043d\u043e\u043c \u0440\u0435\u0436\u0438\u043c\u0435. \u0422\u0430\u043a, \u0432 \u0411\u0435\u0440\u043b\u0438\u043d\u0435 \u0437\u0430 \u043d\u043e\u0447\u044c \u043f\u0440\u043e\u0438\u0437\u043e\u0448\u043b\u043e \u043d\u0435\u0441\u043a\u043e\u043b\u044c\u043a\u043e \u043a\u0440\u0443\u043f\u043d\u044b\u0445 \u043f\u043e\u0436\u0430\u0440\u043e\u0432 &#8211; \u0432 \u0442\u0443\u0448\u0435\u043d\u0438\u0438 \u043e\u0434\u043d\u043e\u0433\u043e \u0438\u0437 \u043d\u0438\u0445 \u0432 \u0440\u0430\u0439\u043e\u043d\u0435 \u041d\u043e\u0439\u043a\u0435\u043b\u044c\u043d \u043f\u0440\u0438\u043d\u0438\u043c\u0430\u043b\u0438\u2026 <a href=\"https:\/\/t.co\/2RuKL4pnnW\" rel=\"nofollow\">pic.twitter.com\/2RuKL4pnnW<\/a><\/p>\n<p>\u2014 DW \u043d\u0430 \u0440\u0443\u0441\u0441\u043a\u043e\u043c (@dw_russian) <a href=\"https:\/\/twitter.com\/dw_russian\/status\/2006633227151180131?ref_src=twsrc%5Etfw\" rel=\"nofollow noopener\" target=\"_blank\">January 1, 2026<\/a><\/p><\/blockquote>\n<p>\t\t\t\t\t\tinfo<\/p>\n<p>Uzzini pirmais<br \/>kas interesants noticis Latvij\u0101 un pasaul\u0113,<br \/>pievienojoties mums <a href=\"https:\/\/t.me\/neatkariga\" rel=\"nofollow\">Telegram<\/a> vai <a href=\"https:\/\/whatsapp.com\/channel\/0029VaMLFUH5K3zLU5s4wm3y\" rel=\"nofollow noopener\" target=\"_blank\">Whatsapp<\/a> kan\u0101l\u0101<\/p>\n<p>\t\t\t\t\t\t\t\t\t<script async src=\"https:\/\/platform.twitter.com\/widgets.js\" charset=\"utf-8\"><\/script><\/p>\n","protected":false},"excerpt":{"rendered":"Ugunsdz\u0113s\u012bbas dienesti un policijas sp\u0113ki pils\u0113t\u0101s vis\u0101 V\u0101cij\u0101 Vecgada vakar\u0101 bija paaugstin\u0101tas trauksmes st\u0101vokl\u012b. Berl\u012bn\u0113 nakt\u012b izc\u0113l\u0101s vair\u0101ki&hellip;\n","protected":false},"author":2,"featured_media":91806,"comment_status":"","ping_status":"","sticky":false,"template":"","format":"standard","meta":{"footnotes":""},"categories":[14],"tags":[23,57,28,29,32,33,22,30,31,35,39,38,36,37,34,40,20,26,27,24,25,54,55,56,21,58],"class_list":{"0":"post-91805","1":"post","2":"type-post","3":"status-publish","4":"format-standard","5":"has-post-thumbnail","7":"category-zinas-no-arvalstim","8":"tag-aktualitates","9":"tag-arvalstim","10":"tag-breaking-news","11":"tag-breakingnews","12":"tag-featured-news","13":"tag-featurednews","14":"tag-headlines","15":"tag-latest-news","16":"tag-latestnews","17":"tag-latvia","18":"tag-latvian","19":"tag-latviesu","20":"tag-latviesu-valoda","21":"tag-latviesuvaloda","22":"tag-latvija","23":"tag-lv","24":"tag-news","25":"tag-popularakas-zinas","26":"tag-popularakaszinas","27":"tag-top-stories","28":"tag-topstories","29":"tag-world","30":"tag-world-news","31":"tag-worldnews","32":"tag-zinas","33":"tag-zinas-no-arvalstim"},"share_on_mastodon":{"url":"https:\/\/pubeurope.com\/@lv\/115820436047619339","error":""},"_links":{"self":[{"href":"https:\/\/www.europesays.com\/lv\/wp-json\/wp\/v2\/posts\/91805","targetHints":{"allow":["GET"]}}],"collection":[{"href":"https:\/\/www.europesays.com\/lv\/wp-json\/wp\/v2\/posts"}],"about":[{"href":"https:\/\/www.europesays.com\/lv\/wp-json\/wp\/v2\/types\/post"}],"author":[{"embeddable":true,"href":"https:\/\/www.europesays.com\/lv\/wp-json\/wp\/v2\/users\/2"}],"replies":[{"embeddable":true,"href":"https:\/\/www.europesays.com\/lv\/wp-json\/wp\/v2\/comments?post=91805"}],"version-history":[{"count":0,"href":"https:\/\/www.europesays.com\/lv\/wp-json\/wp\/v2\/posts\/91805\/revisions"}],"wp:featuredmedia":[{"embeddable":true,"href":"https:\/\/www.europesays.com\/lv\/wp-json\/wp\/v2\/media\/91806"}],"wp:attachment":[{"href":"https:\/\/www.europesays.com\/lv\/wp-json\/wp\/v2\/media?parent=91805"}],"wp:term":[{"taxonomy":"category","embeddable":true,"href":"https:\/\/www.europesays.com\/lv\/wp-json\/wp\/v2\/categories?post=91805"},{"taxonomy":"post_tag","embeddable":true,"href":"https:\/\/www.europesays.com\/lv\/wp-json\/wp\/v2\/tags?post=91805"}],"curies":[{"name":"wp","href":"https:\/\/api.w.org\/{rel}","templated":true}]}}