{"id":91813,"date":"2026-01-01T15:07:12","date_gmt":"2026-01-01T15:07:12","guid":{"rendered":"https:\/\/www.europesays.com\/lv\/91813\/"},"modified":"2026-01-01T15:07:12","modified_gmt":"2026-01-01T15:07:12","slug":"rail-baltica-pamattrases-projektesanas-vadibu-latvija-nodod-eiropas-dzelzcela-linijam","status":"publish","type":"post","link":"https:\/\/www.europesays.com\/lv\/91813\/","title":{"rendered":"\u201cRail Baltica\u201d pamattrases projekt\u0113\u0161anas vad\u012bbu Latvij\u0101 nodod \u201cEiropas dzelzce\u013ca l\u012bnij\u0101m\u201d"},"content":{"rendered":"<p>    <img decoding=\"async\" src=\"https:\/\/www.europesays.com\/lv\/wp-content\/uploads\/2026\/01\/LET_24748265-800x551.jpg\" alt=\"&#10;\u201cRail Baltica\u201d R\u012bgas Centr\u0101l\u0101 mezgla b\u016bvlaukums, 05.12.2023.&#10;\"\/><\/p>\n<p>\u201cRail Baltica\u201d R\u012bgas Centr\u0101l\u0101 mezgla b\u016bvlaukums, 05.12.2023.<\/p>\n<p>Foto: Ieva Leini\u0161a\/LETA\n<\/p>\n<p>Dzelzce\u013ca projekta \u201cRail Baltica\u201d pamattrases projekt\u0113\u0161anas vad\u012bbu Latvij\u0101 no \u0161odienas nodod projekta nacion\u0101lajam ievies\u0113jam SIA \u201cEiropas dzelzce\u013ca l\u012bnijas\u201d (EDzL), a\u0123ent\u016bru LETA inform\u0113ja Satiksmes ministrij\u0101 (SM).<\/p>\n<p>        Las\u012bt\u0101kie<br \/>\n        <a data-imagesrc=\"{&quot;300&quot;:&quot;https:\\\/\\\/lastatic.ams3.cdn.digitaloceanspaces.com\\\/2026\\\/01\\\/shutterstock_2685252749-300x172.jpg&quot;,&quot;1024&quot;:&quot;https:\\\/\\\/lastatic.ams3.cdn.digitaloceanspaces.com\\\/2026\\\/01\\\/shutterstock_2685252749-1024x589.jpg&quot;,&quot;1536&quot;:&quot;https:\\\/\\\/lastatic.ams3.cdn.digitaloceanspaces.com\\\/2026\\\/01\\\/shutterstock_2685252749-1536x883.jpg&quot;,&quot;500&quot;:&quot;https:\\\/\\\/lastatic.ams3.cdn.digitaloceanspaces.com\\\/2026\\\/01\\\/shutterstock_2685252749-500x287.jpg&quot;,&quot;800&quot;:&quot;https:\\\/\\\/lastatic.ams3.cdn.digitaloceanspaces.com\\\/2026\\\/01\\\/shutterstock_2685252749-800x460.jpg&quot;,&quot;2560&quot;:&quot;https:\\\/\\\/lastatic.ams3.cdn.digitaloceanspaces.com\\\/2026\\\/01\\\/shutterstock_2685252749-scaled.jpg&quot;}\" data-focuspoint=\"&quot;&quot;\" data-p=\"2485210\" href=\"https:\/\/www.la.lv\/lielais-2026-gada-horoskops-visam-zodiaka-zimem-kas-gaidams-attiecibas-finansu-joma-un-kada-bus-veseliba\" class=\"content-item lazy-load\" wp_automatic_readability=\"27\" rel=\"nofollow noopener\" target=\"_blank\"><\/p>\n<p>                                <img decoding=\"async\" src=\"\" alt=\"\" style=\"\" data-imageid=\"\"\/><\/p>\n<p>                                Kokteilis<\/p>\n<p>\n                                                Lielais 2026. gada horoskops vis\u0101m zodiaka z\u012bm\u0113m \u2013 kas gaid\u0101ms attiec\u012bb\u0101s, finan\u0161u jom\u0101 un k\u0101da b\u016bs vesel\u012bba?\n                            <\/p>\n<p><\/a><a data-imagesrc=\"{&quot;300&quot;:&quot;https:\\\/\\\/lastatic.ams3.cdn.digitaloceanspaces.com\\\/2022\\\/06\\\/kallasa_Hollie_Adams_AFP_Scanpix_6-300x200.jpg&quot;,&quot;768&quot;:&quot;https:\\\/\\\/lastatic.ams3.cdn.digitaloceanspaces.com\\\/2022\\\/06\\\/kallasa_Hollie_Adams_AFP_Scanpix_6-768x512.jpg&quot;,&quot;200&quot;:&quot;https:\\\/\\\/lastatic.ams3.cdn.digitaloceanspaces.com\\\/2022\\\/06\\\/kallasa_Hollie_Adams_AFP_Scanpix_6-200x133.jpg&quot;,&quot;400&quot;:&quot;https:\\\/\\\/lastatic.ams3.cdn.digitaloceanspaces.com\\\/2022\\\/06\\\/kallasa_Hollie_Adams_AFP_Scanpix_6-400x267.jpg&quot;,&quot;500&quot;:&quot;https:\\\/\\\/lastatic.ams3.cdn.digitaloceanspaces.com\\\/2022\\\/06\\\/kallasa_Hollie_Adams_AFP_Scanpix_6-500x334.jpg&quot;,&quot;800&quot;:&quot;https:\\\/\\\/lastatic.ams3.cdn.digitaloceanspaces.com\\\/2022\\\/06\\\/kallasa_Hollie_Adams_AFP_Scanpix_6-800x534.jpg&quot;,&quot;1000&quot;:&quot;https:\\\/\\\/lastatic.ams3.cdn.digitaloceanspaces.com\\\/2022\\\/06\\\/kallasa_Hollie_Adams_AFP_Scanpix_6.jpg&quot;}\" data-focuspoint=\"&quot;&quot;\" data-p=\"2487129\" href=\"https:\/\/www.la.lv\/uzbrukums-putina-rezidencei-vecgada-vakara-kallasa-komente-savu-versiju-par-notikuso\" class=\"content-item lazy-load\" wp_automatic_readability=\"26\" rel=\"nofollow noopener\" target=\"_blank\"><\/p>\n<p>                                <img decoding=\"async\" src=\"\" alt=\"\" style=\"\" data-imageid=\"\"\/><\/p>\n<p>\n                                                Uzbrukums Putina rezidencei Vecgada vakar\u0101: Kallasa koment\u0113 savu versiju par notiku\u0161o<\/p>\n<p><\/a><a data-imagesrc=\"{&quot;300&quot;:&quot;https:\\\/\\\/lastatic.ams3.cdn.digitaloceanspaces.com\\\/2024\\\/10\\\/2016-11-09t120000z_329873471_d1beulvkydaa_rtrmadp_3_russia-politics-1-300x223.jpg&quot;,&quot;768&quot;:&quot;https:\\\/\\\/lastatic.ams3.cdn.digitaloceanspaces.com\\\/2024\\\/10\\\/2016-11-09t120000z_329873471_d1beulvkydaa_rtrmadp_3_russia-politics-1-768x571.jpg&quot;,&quot;200&quot;:&quot;https:\\\/\\\/lastatic.ams3.cdn.digitaloceanspaces.com\\\/2024\\\/10\\\/2016-11-09t120000z_329873471_d1beulvkydaa_rtrmadp_3_russia-politics-1-200x149.jpg&quot;,&quot;400&quot;:&quot;https:\\\/\\\/lastatic.ams3.cdn.digitaloceanspaces.com\\\/2024\\\/10\\\/2016-11-09t120000z_329873471_d1beulvkydaa_rtrmadp_3_russia-politics-1-400x298.jpg&quot;,&quot;500&quot;:&quot;https:\\\/\\\/lastatic.ams3.cdn.digitaloceanspaces.com\\\/2024\\\/10\\\/2016-11-09t120000z_329873471_d1beulvkydaa_rtrmadp_3_russia-politics-1-500x372.jpg&quot;,&quot;800&quot;:&quot;https:\\\/\\\/lastatic.ams3.cdn.digitaloceanspaces.com\\\/2024\\\/10\\\/2016-11-09t120000z_329873471_d1beulvkydaa_rtrmadp_3_russia-politics-1-800x595.jpg&quot;,&quot;1000&quot;:&quot;https:\\\/\\\/lastatic.ams3.cdn.digitaloceanspaces.com\\\/2024\\\/10\\\/2016-11-09t120000z_329873471_d1beulvkydaa_rtrmadp_3_russia-politics-1.jpg&quot;}\" data-focuspoint=\"{&quot;x&quot;:&quot;36.06487714219448&quot;,&quot;y&quot;:&quot;30.288710782373172&quot;}\" data-p=\"2487127\" href=\"https:\/\/www.la.lv\/putins-sava-jaungada-uzruna-izsaka-negaiditu-frazi\" class=\"content-item lazy-load\" wp_automatic_readability=\"26\" rel=\"nofollow noopener\" target=\"_blank\"><\/p>\n<p>                                <img decoding=\"async\" src=\"\" alt=\"\" style=\"object-position: 36.06487714219448% 30.288710782373172%\" data-imageid=\"\"\/><\/p>\n<p>\n                                                Putins sav\u0101 Jaungada uzrun\u0101 izsaka negaid\u012btu fr\u0101zi\n                            <\/p>\n<p><\/a><br \/>\n        <a class=\"read-more\" href=\"https:\/\/www.la.lv\/top\" rel=\"nofollow noopener\" target=\"_blank\">Las\u012bt citas zi\u0146as<\/a><\/p>\n<p>2025. gada decembr\u012b tika parakst\u012bts tr\u012bspus\u0113js l\u012bgums starp Baltijas valstu kopuz\u0146\u0113mumu AS \u201cRB Rail\u201d, EDzL un SM par \u201cRail Baltica\u201d pamattrases Latvij\u0101 projekt\u0113\u0161anas vad\u012bbas funkciju nodo\u0161anu no \u0161odienas nacion\u0101lajam projekta ievies\u0113jam \u2013 EDzL.<\/p>\n<p>Min\u0113t\u0101s funkcijas nodotas atbilsto\u0161i projekta vad\u012bbas l\u012bgumam, kas st\u0101j\u0101s sp\u0113k\u0101 2024. gada 28. febru\u0101r\u012b un ir nosl\u0113gts starp kopuz\u0146\u0113mumu AS \u201cRB Rail\u201d, visu tr\u012bs Baltijas valstu nacion\u0101lajiem projekta ievies\u0113jiem un atbild\u012bgaj\u0101m ministrij\u0101m.<\/p>\n<p>    CITI \u0160OBR\u012aD LASA<\/p>\n<p>Ministrij\u0101 atz\u012bm\u0113, ka projekt\u0113\u0161anas vad\u012bbas funkciju nodo\u0161ana EDzL nosl\u0113dz p\u0101rejas posmu Latvij\u0101, lai piln\u0101 apm\u0113r\u0101 ieviestu projekta vad\u012bbas l\u012bgumu atbilsto\u0161i projekta ievies\u0113ju atbild\u012bbas sadal\u012bjumam. T\u0101d\u0113j\u0101di, l\u012bdz\u012bgi k\u0101 Igaunij\u0101 un Lietuv\u0101, pamattrases projekt\u0113\u0161anas un ekspert\u012bzes darbi b\u016bs projekta nacion\u0101l\u0101 ievies\u0113ja atbild\u012bba.<\/p>\n<p>Tr\u012bspus\u0113jais projekt\u0113\u0161anas vad\u012bbas funkcijas nodo\u0161anas l\u012bgums paredz nodot \u201cRail Baltica\u201d pamattrases Latvij\u0101 pabeigtos un proces\u0101 eso\u0161os projekt\u0113\u0161anas darbus posmos \u201cVanga\u017ei-Salaspils-Misa\u201d (DS2), \u201cIgaunijas\/Latvijas robe\u017ea-Vanga\u017ei\u201d (DS3) un \u201cMisa-Latvijas\/Lietuvas robe\u017ea\u201d (DS4), k\u0101 ar\u012b projekt\u0113\u0161anas ekspert\u012bzes darbus.<\/p>\n<p>Vienlaikus SM veiks groz\u012bjumus ar\u012b EDzL dele\u0123\u0113\u0161anas l\u012bgum\u0101.<\/p>\n<p>Ministrij\u0101 skaidro, ka l\u012bdz ar projekt\u0113\u0161anas vad\u012bbas funkciju EDzL ar\u012b p\u0101r\u0146ems projekt\u0113\u0161anas darbos iesaist\u012btos darbiniekus, kuri kopuz\u0146\u0113mum\u0101 \u201cRB Rail\u201d pild\u012bja tehnisk\u0101 projekta vad\u012bt\u0101ja, vietnieka, koordinatora un ekspert\u012bzes projekta vad\u012bt\u0101ja, k\u0101 ar\u012b ce\u013cu in\u017eeniera amata pien\u0101kumus. Darbinieku p\u0101reja uz EDzL notiks atbilsto\u0161i Latvijas Darba likuma pras\u012bb\u0101m.<\/p>\n<p>T\u0101d\u0113j\u0101di turpm\u0101k EDzL atbild\u012bb\u0101 b\u016bs \u201cRail Baltica\u201d pamattrases Latvij\u0101 projekt\u0113\u0161ana un b\u016bvniec\u012bba, punktveida objektu projekt\u0113\u0161ana un b\u016bvniec\u012bba, k\u0101 ar\u012b nekustamo \u012bpa\u0161umu atsavin\u0101\u0161ana \u201cRail Baltica\u201d vajadz\u012bb\u0101m, infrastrukt\u016bras p\u0101rvald\u012bbas sist\u0113mas izveide Latvij\u0101 un sadarb\u012bba ar Baltijas valst\u012bm, veidojot vienotu infrastrukt\u016bras p\u0101rvald\u012bbu vis\u0101 \u201cRail Baltica\u201d l\u012bnij\u0101.<\/p>\n<p>Jau v\u0113st\u012bts, ka atbilsto\u0161i jaun\u0101kajai \u201cRB Rail\u201d inform\u0101cijai \u201cRail Baltica\u201d pirm\u0101s k\u0101rtas izmaksas Baltij\u0101 var\u0113tu sasniegt 14,3 miljardus eiro, no tiem Latvij\u0101 \u2013 5,5 miljardus eiro, tom\u0113r ir iesp\u0113jams potenci\u0101ls ietaup\u012bjums l\u012bdz 500 miljoniem eiro no tehnisko risin\u0101jumu optimiz\u0101cijas, k\u0101 ar\u012b ir iesp\u0113jami citi ietaup\u012bjumi.<\/p>\n<p>Kop\u0113j\u0101s projekta izmaksas atbilsto\u0161i izmaksu un ieguvumu anal\u012bzei Baltij\u0101 var sasniegt 23,8 miljardus eiro. Iepriek\u0161\u0113j\u0101 izmaksu un ieguvumu anal\u012bz\u0113 2017. gad\u0101 tika l\u0113sts, ka projekts kopum\u0101 izmaks\u0101s 5,8 miljardus eiro.<\/p>\n<p>\u201cRail Baltica\u201d projekts paredz izveidot Eiropas standarta slie\u017eu platuma dzelzce\u013ca l\u012bniju no Tallinas l\u012bdz Lietuvas un Polijas robe\u017eai, lai t\u0101l\u0101k ar dzelzce\u013cu Baltijas valstis b\u016btu iesp\u0113jams savienot ar cit\u0101m Eiropas valst\u012bm. Baltijas valst\u012bs pl\u0101nots izb\u016bv\u0113t jaunu, 870 kilometru garu Eiropas slie\u017eu platuma (1435 mm) dzelzce\u013ca l\u012bniju ar vilcienu maksim\u0101lo \u0101trumu 240 kilometri stund\u0101.<\/p>\n<p>EDzL ir valstij piln\u012bb\u0101 piedero\u0161a kapit\u0101lsabiedr\u012bba, un t\u0101s pamatkapit\u0101ls ir 4,445 miljoni eiro.<\/p>\n<p>T\u0113mas<\/p>\n<p>    SAIST\u012aTIE RAKSTI<\/p>\n","protected":false},"excerpt":{"rendered":"\u201cRail Baltica\u201d R\u012bgas Centr\u0101l\u0101 mezgla b\u016bvlaukums, 05.12.2023. Foto: Ieva Leini\u0161a\/LETA Dzelzce\u013ca projekta \u201cRail Baltica\u201d pamattrases projekt\u0113\u0161anas vad\u012bbu Latvij\u0101&hellip;\n","protected":false},"author":2,"featured_media":91814,"comment_status":"","ping_status":"","sticky":false,"template":"","format":"standard","meta":{"footnotes":""},"categories":[12],"tags":[23,28,29,32,33,22,30,31,35,39,38,36,37,34,40,20,26,27,24,25,21],"class_list":{"0":"post-91813","1":"post","2":"type-post","3":"status-publish","4":"format-standard","5":"has-post-thumbnail","7":"category-latvija","8":"tag-aktualitates","9":"tag-breaking-news","10":"tag-breakingnews","11":"tag-featured-news","12":"tag-featurednews","13":"tag-headlines","14":"tag-latest-news","15":"tag-latestnews","16":"tag-latvia","17":"tag-latvian","18":"tag-latviesu","19":"tag-latviesu-valoda","20":"tag-latviesuvaloda","21":"tag-latvija","22":"tag-lv","23":"tag-news","24":"tag-popularakas-zinas","25":"tag-popularakaszinas","26":"tag-top-stories","27":"tag-topstories","28":"tag-zinas"},"share_on_mastodon":{"url":"https:\/\/pubeurope.com\/@lv\/115820471781950932","error":""},"_links":{"self":[{"href":"https:\/\/www.europesays.com\/lv\/wp-json\/wp\/v2\/posts\/91813","targetHints":{"allow":["GET"]}}],"collection":[{"href":"https:\/\/www.europesays.com\/lv\/wp-json\/wp\/v2\/posts"}],"about":[{"href":"https:\/\/www.europesays.com\/lv\/wp-json\/wp\/v2\/types\/post"}],"author":[{"embeddable":true,"href":"https:\/\/www.europesays.com\/lv\/wp-json\/wp\/v2\/users\/2"}],"replies":[{"embeddable":true,"href":"https:\/\/www.europesays.com\/lv\/wp-json\/wp\/v2\/comments?post=91813"}],"version-history":[{"count":0,"href":"https:\/\/www.europesays.com\/lv\/wp-json\/wp\/v2\/posts\/91813\/revisions"}],"wp:featuredmedia":[{"embeddable":true,"href":"https:\/\/www.europesays.com\/lv\/wp-json\/wp\/v2\/media\/91814"}],"wp:attachment":[{"href":"https:\/\/www.europesays.com\/lv\/wp-json\/wp\/v2\/media?parent=91813"}],"wp:term":[{"taxonomy":"category","embeddable":true,"href":"https:\/\/www.europesays.com\/lv\/wp-json\/wp\/v2\/categories?post=91813"},{"taxonomy":"post_tag","embeddable":true,"href":"https:\/\/www.europesays.com\/lv\/wp-json\/wp\/v2\/tags?post=91813"}],"curies":[{"name":"wp","href":"https:\/\/api.w.org\/{rel}","templated":true}]}}