{"id":91821,"date":"2026-01-01T15:14:08","date_gmt":"2026-01-01T15:14:08","guid":{"rendered":"https:\/\/www.europesays.com\/lv\/91821\/"},"modified":"2026-01-01T15:14:08","modified_gmt":"2026-01-01T15:14:08","slug":"krievu-brivpratigo-korpusa-komandieris-kapustins-ir-dzivs-pazino-ukraina","status":"publish","type":"post","link":"https:\/\/www.europesays.com\/lv\/91821\/","title":{"rendered":"Krievu br\u012bvpr\u0101t\u012bgo korpusa komandieris Kapustins ir dz\u012bvs, pazi\u0146o Ukraina"},"content":{"rendered":"<p>HUR veiktaj\u0101 &#8220;sare\u017e\u0123\u012btaj\u0101 speci\u0101laj\u0101 oper\u0101cij\u0101, kas ilga vair\u0101k nek\u0101 m\u0113nesi, tika izgl\u0101bta RDK komandiera Denisa Kapustina dz\u012bv\u012bba (..) un noskaidrots personu loks &#8211; nozieguma pas\u016bt\u012bt\u0101ji Krievijas specdienestos un izpild\u012bt\u0101ji&#8221;, teikts HUR pazi\u0146ojum\u0101.<\/p>\n<p>HUR publiskojusi ar\u012b videoierakstu, kur\u0101 redzams Kapustins.<\/p>\n<p>Jau v\u0113st\u012bts, ka RDK 27. decembr\u012b pazi\u0146oja, ka Kapustins kritis &#8220;frontes Zapori\u017ejas virzien\u0101 kaujas uzdevuma izpildes laik\u0101&#8221;.<\/p>\n<p>Kapustinam Krievij\u0101 divas reizes aizmuguriski piespriests m\u016b\u017ea ieslodz\u012bjums.<\/p>\n<p>Ukrainas pus\u0113 karo divi Krievijas pilso\u0146u br\u012bvpr\u0101t\u012bgie milit\u0101rie form\u0113jumi &#8211; RDK un le\u0123ions &#8220;Krievijas br\u012bv\u012bba&#8221;.<\/p>\n","protected":false},"excerpt":{"rendered":"HUR veiktaj\u0101 &#8220;sare\u017e\u0123\u012btaj\u0101 speci\u0101laj\u0101 oper\u0101cij\u0101, kas ilga vair\u0101k nek\u0101 m\u0113nesi, tika izgl\u0101bta RDK komandiera Denisa Kapustina dz\u012bv\u012bba (..)&hellip;\n","protected":false},"author":2,"featured_media":91822,"comment_status":"","ping_status":"","sticky":false,"template":"","format":"standard","meta":{"footnotes":""},"categories":[5],"tags":[23,28,29,32,33,22,234,74,30,31,35,39,38,36,37,34,40,20,26,27,24,25,21],"class_list":{"0":"post-91821","1":"post","2":"type-post","3":"status-publish","4":"format-standard","5":"has-post-thumbnail","7":"category-aktualitates","8":"tag-aktualitates","9":"tag-breaking-news","10":"tag-breakingnews","11":"tag-featured-news","12":"tag-featurednews","13":"tag-headlines","14":"tag-krievija","15":"tag-krievijas-iebrukums-ukraina","16":"tag-latest-news","17":"tag-latestnews","18":"tag-latvia","19":"tag-latvian","20":"tag-latviesu","21":"tag-latviesu-valoda","22":"tag-latviesuvaloda","23":"tag-latvija","24":"tag-lv","25":"tag-news","26":"tag-popularakas-zinas","27":"tag-popularakaszinas","28":"tag-top-stories","29":"tag-topstories","30":"tag-zinas"},"share_on_mastodon":{"url":"https:\/\/pubeurope.com\/@lv\/115820499206410721","error":""},"_links":{"self":[{"href":"https:\/\/www.europesays.com\/lv\/wp-json\/wp\/v2\/posts\/91821","targetHints":{"allow":["GET"]}}],"collection":[{"href":"https:\/\/www.europesays.com\/lv\/wp-json\/wp\/v2\/posts"}],"about":[{"href":"https:\/\/www.europesays.com\/lv\/wp-json\/wp\/v2\/types\/post"}],"author":[{"embeddable":true,"href":"https:\/\/www.europesays.com\/lv\/wp-json\/wp\/v2\/users\/2"}],"replies":[{"embeddable":true,"href":"https:\/\/www.europesays.com\/lv\/wp-json\/wp\/v2\/comments?post=91821"}],"version-history":[{"count":0,"href":"https:\/\/www.europesays.com\/lv\/wp-json\/wp\/v2\/posts\/91821\/revisions"}],"wp:featuredmedia":[{"embeddable":true,"href":"https:\/\/www.europesays.com\/lv\/wp-json\/wp\/v2\/media\/91822"}],"wp:attachment":[{"href":"https:\/\/www.europesays.com\/lv\/wp-json\/wp\/v2\/media?parent=91821"}],"wp:term":[{"taxonomy":"category","embeddable":true,"href":"https:\/\/www.europesays.com\/lv\/wp-json\/wp\/v2\/categories?post=91821"},{"taxonomy":"post_tag","embeddable":true,"href":"https:\/\/www.europesays.com\/lv\/wp-json\/wp\/v2\/tags?post=91821"}],"curies":[{"name":"wp","href":"https:\/\/api.w.org\/{rel}","templated":true}]}}