{"id":91823,"date":"2026-01-01T15:15:07","date_gmt":"2026-01-01T15:15:07","guid":{"rendered":"https:\/\/www.europesays.com\/lv\/91823\/"},"modified":"2026-01-01T15:15:07","modified_gmt":"2026-01-01T15:15:07","slug":"dziedataja-pink-jauno-gadu-sagaida-slimnicas-gulta-un-dalas-ar-emocionalu-zinojumu","status":"publish","type":"post","link":"https:\/\/www.europesays.com\/lv\/91823\/","title":{"rendered":"Dzied\u0101t\u0101ja Pink Jauno gadu sagaida slimn\u012bcas gult\u0101 un dal\u0101s ar emocion\u0101lu zi\u0146ojumu"},"content":{"rendered":"<p>M\u016bzi\u0137e aicina pal\u012bdz\u0113t b\u0113rniem \u2013 sekot vi\u0146u sap\u0146iem, par\u0101d\u012bt, ka dz\u012bve ir izaicin\u0101jums vai nekas, aicina m\u012bl\u0113t, smieties, gatavot \u0113st, dejot, raud\u0101t, kliegt, piedot, atvainoties \u2013 tas viss veido skaistu jucekli.<\/p>\n<p>Slaven\u012bba ir p\u0101rliecin\u0101ta, ka pasaul\u0113 ir vair\u0101k labu cilv\u0113ku, nek\u0101 slikti. 2025. gad\u0101 vi\u0146a atvad\u012bjusies no daudziem svar\u012bgiem cilv\u0113kiem un sveicin\u0101jusi dz\u012bv\u0113 jaunus cilv\u0113kus. Vi\u0146a ir piepild\u012bjusi sap\u0146us un piedz\u012bvojusi murgus.<\/p>\n<p>2026. gad\u0101 m\u0101ksliniece v\u0113l cie\u0146piln\u0101k iztur\u0113sies pret savu \u0137ermeni un piev\u0113rs\u012bs vair\u0101k uzman\u012bbas, kas nepiecie\u0161ams vi\u0146as vesel\u012bbai.<\/p>\n<p>\u201cTas nav grezns sejas liftings, man kakl\u0101 par\u0101d\u012bju\u0161ies divi jauni, sp\u012bd\u012bgi diski. Jauna r\u0113ta, jauns atg\u0101din\u0101jums, ka j\u0101nov\u0113rt\u0113 to, kas mums dots un j\u0101izmanto laiks piln\u012bb\u0101. S\u0113\u017eu viena Vecgada vakar\u0101 slimn\u012bc\u0101, kam\u0113r mana \u0123imene laim\u012bgi snovo, es zinu, ka 2026. gads b\u016bs lab\u0101ks, jo t\u0101 ir izv\u0113le, ko esmu veikusi,\u201d t\u0101 Pink.<\/p>\n<p>M\u016bzi\u0137e cer Jaunaj\u0101 gad\u0101 pal\u012bdz\u0113t citiem cilv\u0113kiem laimes mekl\u0113jumos, padar\u012bt lab\u0101ku savu un citu dz\u012bvi, nebaid\u012bties pied\u0101v\u0101t un sa\u0146emt pal\u012bdz\u012bbu.<\/p>\n<p class=\"ad-desc ad-desc-main\">Saturs turpin\u0101s p\u0113c rekl\u0101mas<\/p>\n<p class=\"ad-desc ad-desc-sec\">Rekl\u0101ma<\/p>\n<p>Vi\u0146a izv\u0113las prieku un atst\u0101j s\u0101pes aiz muguras, vi\u0146a izv\u0113las pozit\u012bvas domas, ne negat\u012bvas un vi\u0146a c\u012bn\u012bsies pret gaismas izdzi\u0161anu.<\/p>\n<blockquote class=\"instagram-media\" style=\"background: #FFF; border: 0; border-radius: 3px; box-shadow: 0 0 1px 0 rgba(0,0,0,0.5),0 1px 10px 0 rgba(0,0,0,0.15); margin: 1px; max-width: 540px; min-width: 326px; padding: 0; width: calc(100% - 2px);\" data-instgrm-permalink=\"https:\/\/www.instagram.com\/p\/DS9JUPJlI_E\/?utm_source=ig_embed&amp;utm_campaign=loading\" data-instgrm-version=\"14\">\n<\/blockquote>\n<p class=\"tv3-fw-500\">Zi\u0146o par k\u013c\u016bdu rakst\u0101<\/p>\n<p class=\"d-md-block d-none\">Iez\u012bm\u0113 k\u013c\u016bdaino tekstu un spied Ctrl+Enter.<\/p>\n<p class=\"d-md-none d-block\">Iez\u012bm\u0113 k\u013c\u016bdaino tekstu un zi\u0146o par to!<\/p>\n<p>                <script async src=\"\/\/www.instagram.com\/embed.js\"><\/script><\/p>\n","protected":false},"excerpt":{"rendered":"M\u016bzi\u0137e aicina pal\u012bdz\u0113t b\u0113rniem \u2013 sekot vi\u0146u sap\u0146iem, par\u0101d\u012bt, ka dz\u012bve ir izaicin\u0101jums vai nekas, aicina m\u012bl\u0113t, smieties,&hellip;\n","protected":false},"author":2,"featured_media":91824,"comment_status":"","ping_status":"","sticky":false,"template":"","format":"standard","meta":{"footnotes":""},"categories":[19],"tags":[23078,89,90,35,39,38,36,37,34,40],"class_list":{"0":"post-91823","1":"post","2":"type-post","3":"status-publish","4":"format-standard","5":"has-post-thumbnail","7":"category-izklaide","8":"tag-dziedatajajaunais-gadspinkslavenibu-hospitalizacija","9":"tag-entertainment","10":"tag-izklaide","11":"tag-latvia","12":"tag-latvian","13":"tag-latviesu","14":"tag-latviesu-valoda","15":"tag-latviesuvaloda","16":"tag-latvija","17":"tag-lv"},"share_on_mastodon":{"url":"https:\/\/pubeurope.com\/@lv\/115820503074568120","error":""},"_links":{"self":[{"href":"https:\/\/www.europesays.com\/lv\/wp-json\/wp\/v2\/posts\/91823","targetHints":{"allow":["GET"]}}],"collection":[{"href":"https:\/\/www.europesays.com\/lv\/wp-json\/wp\/v2\/posts"}],"about":[{"href":"https:\/\/www.europesays.com\/lv\/wp-json\/wp\/v2\/types\/post"}],"author":[{"embeddable":true,"href":"https:\/\/www.europesays.com\/lv\/wp-json\/wp\/v2\/users\/2"}],"replies":[{"embeddable":true,"href":"https:\/\/www.europesays.com\/lv\/wp-json\/wp\/v2\/comments?post=91823"}],"version-history":[{"count":0,"href":"https:\/\/www.europesays.com\/lv\/wp-json\/wp\/v2\/posts\/91823\/revisions"}],"wp:featuredmedia":[{"embeddable":true,"href":"https:\/\/www.europesays.com\/lv\/wp-json\/wp\/v2\/media\/91824"}],"wp:attachment":[{"href":"https:\/\/www.europesays.com\/lv\/wp-json\/wp\/v2\/media?parent=91823"}],"wp:term":[{"taxonomy":"category","embeddable":true,"href":"https:\/\/www.europesays.com\/lv\/wp-json\/wp\/v2\/categories?post=91823"},{"taxonomy":"post_tag","embeddable":true,"href":"https:\/\/www.europesays.com\/lv\/wp-json\/wp\/v2\/tags?post=91823"}],"curies":[{"name":"wp","href":"https:\/\/api.w.org\/{rel}","templated":true}]}}