{"id":91828,"date":"2026-01-01T15:21:07","date_gmt":"2026-01-01T15:21:07","guid":{"rendered":"https:\/\/www.europesays.com\/lv\/91828\/"},"modified":"2026-01-01T15:21:07","modified_gmt":"2026-01-01T15:21:07","slug":"aizdomas-par-kabela-bojasanu-somu-lici-turetajam-kugim-ir-sankcijam-paklauta-krava","status":"publish","type":"post","link":"https:\/\/www.europesays.com\/lv\/91828\/","title":{"rendered":"Aizdom\u0101s par kabe\u013ca boj\u0101\u0161anu Somu l\u012bc\u012b tur\u0113tajam ku\u0123im ir sankcij\u0101m pak\u013cauta krava"},"content":{"rendered":"<p>Saska\u0146\u0101 ar Somijas policijas sniegtaj\u0101m apkalpes locek\u013ci ir Krievijas, Gruzijas, Azerbaid\u017e\u0101nas un Kazahst\u0101nas pilso\u0146i.<\/p>\n<p>P\u0113c ku\u0123u izseko\u0161anas vietnes \u201cMarine Traffic\u201d datiem, ku\u0123a galam\u0113r\u0137is ir Haifas osta Izra\u0113l\u0101.<\/p>\n<p>Somijas policija cen\u0161as noskaidrot, vai ku\u0123is ir vainojams kabe\u013ca boj\u0101\u0161an\u0101 un ir nopratin\u0101jusi ku\u0123a apkalpes locek\u013cus.<\/p>\n<p>Jau v\u0113st\u012bts, ka \u201cElisa\u201d tre\u0161dienas r\u012bt\u0101 konstat\u0113ja kabe\u013ca boj\u0101jumu un par to zi\u0146oja Somijas varasiest\u0101d\u0113m.<\/p>\n<p>Somijas robe\u017esardzes patru\u013cku\u0123is un helikopters aizdom\u0101s tur\u0113to ku\u0123i fiks\u0113ja Somijas ekskluz\u012bvaj\u0101 ekonomiskaj\u0101 zon\u0101 un tika konstat\u0113ts, ka ku\u0123a enkurs ir nolaists j\u016br\u0101.<\/p>\n<p>Somijas robe\u017esardze lika ku\u0123im apst\u0101ties, pacelt enkuru un doties uz Somijas teritori\u0101lajiem \u016bde\u0146iem. Pa\u0161laik ku\u0123is atrodas Kantvikas ost\u0101.<\/p>\n<p>\u201cElisa\u201d pazi\u0146ojusi, ka boj\u0101t\u0101 kabe\u013ca d\u0113\u013c uz\u0146\u0113muma klientiem ne Somij\u0101, ne Igaunij\u0101 nav radu\u0161ies sakaru trauc\u0113jumi.<\/p>\n<p class=\"tv3-fw-500\">Zi\u0146o par k\u013c\u016bdu rakst\u0101<\/p>\n<p class=\"d-md-block d-none\">Iez\u012bm\u0113 k\u013c\u016bdaino tekstu un spied Ctrl+Enter.<\/p>\n<p class=\"d-md-none d-block\">Iez\u012bm\u0113 k\u013c\u016bdaino tekstu un zi\u0146o par to!<\/p>\n","protected":false},"excerpt":{"rendered":"Saska\u0146\u0101 ar Somijas policijas sniegtaj\u0101m apkalpes locek\u013ci ir Krievijas, Gruzijas, Azerbaid\u017e\u0101nas un Kazahst\u0101nas pilso\u0146i. P\u0113c ku\u0123u izseko\u0161anas vietnes&hellip;\n","protected":false},"author":2,"featured_media":91829,"comment_status":"","ping_status":"","sticky":false,"template":"","format":"standard","meta":{"footnotes":""},"categories":[19],"tags":[23079,89,90,35,39,38,36,37,34,40],"class_list":{"0":"post-91828","1":"post","2":"type-post","3":"status-publish","4":"format-standard","5":"has-post-thumbnail","7":"category-izklaide","8":"tag-eiropas-savienibaenu-flotekrievijasomijasomu-licis","9":"tag-entertainment","10":"tag-izklaide","11":"tag-latvia","12":"tag-latvian","13":"tag-latviesu","14":"tag-latviesu-valoda","15":"tag-latviesuvaloda","16":"tag-latvija","17":"tag-lv"},"share_on_mastodon":{"url":"https:\/\/pubeurope.com\/@lv\/115820526493977253","error":""},"_links":{"self":[{"href":"https:\/\/www.europesays.com\/lv\/wp-json\/wp\/v2\/posts\/91828","targetHints":{"allow":["GET"]}}],"collection":[{"href":"https:\/\/www.europesays.com\/lv\/wp-json\/wp\/v2\/posts"}],"about":[{"href":"https:\/\/www.europesays.com\/lv\/wp-json\/wp\/v2\/types\/post"}],"author":[{"embeddable":true,"href":"https:\/\/www.europesays.com\/lv\/wp-json\/wp\/v2\/users\/2"}],"replies":[{"embeddable":true,"href":"https:\/\/www.europesays.com\/lv\/wp-json\/wp\/v2\/comments?post=91828"}],"version-history":[{"count":0,"href":"https:\/\/www.europesays.com\/lv\/wp-json\/wp\/v2\/posts\/91828\/revisions"}],"wp:featuredmedia":[{"embeddable":true,"href":"https:\/\/www.europesays.com\/lv\/wp-json\/wp\/v2\/media\/91829"}],"wp:attachment":[{"href":"https:\/\/www.europesays.com\/lv\/wp-json\/wp\/v2\/media?parent=91828"}],"wp:term":[{"taxonomy":"category","embeddable":true,"href":"https:\/\/www.europesays.com\/lv\/wp-json\/wp\/v2\/categories?post=91828"},{"taxonomy":"post_tag","embeddable":true,"href":"https:\/\/www.europesays.com\/lv\/wp-json\/wp\/v2\/tags?post=91828"}],"curies":[{"name":"wp","href":"https:\/\/api.w.org\/{rel}","templated":true}]}}