{"id":91834,"date":"2026-01-01T15:27:09","date_gmt":"2026-01-01T15:27:09","guid":{"rendered":"https:\/\/www.europesays.com\/lv\/91834\/"},"modified":"2026-01-01T15:27:09","modified_gmt":"2026-01-01T15:27:09","slug":"pec-skirsanas-grencberga-sagaida-jauno-gadu-ar-dzilindzera-bijuso-sievu-un-meitu-santa","status":"publish","type":"post","link":"https:\/\/www.europesays.com\/lv\/91834\/","title":{"rendered":"P\u0113c \u0161\u0137ir\u0161an\u0101s Grencberga sagaida jauno gadu ar D\u017eilind\u017eera biju\u0161o sievu un meitu \u2014 Santa"},"content":{"rendered":"<p>Re\u017eisora piekt\u0101 sieva <a data-id=\"122861\" href=\"https:\/\/www.santa.lv\/tema\/122861\/elina-maligina?utm_source=internal&amp;utm_medium=article&amp;utm_campaign=theme_link\" target=\"_blank\" rel=\"nofollow noopener\">El\u012bna Maligina<\/a> jau vair\u0101kus gadus dz\u012bvo Sp\u0101nij\u0101. Vi\u0146ai izdevies nodibin\u0101t draudz\u012bgas attiec\u012bbas ar sava biju\u0161\u0101 v\u012bra sesto sievu Ingu Grencbergu. El\u012bnas un D\u017e. D\u017e. D\u017eilind\u017eera meita Hanna bie\u017ei viesojusies pie sava t\u0113va, un ar\u012b vi\u0146ai izveidojies labs kontakts ar Ingu. Reiz Inga pat atzin\u0101s, ka El\u012bna vi\u0146ai ir pati m\u012b\u013c\u0101k\u0101 D\u017e. D\u017e. D\u017eilind\u017eera bijus\u012b sieva.<\/p>\n<p>Aizvad\u012bt\u0101 gada nogale Ingai izv\u0113rt\u0101s smaga un p\u0101rdz\u012bvojumiem pilna. Vi\u0146a nesl\u0113pj, \u00a0ka laul\u012bbas izjuk\u0161ana ir \u013coti s\u0101p\u012bgs process. Lai remd\u0113tu sirdss\u0101pes, Inga pirms gadu mijas dev\u0101s ce\u013cojum\u0101 \u2013 uz Sp\u0101niju. \u00abSav\u0101 2026. eju ar \u00abAtskaties atpaka\u013c tikai t\u0101p\u0113c, lai redz\u0113tu, cik t\u0101lu tu esi tikusi\u00bb. \u0160is Melas Robinsas sac\u012btais atn\u0101ca pie manis 2025. gada p\u0113d\u0113j\u0101s dien\u0101s, tie\u0161i tik pat laik\u0101, cik gada s\u0101kum\u0101,\u00bb\u00a0Instagram pauda \u00a0Inga.<\/p>\n<blockquote><p>&#13;<\/p>\n<p>\u00abLai viss izdodas! K\u013c\u016bdas labosim pa ce\u013cam!\u00bb piebilda vi\u0146a.<\/p>\n<p>&#13;\n<\/p><\/blockquote>\n<p>Vecgada vakar\u0101 Grencberga publiskoja fotogr\u0101fiju \u2013 t\u0113rpusies pl\u012b\u0161a pid\u017eam\u0101, vi\u0146a taj\u0101 redzama kop\u0101 ar El\u012bnu Maliginu un D\u017e. D\u017e. D\u017eilind\u017eera meitu Hannu.<\/p>\n<p>\u00a0<\/p>\n<p>        <a href=\"https:\/\/www.europesays.com\/lv\/wp-content\/uploads\/2026\/01\/97c40ad14181.jpg\"><img decoding=\"async\" alt=\"\" class=\"no-convert\" src=\"https:\/\/www.europesays.com\/lv\/wp-content\/uploads\/2026\/01\/97c40ad14181.jpg\"\/><\/a><\/p>\n<p> Foto: Instagram<\/p>\n<p>\u00a0<\/p>\n<p>Par to, ka izjukusi re\u017eisora D\u017e. D\u017e. D\u017eilind\u017eera un vi\u0146a sest\u0101s sievas rakstnieces Ingas Grencbergas laul\u012bba tapa zin\u0101s p\u0113rn\u0101 gada nogal\u0113. Re\u017eisors apstiprin\u0101ja \u0161o faktu, bet Inga izv\u0113l\u0113j\u0101s par \u0161o t\u0113mu koment\u0101rus nesniegt.\u00a0Ziemassv\u0113tku priek\u0161vakar\u0101 vi\u0146a public\u0113ja sirdi ploso\u0161u melnbaltu video, kur\u0101 redzama raudam. Vi\u0146u \u0161aj\u0101 dz\u012bves smagaj\u0101 posm\u0101 atbalst\u012bja daudzas sabiedr\u012bb\u0101 zin\u0101mas sievietes \u2013 Dagm\u0101ra Legante, Agnese Zelti\u0146a, Henrieta Verhoustinska, Aija Strazdi\u0146a-Ratinska, Marta Grigale un citas. \u00abM\u0113s visas esam k\u0101dreiz nedaudz nomiru\u0161as,\u00bb\u00a0rakst\u012bja Dagm\u0101ra, atg\u0101dinot teicienu, ka katra \u0161\u0137ir\u0161an\u0101s ir k\u0101 maza n\u0101ve.<\/p>\n<p>\u0160is laiks Ingas Grencbergas dz\u012bv\u0113 bijis da\u017e\u0101du emociju piepild\u012bts. Decembr\u012b ang\u013cu valod\u0101 izn\u0101ca Ingas Grencbergas debijas rom\u0101ns Sest\u0101 sieva. T\u0101 nu sakrita, ka tas notika tie\u0161i \u0161aj\u0101 p\u0101rmai\u0146u posm\u0101. K\u0101 sac\u012bja pati Inga, \u00abes nezinu, vai visp\u0101r b\u016btu iesp\u0113jams prec\u012bz\u0101ks mirklis\u00bb.<\/p>\n<p>\u00a0<\/p>\n<p>\u00a0<\/p>\n<p>\u00a0<\/p>\n<p>\u00a0<\/p>\n<p>\u00a0<\/p>\n","protected":false},"excerpt":{"rendered":"Re\u017eisora piekt\u0101 sieva El\u012bna Maligina jau vair\u0101kus gadus dz\u012bvo Sp\u0101nij\u0101. Vi\u0146ai izdevies nodibin\u0101t draudz\u012bgas attiec\u012bbas ar sava biju\u0161\u0101&hellip;\n","protected":false},"author":2,"featured_media":91835,"comment_status":"","ping_status":"","sticky":false,"template":"","format":"standard","meta":{"footnotes":""},"categories":[19],"tags":[89,90,35,39,38,36,37,34,40],"class_list":{"0":"post-91834","1":"post","2":"type-post","3":"status-publish","4":"format-standard","5":"has-post-thumbnail","7":"category-izklaide","8":"tag-entertainment","9":"tag-izklaide","10":"tag-latvia","11":"tag-latvian","12":"tag-latviesu","13":"tag-latviesu-valoda","14":"tag-latviesuvaloda","15":"tag-latvija","16":"tag-lv"},"share_on_mastodon":{"url":"https:\/\/pubeurope.com\/@lv\/115820550055417601","error":""},"_links":{"self":[{"href":"https:\/\/www.europesays.com\/lv\/wp-json\/wp\/v2\/posts\/91834","targetHints":{"allow":["GET"]}}],"collection":[{"href":"https:\/\/www.europesays.com\/lv\/wp-json\/wp\/v2\/posts"}],"about":[{"href":"https:\/\/www.europesays.com\/lv\/wp-json\/wp\/v2\/types\/post"}],"author":[{"embeddable":true,"href":"https:\/\/www.europesays.com\/lv\/wp-json\/wp\/v2\/users\/2"}],"replies":[{"embeddable":true,"href":"https:\/\/www.europesays.com\/lv\/wp-json\/wp\/v2\/comments?post=91834"}],"version-history":[{"count":0,"href":"https:\/\/www.europesays.com\/lv\/wp-json\/wp\/v2\/posts\/91834\/revisions"}],"wp:featuredmedia":[{"embeddable":true,"href":"https:\/\/www.europesays.com\/lv\/wp-json\/wp\/v2\/media\/91835"}],"wp:attachment":[{"href":"https:\/\/www.europesays.com\/lv\/wp-json\/wp\/v2\/media?parent=91834"}],"wp:term":[{"taxonomy":"category","embeddable":true,"href":"https:\/\/www.europesays.com\/lv\/wp-json\/wp\/v2\/categories?post=91834"},{"taxonomy":"post_tag","embeddable":true,"href":"https:\/\/www.europesays.com\/lv\/wp-json\/wp\/v2\/tags?post=91834"}],"curies":[{"name":"wp","href":"https:\/\/api.w.org\/{rel}","templated":true}]}}