{"id":91837,"date":"2026-01-01T15:31:11","date_gmt":"2026-01-01T15:31:11","guid":{"rendered":"https:\/\/www.europesays.com\/lv\/91837\/"},"modified":"2026-01-01T15:31:11","modified_gmt":"2026-01-01T15:31:11","slug":"siltumenergijas-tarifi-pieaugs-septiniem-komersantiem","status":"publish","type":"post","link":"https:\/\/www.europesays.com\/lv\/91837\/","title":{"rendered":"Siltumener\u0123ijas tarifi pieaugs septi\u0146iem komersantiem"},"content":{"rendered":"<p>Zem\u0101ki siltumener\u0123ijas tarifi apstiprin\u0101ti SIA &#8220;Adven Sigulda&#8221; Siguld\u0101 &#8211; 94,57 eiro par megavatstundu (MWh), SIA &#8220;Auces komun\u0101lie pakalpojumi&#8221; Auc\u0113 un B\u0113nes ciem\u0101 &#8211; 65,71 eiro par megavatstundu, SIA &#8220;VNK serviss&#8221; Ug\u0101l\u0113 &#8211; 81,93 eiro par megavatstundu, Bl\u0101zmas ciem\u0101 &#8211; 87,75 eiro par megavatstundu, U\u017eavas pagast\u0101 &#8211; 115,92 eiro par megavatstundu, V\u0101rves pagast\u0101 &#8211; 109,35 eiro par megavatstundu, Stiklu ciem\u0101 &#8211; 122,89 eiro par megavatstundu un J\u016brkalnes ciem\u0101 &#8211; 93,79 eiro par megavatstundu.<\/p>\n<p>Savuk\u0101rt augst\u0101ki siltumener\u0123ijas tarifi apstiprin\u0101ti SIA &#8220;Aizkraukles siltums&#8221; Aizkraukles pils\u0113t\u0101 un Ir\u0161u pagast\u0101 &#8211; 77,08 eiro par megavatstundu, SIA &#8220;Adven Latvia&#8221; C\u0113s\u012bs &#8211; 84,67 eiro par megavatstundu, SIA &#8220;M\u0101rupes komun\u0101lie pakalpojumi&#8221; Pi\u0146\u0137os, M\u0101rupes ciem\u0101, Skultes ciem\u0101 un T\u012braines ciem\u0101 &#8211; 95,60 eiro par megavatstundu, SIA &#8220;J\u0113kabpils siltums&#8221; J\u0113kabpils pils\u0113t\u0101, Brodu ciem\u0101, K\u016bku ciem\u0101, Me\u017e\u0101res ciem\u0101, Spun\u0123\u0113nu ciem\u0101 un Varie\u0161u ciem\u0101 &#8211; 80,71 eiro par megavatstundu, SIA &#8220;J\u016brmalas siltums&#8221; &#8211; 86,8 eiro par megavatstundu, SIA &#8220;Valmieras \u016bdens&#8221; &#8211; 80,28 eiro par megavatstundu, SIA &#8220;VNK serviss&#8221; Usmas ciem\u0101 &#8211; 93,39 eiro par megavatstundu, Pilten\u0113 &#8211; 76,03 eiro par megavatstundu un T\u0101rgal\u0113 &#8211; 72,21 eiro par megavatstundu.<\/p>\n","protected":false},"excerpt":{"rendered":"Zem\u0101ki siltumener\u0123ijas tarifi apstiprin\u0101ti SIA &#8220;Adven Sigulda&#8221; Siguld\u0101 &#8211; 94,57 eiro par megavatstundu (MWh), SIA &#8220;Auces komun\u0101lie pakalpojumi&#8221;&hellip;\n","protected":false},"author":2,"featured_media":91838,"comment_status":"","ping_status":"","sticky":false,"template":"","format":"standard","meta":{"footnotes":""},"categories":[12],"tags":[23,28,29,32,33,22,30,31,35,39,38,36,37,34,40,20,26,27,22742,24,25,21],"class_list":{"0":"post-91837","1":"post","2":"type-post","3":"status-publish","4":"format-standard","5":"has-post-thumbnail","7":"category-latvija","8":"tag-aktualitates","9":"tag-breaking-news","10":"tag-breakingnews","11":"tag-featured-news","12":"tag-featurednews","13":"tag-headlines","14":"tag-latest-news","15":"tag-latestnews","16":"tag-latvia","17":"tag-latvian","18":"tag-latviesu","19":"tag-latviesu-valoda","20":"tag-latviesuvaloda","21":"tag-latvija","22":"tag-lv","23":"tag-news","24":"tag-popularakas-zinas","25":"tag-popularakaszinas","26":"tag-sprk","27":"tag-top-stories","28":"tag-topstories","29":"tag-zinas"},"share_on_mastodon":{"url":"https:\/\/pubeurope.com\/@lv\/115820565807577957","error":""},"_links":{"self":[{"href":"https:\/\/www.europesays.com\/lv\/wp-json\/wp\/v2\/posts\/91837","targetHints":{"allow":["GET"]}}],"collection":[{"href":"https:\/\/www.europesays.com\/lv\/wp-json\/wp\/v2\/posts"}],"about":[{"href":"https:\/\/www.europesays.com\/lv\/wp-json\/wp\/v2\/types\/post"}],"author":[{"embeddable":true,"href":"https:\/\/www.europesays.com\/lv\/wp-json\/wp\/v2\/users\/2"}],"replies":[{"embeddable":true,"href":"https:\/\/www.europesays.com\/lv\/wp-json\/wp\/v2\/comments?post=91837"}],"version-history":[{"count":0,"href":"https:\/\/www.europesays.com\/lv\/wp-json\/wp\/v2\/posts\/91837\/revisions"}],"wp:featuredmedia":[{"embeddable":true,"href":"https:\/\/www.europesays.com\/lv\/wp-json\/wp\/v2\/media\/91838"}],"wp:attachment":[{"href":"https:\/\/www.europesays.com\/lv\/wp-json\/wp\/v2\/media?parent=91837"}],"wp:term":[{"taxonomy":"category","embeddable":true,"href":"https:\/\/www.europesays.com\/lv\/wp-json\/wp\/v2\/categories?post=91837"},{"taxonomy":"post_tag","embeddable":true,"href":"https:\/\/www.europesays.com\/lv\/wp-json\/wp\/v2\/tags?post=91837"}],"curies":[{"name":"wp","href":"https:\/\/api.w.org\/{rel}","templated":true}]}}