{"id":91845,"date":"2026-01-01T15:39:07","date_gmt":"2026-01-01T15:39:07","guid":{"rendered":"https:\/\/www.europesays.com\/lv\/91845\/"},"modified":"2026-01-01T15:39:07","modified_gmt":"2026-01-01T15:39:07","slug":"video-ozola-jauna-dziesma-aust-rits-un-30-gadu-jubilejas-koncerts-sanem-sajusminatas-atsauksmes-lente-lv","status":"publish","type":"post","link":"https:\/\/www.europesays.com\/lv\/91845\/","title":{"rendered":"VIDEO. Ozola jaun\u0101 dziesma &#8220;Aust R\u012bts&#8221; un 30 gadu jubilejas koncerts sa\u0146em saj\u016bsmin\u0101tas atsauksmes\u00a0\u2014\u00a0Lente.lv"},"content":{"rendered":"<p>Jauns singls un gaid\u0101mais koncerts<\/p>\n<p>Latvie\u0161u hiphopa m\u0101kslinieks Ozols, \u012bstaj\u0101 v\u0101rd\u0101 \u0122irts Rozent\u0101ls, ir izdevis savu jaun\u0101ko singlu &#8220;Aust R\u012bts&#8221;, kas iez\u012bm\u0113 jaunu rado\u0161o posmu vi\u0146a karjer\u0101. K\u0101 zi\u0146o Latvijas Av\u012bze, \u0161is ska\u0146darbs simboliz\u0113 atjaunotni un rado\u0161u sp\u0113ku piepl\u016bdumu, ko Ozols raksturo k\u0101 &#8220;jaunu l\u012bmeni&#8221;. Dziesmas pirmatska\u0146ojums izrais\u012bjis pla\u0161u rezonansi un saj\u016bsmu klaus\u012bt\u0101ju vid\u016b.<\/p>\n<p>Vienlaikus ar jaun\u0101 singla izn\u0101k\u0161anu Ozols ir pazi\u0146ojis par savu gaid\u0101mo 30. jubilejas koncertu &#8220;Cie\u0146a un m\u012blest\u012bba&#8221;. Pas\u0101kums notiks 2026. gada 5. decembr\u012b &#8220;Xiaomi Ar\u0113n\u0101&#8221; R\u012bg\u0101 un atz\u012bm\u0113s 30 gadus kop\u0161 grupas FACT dibin\u0101\u0161anas 1996. gad\u0101, k\u0101 ar\u012b 2001. gad\u0101 izn\u0101ku\u0161\u0101 debijas albuma &#8220;Cie\u0146a un M\u012blest\u012bba&#8221;, kas bija pirmais pilnmetr\u0101\u017eas repa albums latvie\u0161u valod\u0101.<\/p>\n<p>Singla &#8220;Aust R\u012bts&#8221; tap\u0161anas process un v\u0113st\u012bjums<\/p>\n<p>Dziesmas &#8220;Aust R\u012bts&#8221; rad\u012b\u0161anas process aizs\u0101k\u0101s 2025. gada august\u0101 rado\u0161aj\u0101 nometn\u0113 Saulkrastos, kur pie b\u012btiem str\u0101d\u0101ja Ozola ilggad\u0113jais domubiedrs Nikl\u0101vs. Pie singla tap\u0161anas piedal\u012bju\u0161ies ar\u012b Kaspars V\u012bzulis, b\u012btmeikeris &#8220;Pre&#8217;set&#8221;, Arnis Ra\u010dinskis no &#8220;Mute&#8221; studijas, M\u0101ris Zihmanis (Elfs) un Ritvars Garoza, radot muzik\u0101li bag\u0101tu un kvalitat\u012bvu ska\u0146darbu.<\/p>\n<p>Singls tiek rakteteriz\u0113ts k\u0101 agres\u012bvs, tie\u0161s un nefiltr\u0113ts, ar \u017eargonismiem un brut\u0101lu atkl\u0101t\u012bbu, kas atspogu\u013co dz\u012bvi rajonos un vidi, kas Ozolu ir veidojusi. &#8220;Aust R\u012bts&#8221; ir simbolisks st\u0101sts par il\u016bzij\u0101m, ko rad\u0101m sev pa\u0161i, un par iek\u0161\u0113jo dz\u012bves ritmu, kas nereti nesakr\u012bt ar \u0101rpasaules pras\u012bb\u0101m.<\/p>\n<p>Videoklips un t\u0101 simbolisms<\/p>\n<p>Singlam &#8220;Aust R\u012bts&#8221; tapis ar\u012b videoklips, ko veidojusi &#8220;Armless Birds&#8221; rado\u0161\u0101 komanda. Video izce\u013c eso\u0161\u0101 laikmeta straujo dz\u012bves ritmu un ikdieni\u0161\u0137o atkar\u012bbu pieradumus, kas var k\u013c\u016bt par trauc\u0113kli ce\u013c\u0101 uz sevis piepild\u012b\u0161anu. Klipa vizu\u0101lais risin\u0101jums balans\u0113 starp realit\u0101ti un metaforu, pied\u0101v\u0101jot skat\u012bt\u0101jam nevis atbildes, bet saj\u016btas.<\/p>\n<p>Tr\u012bsdesmit gadu jubilejas svin\u012bbas<\/p>\n<p>Koncerts &#8220;Cie\u0146a un m\u012blest\u012bba&#8221; sol\u0101s b\u016bt ne tikai atskats uz tr\u012bsdesmit rado\u0161\u0101s darb\u012bbas gadiem, bet ar\u012b sv\u0113tki, kas apvienos gan klaus\u012bt\u0101ju iem\u012b\u013cotos klasiskos hitus, gan ar\u012b jaun\u0101kos darbus. Ozols savu pirmo ar\u0113nas koncertu 2023. gada nogal\u0113 atceras k\u0101 milz\u012bgu emocion\u0101lu piedz\u012bvojumu, un paredz, ka 2026. gada pas\u0101kums sniegs l\u012bdz\u012bgu, ja ne v\u0113l sp\u0113c\u012bg\u0101ku pieredzi. Vi\u0146\u0161 nor\u0101da, ka 2026. gads ir \u012bpa\u0161s, jo pirms 30 gadiem tika dibin\u0101ta grupa FACT, un 2001. gad\u0101 izn\u0101ca vi\u0146a debijas albums &#8220;Cie\u0146a un M\u012blest\u012bba&#8221;.<\/p>\n<p>Ozols k\u0101 latvie\u0161u hiphopa pamatlic\u0113js<\/p>\n<p>Ozols tiek d\u0113v\u0113ts par latvju repa krustt\u0113vu un ir viens no spilgt\u0101kajiem un ietekm\u012bg\u0101kajiem hiphopa m\u0101ksliniekiem Latvij\u0101. Vi\u0146a karjera aizs\u0101k\u0101s jau 90. gadu vid\u016b, un kop\u0161 t\u0101 laika vi\u0146\u0161 ir nep\u0101rtraukti att\u012bst\u012bjies un veidojis latvie\u0161u repa m\u016bzikas ainavu. Ozola iepriek\u0161\u0113jie darbi, piem\u0113ram, albums &#8220;Atpaka\u013c n\u0101kotn\u0113&#8221;, ir sa\u0146\u0113mu\u0161i ar\u012b presti\u017eas balvas, apliecinot vi\u0146a m\u0101ksliniecisko v\u0113rt\u012bbu.<\/p>\n","protected":false},"excerpt":{"rendered":"Jauns singls un gaid\u0101mais koncerts Latvie\u0161u hiphopa m\u0101kslinieks Ozols, \u012bstaj\u0101 v\u0101rd\u0101 \u0122irts Rozent\u0101ls, ir izdevis savu jaun\u0101ko singlu&hellip;\n","protected":false},"author":2,"featured_media":91846,"comment_status":"","ping_status":"","sticky":false,"template":"","format":"standard","meta":{"footnotes":""},"categories":[19],"tags":[18316,18317,89,5321,90,202,35,39,38,36,37,34,40,2370],"class_list":{"0":"post-91845","1":"post","2":"type-post","3":"status-publish","4":"format-standard","5":"has-post-thumbnail","7":"category-izklaide","8":"tag-aust-rits","9":"tag-ciena-un-milestiba","10":"tag-entertainment","11":"tag-hiphops","12":"tag-izklaide","13":"tag-koncerts","14":"tag-latvia","15":"tag-latvian","16":"tag-latviesu","17":"tag-latviesu-valoda","18":"tag-latviesuvaloda","19":"tag-latvija","20":"tag-lv","21":"tag-ozols"},"share_on_mastodon":{"url":"https:\/\/pubeurope.com\/@lv\/115820597307758144","error":""},"_links":{"self":[{"href":"https:\/\/www.europesays.com\/lv\/wp-json\/wp\/v2\/posts\/91845","targetHints":{"allow":["GET"]}}],"collection":[{"href":"https:\/\/www.europesays.com\/lv\/wp-json\/wp\/v2\/posts"}],"about":[{"href":"https:\/\/www.europesays.com\/lv\/wp-json\/wp\/v2\/types\/post"}],"author":[{"embeddable":true,"href":"https:\/\/www.europesays.com\/lv\/wp-json\/wp\/v2\/users\/2"}],"replies":[{"embeddable":true,"href":"https:\/\/www.europesays.com\/lv\/wp-json\/wp\/v2\/comments?post=91845"}],"version-history":[{"count":0,"href":"https:\/\/www.europesays.com\/lv\/wp-json\/wp\/v2\/posts\/91845\/revisions"}],"wp:featuredmedia":[{"embeddable":true,"href":"https:\/\/www.europesays.com\/lv\/wp-json\/wp\/v2\/media\/91846"}],"wp:attachment":[{"href":"https:\/\/www.europesays.com\/lv\/wp-json\/wp\/v2\/media?parent=91845"}],"wp:term":[{"taxonomy":"category","embeddable":true,"href":"https:\/\/www.europesays.com\/lv\/wp-json\/wp\/v2\/categories?post=91845"},{"taxonomy":"post_tag","embeddable":true,"href":"https:\/\/www.europesays.com\/lv\/wp-json\/wp\/v2\/tags?post=91845"}],"curies":[{"name":"wp","href":"https:\/\/api.w.org\/{rel}","templated":true}]}}