{"id":91847,"date":"2026-01-01T15:40:07","date_gmt":"2026-01-01T15:40:07","guid":{"rendered":"https:\/\/www.europesays.com\/lv\/91847\/"},"modified":"2026-01-01T15:40:07","modified_gmt":"2026-01-01T15:40:07","slug":"jaungada-davana-chelsea-atlaiz-galveno-treneri","status":"publish","type":"post","link":"https:\/\/www.europesays.com\/lv\/91847\/","title":{"rendered":"Jaungada \u201cd\u0101vana\u201d \u2013 \u201cChelsea\u201d atlai\u017e galveno treneri"},"content":{"rendered":"<p>                                <img decoding=\"async\" src=\"https:\/\/www.europesays.com\/lv\/wp-content\/uploads\/2026\/01\/enco-mareska-sportazinas-com-750x450.jpg\"   alt=\"Enco Mareska\" class=\"post-featured-image\"\/><\/p>\n<p>Enco Mareska | Foto: Londonas &#8220;Chelsea&#8221;<\/p>\n<p>Anglijas premjerl\u012bgas komanda atlaidusi galveno treneri <a href=\"http:\/\/sportazinas.com\/atsl%C4%93gv%C4%81rdi\/enco-mareska\" rel=\"nofollow noopener\" target=\"_blank\">Enco Maresku<\/a>, <a href=\"https:\/\/www.chelseafc.com\/en\/news\/article\/club-statement-enzo-maresca\" target=\"_blank\" rel=\"noreferrer noopener nofollow\">v\u0113sta<\/a> klubs.<\/p>\n<p>\u201cStr\u0101d\u0101jot klub\u0101, Enco aizveda komandu l\u012bdz pan\u0101kumam UEFA Konferences l\u012bg\u0101 un FIFA klubu pasaules kaus\u0101. \u0160ie sasniegumi paliks par svar\u012bgu da\u013cu no kluba v\u0113stures un m\u0113s pateicamies trenerim par vi\u0146a ieguld\u012bjumu kluba att\u012bst\u012bb\u0101.<\/p>\n<p>\u0145emot v\u0113r\u0101 to, ka \u010detros turn\u012bros mums v\u0113l j\u0101sasniedz noz\u012bm\u012bgie m\u0113r\u0137i, ieskaitot kvalific\u0113\u0161anos \u010cempionu l\u012bgai, Enco un klubs uzskata, ka trenera mai\u0146a dos komandai lab\u0101k\u0101s izredzes atgriezt sezonu vajadz\u012bg\u0101 virzien\u0101. V\u0113lam Enco visu to lab\u0101ko n\u0101kotn\u0113,\u201d teikts kluba pazi\u0146ojum\u0101.<\/p>\n<p>Ar 30 punktiem 19 sp\u0113l\u0113s \u201cChelsea\u201d ie\u0146em piekto vietu Anglijas premjerl\u012bg\u0101.<\/p>\n<p>It\u0101\u013cu speci\u0101lists par \u201cChelsea\u201d galveno treneri k\u013cuva p\u0113rn\u0101 gada j\u016blij\u0101. Vi\u0146a vad\u012bb\u0101 komanda 92 sp\u0113l\u0113s svin\u0113ja 55 uzvaras un piedz\u012bvoja 21 zaud\u0113jumu, v\u0113l 16 ma\u010diem nosl\u0113dzoties neiz\u0161\u0137irti.<\/p>\n<p>J\u0101atz\u012bm\u0113, ka p\u0113rn nosl\u0113gtais l\u012bgums bija paredz\u0113ts l\u012bdz 2029. gadam.<\/p>\n","protected":false},"excerpt":{"rendered":"Enco Mareska | Foto: Londonas &#8220;Chelsea&#8221; Anglijas premjerl\u012bgas komanda atlaidusi galveno treneri Enco Maresku, v\u0113sta klubs. \u201cStr\u0101d\u0101jot klub\u0101,&hellip;\n","protected":false},"author":2,"featured_media":91848,"comment_status":"","ping_status":"","sticky":false,"template":"","format":"standard","meta":{"footnotes":""},"categories":[17],"tags":[35,39,38,36,37,34,40,67],"class_list":{"0":"post-91847","1":"post","2":"type-post","3":"status-publish","4":"format-standard","5":"has-post-thumbnail","7":"category-sports","8":"tag-latvia","9":"tag-latvian","10":"tag-latviesu","11":"tag-latviesu-valoda","12":"tag-latviesuvaloda","13":"tag-latvija","14":"tag-lv","15":"tag-sports"},"share_on_mastodon":{"url":"https:\/\/pubeurope.com\/@lv\/115820601229890114","error":""},"_links":{"self":[{"href":"https:\/\/www.europesays.com\/lv\/wp-json\/wp\/v2\/posts\/91847","targetHints":{"allow":["GET"]}}],"collection":[{"href":"https:\/\/www.europesays.com\/lv\/wp-json\/wp\/v2\/posts"}],"about":[{"href":"https:\/\/www.europesays.com\/lv\/wp-json\/wp\/v2\/types\/post"}],"author":[{"embeddable":true,"href":"https:\/\/www.europesays.com\/lv\/wp-json\/wp\/v2\/users\/2"}],"replies":[{"embeddable":true,"href":"https:\/\/www.europesays.com\/lv\/wp-json\/wp\/v2\/comments?post=91847"}],"version-history":[{"count":0,"href":"https:\/\/www.europesays.com\/lv\/wp-json\/wp\/v2\/posts\/91847\/revisions"}],"wp:featuredmedia":[{"embeddable":true,"href":"https:\/\/www.europesays.com\/lv\/wp-json\/wp\/v2\/media\/91848"}],"wp:attachment":[{"href":"https:\/\/www.europesays.com\/lv\/wp-json\/wp\/v2\/media?parent=91847"}],"wp:term":[{"taxonomy":"category","embeddable":true,"href":"https:\/\/www.europesays.com\/lv\/wp-json\/wp\/v2\/categories?post=91847"},{"taxonomy":"post_tag","embeddable":true,"href":"https:\/\/www.europesays.com\/lv\/wp-json\/wp\/v2\/tags?post=91847"}],"curies":[{"name":"wp","href":"https:\/\/api.w.org\/{rel}","templated":true}]}}