{"id":91849,"date":"2026-01-01T15:44:09","date_gmt":"2026-01-01T15:44:09","guid":{"rendered":"https:\/\/www.europesays.com\/lv\/91849\/"},"modified":"2026-01-01T15:44:09","modified_gmt":"2026-01-01T15:44:09","slug":"pasvaldibas-iestazu-darba-laiks-gada-sakuma","status":"publish","type":"post","link":"https:\/\/www.europesays.com\/lv\/91849\/","title":{"rendered":"Pa\u0161vald\u012bbas iest\u0101\u017eu darba laiks gada s\u0101kum\u0101"},"content":{"rendered":"<p>L\u012bdz 4. janv\u0101rim Jelgavas valstspils\u0113tas pa\u0161vald\u012bbas iest\u0101des \u201cCentr\u0101l\u0101 p\u0101rvalde\u201d, \u201cPa\u0161vald\u012bbas iest\u0101\u017eu centraliz\u0113t\u0101 gr\u0101matved\u012bba\u201d, B\u0101ri\u0146tiesa, \u201cJelgavas izgl\u012bt\u012bbas p\u0101rvalde\u201d, \u201cJelgavas digit\u0101lais centrs\u201d, \u201cKult\u016bra\u201d, \u201cJelgavas soci\u0101lo lietu p\u0101rvalde\u201d, \u201cSporta servisa centrs\u201d, \u201cSabiedriskais centrs\u201d, pa\u0161vald\u012bbas iest\u0101de \u201cPils\u0113tsaimniec\u012bba\u201d un \u201cZemgales re\u0123iona Kompeten\u010du att\u012bst\u012bbas centrs\u201d b\u016bs sl\u0113gtas.<\/p>\n<p>Jelgavas valstspils\u0113tas un novada Dzimtsarakstu noda\u013ca 2. janv\u0101r\u012b un 4. janv\u0101r\u012b b\u016bs sl\u0113gta, bet 3. janv\u0101r\u012b no pulksten 12 l\u012bdz 15 notiks laul\u012bbu ceremonijas un mir\u0161anas faktu re\u0123istr\u0101cija (mir\u0161anas apliec\u012bbas izsnieg\u0161ana).<\/p>\n<p>Zemgales re\u0123iona Kompeten\u010du att\u012bst\u012bbas centrs 17. janv\u0101r\u012b str\u0101d\u0101s no pulksten 9 l\u012bdz 13. Savuk\u0101rt 16. janv\u0101r\u012b centra darba laiks b\u016bs no pulksten 9 l\u012bdz 18.<\/p>\n<p>Pa\u0161vald\u012bbas iest\u0101des \u201cPils\u0113tsaimniec\u012bba\u201d kaps\u0113tu p\u0101rzi\u0146iem 2. janv\u0101r\u012b darba laiks ir no pulksten 8 l\u012bdz 17.<\/p>\n<p>2. janv\u0101r\u012b Jelgavas Pils\u0113tas bibliot\u0113ka, P\u0101rlielupes bibliot\u0113ka, Miez\u012btes bibliot\u0113ka, b\u0113rnu un jaunie\u0161u bibliot\u0113ka \u201cZin\u012btis\u201d b\u016bs sl\u0113gtas. Atg\u0101din\u0101m, ka nododam\u0101s gr\u0101matas iesp\u0113jams ievietot gr\u0101matu nodo\u0161anas iek\u0101rt\u0101 pie Jelgavas Pils\u0113tas bibliot\u0113kas Akad\u0113mijas iel\u0101 26 un pie Miez\u012btes bibliot\u0113kas Dobeles \u0161osej\u0101 100a.<\/p>\n<p>Jaun\u0101 gada s\u0101kum\u0101 Jelgavas Sv\u0113t\u0101s Tr\u012bsvien\u012bbas bazn\u012bcas tornim, Jelgavas Vecpils\u0113tas m\u0101jai un Dz\u012bveszi\u0146as un arodu s\u0113tai main\u012bts darba laiks.<\/p>\n<p>Jelgavas Sv. Tr\u012bsvien\u012bbas bazn\u012bcas tor\u0146a v\u0113stures ekspoz\u012bcijas 2. un 3. janv\u0101r\u012b b\u016bs apskat\u0101mas no pulksten 10 l\u012bdz 18. Sv\u0113tdien, 4. janv\u0101r\u012b,\u00a0 v\u0113stures ekspoz\u012bcijas apl\u016bkojamas no pulksten 11 l\u012bdz 18.<\/p>\n<p>Tor\u0146a skatu laukums, izst\u0101\u017eu z\u0101le un T\u016brisma inform\u0101cijas centrs 2. un 3. janv\u0101r\u012b str\u0101d\u0101s no pulksten 10 l\u012bdz 21, \u00a04. janv\u0101r\u012b \u2013 no pulksten 11 l\u012bdz 20. V\u0113stures ekspoz\u012bcija un skatu laukums\/ izst\u0101\u017eu z\u0101le 5. janv\u0101r\u012b b\u016bs sl\u0113gta.<\/p>\n<p>Jelgavas Vecpils\u0113tas m\u0101ja apmekl\u0113t\u0101jiem b\u016bs atv\u0113rta 2.un 3. janv\u0101r\u012b b\u016bs no pulksten 10 l\u012bdz 18, bet 4. janv\u0101r\u012b no pulksten 11 l\u012bdz 17.<\/p>\n<p>Dz\u012bveszi\u0146as un arodu s\u0113ta no l\u012bdz 6. janv\u0101rim b\u016bs atv\u0113rta tikai iepriek\u0161 piesakoties pa t\u0101lruni 29116210.<\/p>\n","protected":false},"excerpt":{"rendered":"L\u012bdz 4. janv\u0101rim Jelgavas valstspils\u0113tas pa\u0161vald\u012bbas iest\u0101des \u201cCentr\u0101l\u0101 p\u0101rvalde\u201d, \u201cPa\u0161vald\u012bbas iest\u0101\u017eu centraliz\u0113t\u0101 gr\u0101matved\u012bba\u201d, B\u0101ri\u0146tiesa, \u201cJelgavas izgl\u012bt\u012bbas p\u0101rvalde\u201d, \u201cJelgavas&hellip;\n","protected":false},"author":2,"featured_media":91850,"comment_status":"","ping_status":"","sticky":false,"template":"","format":"standard","meta":{"footnotes":""},"categories":[5],"tags":[23,28,29,32,33,22,30,31,35,39,38,36,37,34,40,20,26,27,24,25,21],"class_list":{"0":"post-91849","1":"post","2":"type-post","3":"status-publish","4":"format-standard","5":"has-post-thumbnail","7":"category-aktualitates","8":"tag-aktualitates","9":"tag-breaking-news","10":"tag-breakingnews","11":"tag-featured-news","12":"tag-featurednews","13":"tag-headlines","14":"tag-latest-news","15":"tag-latestnews","16":"tag-latvia","17":"tag-latvian","18":"tag-latviesu","19":"tag-latviesu-valoda","20":"tag-latviesuvaloda","21":"tag-latvija","22":"tag-lv","23":"tag-news","24":"tag-popularakas-zinas","25":"tag-popularakaszinas","26":"tag-top-stories","27":"tag-topstories","28":"tag-zinas"},"share_on_mastodon":{"url":"https:\/\/pubeurope.com\/@lv\/115820617278569603","error":""},"_links":{"self":[{"href":"https:\/\/www.europesays.com\/lv\/wp-json\/wp\/v2\/posts\/91849","targetHints":{"allow":["GET"]}}],"collection":[{"href":"https:\/\/www.europesays.com\/lv\/wp-json\/wp\/v2\/posts"}],"about":[{"href":"https:\/\/www.europesays.com\/lv\/wp-json\/wp\/v2\/types\/post"}],"author":[{"embeddable":true,"href":"https:\/\/www.europesays.com\/lv\/wp-json\/wp\/v2\/users\/2"}],"replies":[{"embeddable":true,"href":"https:\/\/www.europesays.com\/lv\/wp-json\/wp\/v2\/comments?post=91849"}],"version-history":[{"count":0,"href":"https:\/\/www.europesays.com\/lv\/wp-json\/wp\/v2\/posts\/91849\/revisions"}],"wp:featuredmedia":[{"embeddable":true,"href":"https:\/\/www.europesays.com\/lv\/wp-json\/wp\/v2\/media\/91850"}],"wp:attachment":[{"href":"https:\/\/www.europesays.com\/lv\/wp-json\/wp\/v2\/media?parent=91849"}],"wp:term":[{"taxonomy":"category","embeddable":true,"href":"https:\/\/www.europesays.com\/lv\/wp-json\/wp\/v2\/categories?post=91849"},{"taxonomy":"post_tag","embeddable":true,"href":"https:\/\/www.europesays.com\/lv\/wp-json\/wp\/v2\/tags?post=91849"}],"curies":[{"name":"wp","href":"https:\/\/api.w.org\/{rel}","templated":true}]}}