{"id":91851,"date":"2026-01-01T15:45:07","date_gmt":"2026-01-01T15:45:07","guid":{"rendered":"https:\/\/www.europesays.com\/lv\/91851\/"},"modified":"2026-01-01T15:45:07","modified_gmt":"2026-01-01T15:45:07","slug":"izmisums-ir-naves-greks-gaidu-vairak-milestibas-un-mieru-lente-lv","status":"publish","type":"post","link":"https:\/\/www.europesays.com\/lv\/91851\/","title":{"rendered":"Izmisums ir n\u0101ves gr\u0113ks, gaidu vair\u0101k m\u012blest\u012bbas un mieru\u00a0\u2014\u00a0Lente.lv"},"content":{"rendered":"<p>Jaun\u0101 gada p\u0101rdomas un cer\u012bbas<\/p>\n<p>M\u016bzi\u0137e Anna Sedokova, svinot Jauno gadu kop\u0101 ar saviem b\u0113rniem \u2013 meitu Al\u012bnu un d\u0113lu Hektoru, dal\u012bjusies dzi\u013c\u0101s p\u0101rdom\u0101s par 2025. gadu un sav\u0101m cer\u012bb\u0101m uz n\u0101kotni. K\u0101 zi\u0146o telekan\u0101ls TV3, \u0123imene sv\u0113tkus pavad\u012bja m\u0101j\u0101s, baudot filmas, koncertus un kop\u0101 b\u016b\u0161anu ar suni Marusju. \u0160is mier\u012bgais \u0123imenes br\u012bdis kalpojis k\u0101 iedvesmas avots Sedakovai, lai p\u0101rdom\u0101tu pag\u0101ju\u0161o gadu un nosprauktu jaunus m\u0113r\u0137us.<\/p>\n<p>Sedokova uzsver, ka izmisums ir nopietns jaut\u0101jums, ko kristiet\u012bb\u0101 uzskata par vienu no asto\u0146iem gr\u0113kiem, bet katolicism\u0101 pat par n\u0101ves gr\u0113ku. Vi\u0146a pau\u017e cer\u012bbu, ka 2025. gad\u0101 cilv\u0113ki sp\u0113s atrast vair\u0101k m\u012blest\u012bbas, mieru un sapratni, lai izvair\u012btos no \u0161\u012b smag\u0101 st\u0101vok\u013ca. Dzied\u0101t\u0101ja v\u0113las, lai jaunais gads atnestu vair\u0101k pozit\u012bvu emociju un cilv\u0113ciskas saskarsmes.<\/p>\n<p>Atskatoties uz pag\u0101tni un t\u0101s izaicin\u0101jumiem<\/p>\n<p>Pag\u0101ju\u0161ais gads, un \u012bpa\u0161i 2025. gads, Annai Sedakovai ir bijis sare\u017e\u0123\u012bts. P\u0113c tra\u0123isk\u0101s basketbolista J\u0101\u0146a Timmas n\u0101ves 2024. gada novembr\u012b, dzied\u0101t\u0101ja ir sask\u0101rusies ne tikai ar person\u012bgaj\u0101m s\u0101p\u0113m, bet ar\u012b ar publisku kritiku un juridisk\u0101m c\u012b\u0146\u0101m saist\u012bb\u0101 ar mantojumu. Lai gan vi\u0146a s\u0101kotn\u0113ji cent\u0101s izvair\u012bties no publisk\u0101m diskusij\u0101m par tra\u0123\u0113diju, v\u0113l\u0101k vi\u0146a sniegusi liec\u012bbas Timmas liet\u0101 un pat pabijusi slimn\u012bc\u0101 p\u0113c nervu sabrukuma.<\/p>\n<p>\u0160obr\u012bd notiek akt\u012bva juridiska darb\u012bba, lai noskaidrotu J\u0101\u0146a Timmas mantojuma sast\u0101vu un nov\u0113rt\u0113tu pirm\u0101 mantinieka \u2013 d\u0113la J\u0101\u0146a \u2013 da\u013cu. Advok\u0101te Margarita ir iesniegusi pras\u012bbu ties\u0101, cerot uz pirm\u0101s s\u0113des norisi jau janv\u0101r\u012b. \u0160\u012bs juridisk\u0101s un emocion\u0101l\u0101s r\u016bpes ir veidoju\u0161as noz\u012bm\u012bgu da\u013cu no Sedakovas pieredzes p\u0113d\u0113j\u0101 laik\u0101.<\/p>\n<p>Jauni s\u0101kumi un sabiedr\u012bbas uztvere<\/p>\n<p>Neskatoties uz pag\u0101tnes gr\u016bt\u012bb\u0101m, Anna Sedokova ir izr\u0101d\u012bjusi gatav\u012bbu dz\u012bvot t\u0101l\u0101k. Vi\u0146a ir main\u012bjusi savu imid\u017eu, k\u013c\u016bstot par blond\u012bni, simboliz\u0113jot v\u0113lmi atst\u0101t pag\u0101tnes smagumu aiz muguras un s\u0101kt jaunu dz\u012bves posmu. Vi\u0146a ar\u012b ir ats\u0101kusi uzst\u0101ties, pie\u0146emot pied\u0101v\u0101jumus gan priv\u0101tiem, gan publiskiem pas\u0101kumiem.<\/p>\n<p>Tom\u0113r sabiedr\u012bbas uztvere par Sedakovu joproj\u0101m ir dal\u012bta. Kam\u0113r da\u017ei kritiz\u0113 vi\u0146as publisko uzved\u012bbu un vizu\u0101l\u0101s p\u0101rv\u0113rt\u012bbas, citi vi\u0146ai velta atbalstu. Dzied\u0101t\u0101ja ir atzinusi, ka br\u012b\u017eiem jutusi, ka vi\u0146u ien\u012bst visa pasaule, tr\u012bs m\u0113ne\u0161us neiziedama no m\u0101jas, bet tagad pau\u017e v\u0113lmi rad\u012bt tikai laim\u012bgas dziesmas.<\/p>\n<p>Cer\u012bbas uz 2025. gadu<\/p>\n<p>Sedakova jaun\u0101 gada v\u0113lmju sarakst\u0101 galven\u0101s priorit\u0101tes ir m\u012blest\u012bba, miers un sp\u0113ja p\u0101rvar\u0113t izmisumu. Vi\u0146a cer, ka \u0161is gads nes\u012bs vair\u0101k pozit\u012bvu notikumu un cilv\u0113cisku siltumu gan sev, gan saviem tuviniekiem, gan ar\u012b saviem faniem. M\u016bzi\u0137e sola turpin\u0101t dal\u012bties ar jaunumiem, lai gan \u0161oreiz vi\u0146as p\u0101rdomas ir v\u0113rstas uz dzi\u013c\u0101kiem person\u012bgiem jaut\u0101jumiem.<\/p>\n","protected":false},"excerpt":{"rendered":"Jaun\u0101 gada p\u0101rdomas un cer\u012bbas M\u016bzi\u0137e Anna Sedokova, svinot Jauno gadu kop\u0101 ar saviem b\u0113rniem \u2013 meitu Al\u012bnu&hellip;\n","protected":false},"author":2,"featured_media":91852,"comment_status":"","ping_status":"","sticky":false,"template":"","format":"standard","meta":{"footnotes":""},"categories":[19],"tags":[16659,1155,89,90,6622,18259,35,39,38,36,37,34,40,5110],"class_list":{"0":"post-91851","1":"post","2":"type-post","3":"status-publish","4":"format-standard","5":"has-post-thumbnail","7":"category-izklaide","8":"tag-2025-gads","9":"tag-anna-sedokova","10":"tag-entertainment","11":"tag-izklaide","12":"tag-janis-timma","13":"tag-jaunais-gads","14":"tag-latvia","15":"tag-latvian","16":"tag-latviesu","17":"tag-latviesu-valoda","18":"tag-latviesuvaloda","19":"tag-latvija","20":"tag-lv","21":"tag-pardomas"},"share_on_mastodon":{"url":"https:\/\/pubeurope.com\/@lv\/115820620832698122","error":""},"_links":{"self":[{"href":"https:\/\/www.europesays.com\/lv\/wp-json\/wp\/v2\/posts\/91851","targetHints":{"allow":["GET"]}}],"collection":[{"href":"https:\/\/www.europesays.com\/lv\/wp-json\/wp\/v2\/posts"}],"about":[{"href":"https:\/\/www.europesays.com\/lv\/wp-json\/wp\/v2\/types\/post"}],"author":[{"embeddable":true,"href":"https:\/\/www.europesays.com\/lv\/wp-json\/wp\/v2\/users\/2"}],"replies":[{"embeddable":true,"href":"https:\/\/www.europesays.com\/lv\/wp-json\/wp\/v2\/comments?post=91851"}],"version-history":[{"count":0,"href":"https:\/\/www.europesays.com\/lv\/wp-json\/wp\/v2\/posts\/91851\/revisions"}],"wp:featuredmedia":[{"embeddable":true,"href":"https:\/\/www.europesays.com\/lv\/wp-json\/wp\/v2\/media\/91852"}],"wp:attachment":[{"href":"https:\/\/www.europesays.com\/lv\/wp-json\/wp\/v2\/media?parent=91851"}],"wp:term":[{"taxonomy":"category","embeddable":true,"href":"https:\/\/www.europesays.com\/lv\/wp-json\/wp\/v2\/categories?post=91851"},{"taxonomy":"post_tag","embeddable":true,"href":"https:\/\/www.europesays.com\/lv\/wp-json\/wp\/v2\/tags?post=91851"}],"curies":[{"name":"wp","href":"https:\/\/api.w.org\/{rel}","templated":true}]}}