{"id":91853,"date":"2026-01-01T15:49:17","date_gmt":"2026-01-01T15:49:17","guid":{"rendered":"https:\/\/www.europesays.com\/lv\/91853\/"},"modified":"2026-01-01T15:49:17","modified_gmt":"2026-01-01T15:49:17","slug":"jauni-ires-nami-knab-izmeklesanas-un-stabilas-pasvaldibas-lente-lv","status":"publish","type":"post","link":"https:\/\/www.europesays.com\/lv\/91853\/","title":{"rendered":"Jauni \u012bres nami, KNAB izmekl\u0113\u0161anas un stabilas pa\u0161vald\u012bbas\u00a0\u2014\u00a0Lente.lv"},"content":{"rendered":"<p>2025. gads Vidzem\u0113: Spriedze un att\u012bst\u012bba<\/p>\n<p>2025. gads Vidzemes re\u0123ion\u0101 ir aizvad\u012bts spraigi, iez\u012bm\u0113jot gan noz\u012bm\u012bgus att\u012bst\u012bbas projektus, piem\u0113ram, jaunu \u012bres namu b\u016bvniec\u012bbu, gan ar\u012b satrauco\u0161us notikumus, k\u0101 Korupcijas nov\u0113r\u0161anas un apkaro\u0161anas biroja (KNAB) izvirz\u012btos krimin\u0101lprocesus. T\u0101pat k\u0101 citviet Latvij\u0101, ar\u012b \u0161aj\u0101 re\u0123ion\u0101 notika pa\u0161vald\u012bbu v\u0113l\u0113\u0161anas, tom\u0113r t\u0101s lielas p\u0101rmai\u0146as viet\u0113j\u0101 politik\u0101 nav rad\u012bju\u0161as, liel\u0101koties saglab\u0101joties iepriek\u0161\u0113jiem novadu vad\u012bt\u0101jiem. K\u0101 inform\u0113 Latvijas Sabiedriskie Mediji, re\u0123iona att\u012bst\u012bba ir cie\u0161i saist\u012bta ar valsts un Eiropas Savien\u012bbas atbalsta programm\u0101m.<\/p>\n<p>M\u0101jok\u013cu pieejam\u012bba un att\u012bst\u012bbas projekti<\/p>\n<p>Viens no noz\u012bm\u012bg\u0101kajiem notikumiem 2025. gad\u0101 Vidzem\u0113 ir bijusi jaunu zemas \u012bres maksas \u012bres namu b\u016bvniec\u012bba, \u012bpa\u0161i izce\u013cot Valmieru k\u0101 pirmo pils\u0113tu Latvij\u0101, kur valsts programmas ietvaros uzs\u0101kta \u0161\u0101da m\u0101jok\u013cu b\u016bvniec\u012bba. Valmier\u0101 tika atkl\u0101ti divi nami ar kopum\u0101 120 energoefekt\u012bviem dz\u012bvok\u013ciem, kas paredz\u0113ti kvalific\u0113tiem speci\u0101listiem un vi\u0146u \u0123imen\u0113m. \u0160ie projekti, kas tiek \u012bstenoti ar Eiropas Atvese\u013co\u0161an\u0101s fonda un &#8220;Altum&#8221; atbalstu, ir \u013coti noz\u012bm\u012bgi re\u0123ionu att\u012bst\u012bbai, piesaistot jaunus speci\u0101listus un att\u012bstot viet\u0113jo ekonomiku. Tom\u0113r piepras\u012bjums p\u0113c jauniem m\u0101jok\u013ciem Vidzem\u0113 aizvien p\u0101rsniedz pied\u0101v\u0101jumu. \u0160\u0101di projekti tiek \u012bstenoti ar\u012b cit\u0101s Latvijas pils\u0113t\u0101s, piem\u0113ram, Bausk\u0101, Jelgav\u0101, Tukum\u0101, Ventspil\u012b un Al\u016bksn\u0113, k\u0101 ar\u012b tiek pl\u0101nota vair\u0101k nek\u0101 900 jaunu \u012bres dz\u012bvok\u013cu izveide vis\u0101 Latvij\u0101 l\u012bdz 2030. gadam, priorit\u0101ri speci\u0101listiem, kas str\u0101d\u0101 svar\u012bg\u0101s nozar\u0113s.<\/p>\n<p>Re\u0123ion\u0101l\u0101s att\u012bst\u012bbas jom\u0101 akt\u012bvi norisin\u0101j\u0101s ar\u012b citi projekti, piem\u0113ram, Vidzemes pl\u0101no\u0161anas re\u0123ions \u012bstenoja da\u017e\u0101das iniciat\u012bvas kult\u016bras, inov\u0101ciju un ilgtsp\u0113j\u012bgas att\u012bst\u012bbas jom\u0101s. Tika organiz\u0113ta Vidzemes inov\u0101ciju ned\u0113\u013ca, kas pulc\u0113ja vair\u0101k nek\u0101 30 organizatorus un dal\u012bbniekus no visas Latvijas, veicinot uz\u0146\u0113m\u0113ju, publisk\u0101s p\u0101rvaldes darbinieku un citu interesentu iesaisti diskusij\u0101s un darbn\u012bc\u0101s par inov\u0101ciju noz\u012bmi.<\/p>\n<p>KNAB izmekl\u0113\u0161anas un tiesiskuma uzraudz\u012bba<\/p>\n<p>2025. gad\u0101 Korupcijas nov\u0113r\u0161anas un apkaro\u0161anas birojs (KNAB) turpin\u0101ja akt\u012bvi darboties, izmekl\u0113jot iesp\u0113jamus noziedz\u012bgus nodar\u012bjumus. Re\u0123ion\u0101 tika izvirz\u012btas aps\u016bdz\u012bbas vair\u0101k\u0101m person\u0101m. Viens no piem\u0113riem ir KNAB rosina uzs\u0101kt krimin\u0101lvaj\u0101\u0161anu pret piec\u0101m person\u0101m, kas nodarbin\u0101tas Valmieras novada pa\u0161vald\u012bb\u0101, par iesp\u0113jamu kr\u0101p\u0161anu liel\u0101 apm\u0113r\u0101 un citu noziedz\u012bgu nodar\u012bjumu veik\u0161anu, nepamatoti piesaistot Eiropas Re\u0123ion\u0101l\u0101s att\u012bst\u012bbas fonda (ERAF) un valsts bud\u017eeta l\u012bdzek\u013cus ra\u017eo\u0161anas \u0113kas izb\u016bv\u0113.<\/p>\n<p>T\u0101pat KNAB veic izmekl\u0113\u0161anu gad\u012bjum\u0101, kas saist\u012bts ar iesp\u0113jamu kuku\u013cdo\u0161anu liel\u0101 apm\u0113r\u0101. Vien\u0101 no gad\u012bjumiem tika rosin\u0101ta krimin\u0101lvaj\u0101\u0161ana pret div\u0101m fizisk\u0101m person\u0101m par gatavo\u0161anos dot 100 000 eiro kukuli valsts amatpersonai, lai pan\u0101ktu iece\u013co\u0161anas aizlieguma atcel\u0161anu \u0101rvalstniekam. Lai gan kuku\u013co\u0161anas m\u0113r\u0137is netika sasniegts, izmekl\u0113\u0161ana turpin\u0101s pret person\u0101m, kas atrad\u0101s \u0101rpus Latvijas teritorijas.<\/p>\n<p>KNAB izmekl\u0113taj\u0101s liet\u0101s p\u0113d\u0113jos desmit gados kopum\u0101 konfisc\u0113ti vair\u0101k nek\u0101 2,2 miljoni eiro, kas liecina par biroja noz\u012bm\u012bgo lomu c\u012b\u0146\u0101 pret korupciju un noziedz\u012bbu Latvij\u0101.<\/p>\n<p>Pa\u0161vald\u012bbu v\u0113l\u0113\u0161anas: stabilit\u0101te re\u0123ion\u0101<\/p>\n<p>2025. gada pa\u0161vald\u012bbu v\u0113l\u0113\u0161anas Vidzemes re\u0123ion\u0101 lielas p\u0101rmai\u0146as nepav\u0113st\u012bja. Liel\u0101kaj\u0101 da\u013c\u0101 vietvaru savus amatus saglab\u0101ja l\u012bdz\u0161in\u0113jie novadu vad\u012bt\u0101ji, apliecinot politisko stabilit\u0101ti un pa\u0161vald\u012bbu vad\u012bt\u0101ju pieredzi. Vidzemes pl\u0101no\u0161anas re\u0123ion\u0101 kopum\u0101 piedal\u012bj\u0101s 400 462 balssties\u012bgie, no kuriem 192 160 balssties\u012bgie jeb 47,98% piedal\u012bj\u0101s v\u0113l\u0113\u0161an\u0101s.<\/p>\n<p>V\u0113l\u0113\u0161anu rezult\u0101ti katr\u0101 novad\u0101 atspogu\u013co iedz\u012bvot\u0101ju uztic\u012bbu eso\u0161aj\u0101m vad\u012bbas strukt\u016br\u0101m, un kopum\u0101 re\u0123ion\u0101 tika saglab\u0101ta eso\u0161\u0101 politisk\u0101 ainava, kas \u013cauj turpin\u0101t ies\u0101ktos att\u012bst\u012bbas projektus un nodro\u0161in\u0101t stabilit\u0101ti. Da\u017ei novadi, piem\u0113ram, Olaines novads, uzr\u0101d\u012bja noteiktas izmai\u0146as balsu sadal\u012bjum\u0101, tom\u0113r kop\u0113j\u0101 tendence liecina par l\u012bdzsvarotu politisko situ\u0101ciju.<\/p>\n<p>N\u0101kotnes perspekt\u012bvas un izaicin\u0101jumi<\/p>\n<p>Re\u0123iona att\u012bst\u012bba ir cie\u0161i saist\u012bta ar sp\u0113ju piesaist\u012bt un notur\u0113t jaunus speci\u0101listus, ko veicina gan m\u0101jok\u013cu pieejam\u012bba, gan ar\u012b pievilc\u012bga darba vide un pla\u0161as karjeras iesp\u0113jas. T\u0101pat ir svar\u012bgi turpin\u0101t c\u012b\u0146u pret korupciju, lai nodro\u0161in\u0101tu god\u012bgu un caursp\u012bd\u012bgu publisko l\u012bdzek\u013cu izmanto\u0161anu. Pa\u0161vald\u012bbu stabilit\u0101te dod pamatu ilgtermi\u0146a pl\u0101no\u0161anai un projektu \u012bsteno\u0161anai, kas veicina re\u0123iona konkur\u0113tsp\u0113ju un iedz\u012bvot\u0101ju dz\u012bves kvalit\u0101ti. Vidzemes pl\u0101no\u0161anas re\u0123ions turpin\u0101s str\u0101d\u0101t pie da\u017e\u0101d\u0101m priorit\u0101t\u0113m, tostarp uz\u0146\u0113m\u0113jdarb\u012bbas un inov\u0101ciju vides uzlabo\u0161anas, transporta un mobilit\u0101tes, k\u0101 ar\u012b vides p\u0101rvald\u012bbas.<\/p>\n","protected":false},"excerpt":{"rendered":"2025. gads Vidzem\u0113: Spriedze un att\u012bst\u012bba 2025. gads Vidzemes re\u0123ion\u0101 ir aizvad\u012bts spraigi, iez\u012bm\u0113jot gan noz\u012bm\u012bgus att\u012bst\u012bbas projektus,&hellip;\n","protected":false},"author":2,"featured_media":91854,"comment_status":"","ping_status":"","sticky":false,"template":"","format":"standard","meta":{"footnotes":""},"categories":[12],"tags":[23,28,29,32,33,22,23082,4027,30,31,35,39,38,36,37,34,40,20,4758,26,27,22792,24,25,23081,21],"class_list":{"0":"post-91853","1":"post","2":"type-post","3":"status-publish","4":"format-standard","5":"has-post-thumbnail","7":"category-latvija","8":"tag-aktualitates","9":"tag-breaking-news","10":"tag-breakingnews","11":"tag-featured-news","12":"tag-featurednews","13":"tag-headlines","14":"tag-ires-nami","15":"tag-knab","16":"tag-latest-news","17":"tag-latestnews","18":"tag-latvia","19":"tag-latvian","20":"tag-latviesu","21":"tag-latviesu-valoda","22":"tag-latviesuvaloda","23":"tag-latvija","24":"tag-lv","25":"tag-news","26":"tag-pasvaldibu-velesanas","27":"tag-popularakas-zinas","28":"tag-popularakaszinas","29":"tag-regionala-attistiba","30":"tag-top-stories","31":"tag-topstories","32":"tag-vidzeme-2025","33":"tag-zinas"},"share_on_mastodon":{"url":"https:\/\/pubeurope.com\/@lv\/115820636701583764","error":""},"_links":{"self":[{"href":"https:\/\/www.europesays.com\/lv\/wp-json\/wp\/v2\/posts\/91853","targetHints":{"allow":["GET"]}}],"collection":[{"href":"https:\/\/www.europesays.com\/lv\/wp-json\/wp\/v2\/posts"}],"about":[{"href":"https:\/\/www.europesays.com\/lv\/wp-json\/wp\/v2\/types\/post"}],"author":[{"embeddable":true,"href":"https:\/\/www.europesays.com\/lv\/wp-json\/wp\/v2\/users\/2"}],"replies":[{"embeddable":true,"href":"https:\/\/www.europesays.com\/lv\/wp-json\/wp\/v2\/comments?post=91853"}],"version-history":[{"count":0,"href":"https:\/\/www.europesays.com\/lv\/wp-json\/wp\/v2\/posts\/91853\/revisions"}],"wp:featuredmedia":[{"embeddable":true,"href":"https:\/\/www.europesays.com\/lv\/wp-json\/wp\/v2\/media\/91854"}],"wp:attachment":[{"href":"https:\/\/www.europesays.com\/lv\/wp-json\/wp\/v2\/media?parent=91853"}],"wp:term":[{"taxonomy":"category","embeddable":true,"href":"https:\/\/www.europesays.com\/lv\/wp-json\/wp\/v2\/categories?post=91853"},{"taxonomy":"post_tag","embeddable":true,"href":"https:\/\/www.europesays.com\/lv\/wp-json\/wp\/v2\/tags?post=91853"}],"curies":[{"name":"wp","href":"https:\/\/api.w.org\/{rel}","templated":true}]}}