{"id":91855,"date":"2026-01-01T15:50:15","date_gmt":"2026-01-01T15:50:15","guid":{"rendered":"https:\/\/www.europesays.com\/lv\/91855\/"},"modified":"2026-01-01T15:50:15","modified_gmt":"2026-01-01T15:50:15","slug":"vecgada-nakti-riga-pieci-pirotehnikas-izmantotaji-piekerti-pie-rokas-zino-ratnieks","status":"publish","type":"post","link":"https:\/\/www.europesays.com\/lv\/91855\/","title":{"rendered":"Vecgada nakt\u012b R\u012bg\u0101 pieci pirotehnikas izmantot\u0101ji &#8220;pie\u0137erti pie rokas&#8221;, zi\u0146o Ratnieks"},"content":{"rendered":"<p>Piecos gad\u012bjumos pirotehnikas izmantot\u0101ji &#8220;pie\u0137erti pie rokas&#8221;. P\u0101r\u0113jos gad\u012bjumos tiks veikta padzi\u013cin\u0101ta izp\u0113te, kl\u0101sta Ratnieks.<\/p>\n<p>Vicem\u0113rs ar\u012b sola, ka piln\u012bga atskaite b\u016bs n\u0101kamned\u0113\u013c, kad b\u016bs apkopota ar\u012b iedz\u012bvot\u0101ju e-past\u0101 ies\u016bt\u012bt\u0101 inform\u0101cija.<\/p>\n<blockquote class=\"twitter-tweet\">\n<p lang=\"lv\" dir=\"ltr\">\u203c\ufe0f Vecgada vakar\u0101 <a href=\"https:\/\/twitter.com\/RigasPP?ref_src=twsrc%5Etfw\" rel=\"nofollow noopener\" target=\"_blank\">@RigasPP<\/a> par pirotehnikas izmanto\u0161anu bija 46 izsaukumi. 5 gad\u012bjumos \u201cpie\u0137erti pie rokas\u201d. P\u0101r\u0113jos tiks veikta padzi\u013cin\u0101ta izp\u0113te, noskaidrojot no kaimi\u0146iem vai \u0113ku video nov\u0113ro\u0161anas kamer\u0101m vain\u012bgos.<\/p>\n<p>\u261d\ufe0f Piln\u012bga atskaite b\u016bs n\u0101kamned\u0113\u013c, kad b\u016bs apkopota ar\u012b\u2026<\/p>\n<p>\u2014 <a href=\"https:\/\/www.tvnet.lv\/term\/698636\/edvards-ratnieks\" class=\"topicLink\" target=\"_blank\" rel=\"nofollow noopener\">Edvards Ratnieks<\/a> (@EdvardsRatnieks) <a href=\"https:\/\/twitter.com\/EdvardsRatnieks\/status\/2006688085547913583?ref_src=twsrc%5Etfw\" rel=\"nofollow noopener\" target=\"_blank\">January 1, 2026<\/a><\/p><\/blockquote>\n<p>K\u0101 zi\u0146ots, \u0161\u012b gada pirmsp\u0113d\u0113j\u0101 s\u0113d\u0113 R\u012bgas dome nol\u0113ma aizliegt galvaspils\u0113t\u0101 nakt\u012bs lietot pirotehniku.<\/p>\n<p>Ugu\u0146o\u0161anas ier\u012b\u010du un skatuves pirotehnisko izstr\u0101d\u0101jumu izmanto\u0161ana R\u012bgas pa\u0161vald\u012bbas teritorij\u0101 \u0101rpus telp\u0101m ir aizliegta no 1. j\u016bnija l\u012bdz 31. augustam no plkst. 23 l\u012bdz plkst. 7, bet no 1. septembra l\u012bdz 31. maijam &#8211; no plkst. 22 l\u012bdz 7.<\/p>\n<p>Pirotehnikas lieto\u0161anas aizliegums neattiecas uz publiskiem pas\u0101kumiem, kas ir saska\u0146oti ar R\u012bgas pa\u0161vald\u012bbu, k\u0101 ar\u012b uz Jaungada dienu, bet tikai no pusnakts l\u012bdz plkst. 1.<\/p>\n<p><script async src=\"https:\/\/platform.twitter.com\/widgets.js\" charset=\"utf-8\"><\/script><\/p>\n","protected":false},"excerpt":{"rendered":"Piecos gad\u012bjumos pirotehnikas izmantot\u0101ji &#8220;pie\u0137erti pie rokas&#8221;. P\u0101r\u0113jos gad\u012bjumos tiks veikta padzi\u013cin\u0101ta izp\u0113te, kl\u0101sta Ratnieks. Vicem\u0113rs ar\u012b sola,&hellip;\n","protected":false},"author":2,"featured_media":91856,"comment_status":"","ping_status":"","sticky":false,"template":"","format":"standard","meta":{"footnotes":""},"categories":[5],"tags":[23,28,29,1912,32,33,22,18259,30,31,35,39,38,36,37,34,40,20,26,27,24,25,21],"class_list":{"0":"post-91855","1":"post","2":"type-post","3":"status-publish","4":"format-standard","5":"has-post-thumbnail","7":"category-aktualitates","8":"tag-aktualitates","9":"tag-breaking-news","10":"tag-breakingnews","11":"tag-edvards-ratnieks","12":"tag-featured-news","13":"tag-featurednews","14":"tag-headlines","15":"tag-jaunais-gads","16":"tag-latest-news","17":"tag-latestnews","18":"tag-latvia","19":"tag-latvian","20":"tag-latviesu","21":"tag-latviesu-valoda","22":"tag-latviesuvaloda","23":"tag-latvija","24":"tag-lv","25":"tag-news","26":"tag-popularakas-zinas","27":"tag-popularakaszinas","28":"tag-top-stories","29":"tag-topstories","30":"tag-zinas"},"share_on_mastodon":{"url":"https:\/\/pubeurope.com\/@lv\/115820640566859885","error":""},"_links":{"self":[{"href":"https:\/\/www.europesays.com\/lv\/wp-json\/wp\/v2\/posts\/91855","targetHints":{"allow":["GET"]}}],"collection":[{"href":"https:\/\/www.europesays.com\/lv\/wp-json\/wp\/v2\/posts"}],"about":[{"href":"https:\/\/www.europesays.com\/lv\/wp-json\/wp\/v2\/types\/post"}],"author":[{"embeddable":true,"href":"https:\/\/www.europesays.com\/lv\/wp-json\/wp\/v2\/users\/2"}],"replies":[{"embeddable":true,"href":"https:\/\/www.europesays.com\/lv\/wp-json\/wp\/v2\/comments?post=91855"}],"version-history":[{"count":0,"href":"https:\/\/www.europesays.com\/lv\/wp-json\/wp\/v2\/posts\/91855\/revisions"}],"wp:featuredmedia":[{"embeddable":true,"href":"https:\/\/www.europesays.com\/lv\/wp-json\/wp\/v2\/media\/91856"}],"wp:attachment":[{"href":"https:\/\/www.europesays.com\/lv\/wp-json\/wp\/v2\/media?parent=91855"}],"wp:term":[{"taxonomy":"category","embeddable":true,"href":"https:\/\/www.europesays.com\/lv\/wp-json\/wp\/v2\/categories?post=91855"},{"taxonomy":"post_tag","embeddable":true,"href":"https:\/\/www.europesays.com\/lv\/wp-json\/wp\/v2\/tags?post=91855"}],"curies":[{"name":"wp","href":"https:\/\/api.w.org\/{rel}","templated":true}]}}