{"id":91861,"date":"2026-01-01T15:57:09","date_gmt":"2026-01-01T15:57:09","guid":{"rendered":"https:\/\/www.europesays.com\/lv\/91861\/"},"modified":"2026-01-01T15:57:09","modified_gmt":"2026-01-01T15:57:09","slug":"izvelieties-labu-gramatu-un-ar-kruzi-tejas-izbaudiet-sis-dienas","status":"publish","type":"post","link":"https:\/\/www.europesays.com\/lv\/91861\/","title":{"rendered":"izv\u0113lieties labu gr\u0101matu un ar kr\u016bzi t\u0113jas, izbaudiet \u0161\u012bs dienas"},"content":{"rendered":"<p><img loading=\"lazy\" decoding=\"async\" class=\"lazy lazy-hidden alignnone size-full wp-image-165436\" src=\"data:image\/gif;base64,R0lGODlhAQABAIAAAAAAAP\/\/\/yH5BAEAAAAALAAAAAABAAEAAAIBRAA7\" data-lazy-type=\"image\" data-lazy-src=\"https:\/\/www.europesays.com\/lv\/wp-content\/uploads\/2026\/01\/pexels-olly-846080-1.jpg\" alt=\"\" width=\"818\" height=\"545\" data-lazy- data-lazy-\/><\/p>\n<p>Astrologi var pal\u012bdz\u0113t jums veiksm\u012bgi p\u0101rvar\u0113t jaun\u0101 gada pirmo m\u0113nesi. Vi\u0146u ieteikumi pal\u012bdz\u0113s jums noteikt ener\u0123\u0113tiski izaicino\u0161as dienas un sagatavoties iesp\u0113jamiem izaicin\u0101jumiem n\u0101kotn\u0113.<\/p>\n<p>2026. gada janv\u0101ris ir akt\u012bvu p\u0101rmai\u0146u, jaunu s\u0101kumu un emocion\u0101lu satricin\u0101jumu m\u0113nesis. Tom\u0113r astrolo\u0123iski ne visas dienas ir vienl\u012bdz dro\u0161as: da\u017eas var iez\u012bm\u0113t saspringti M\u0113ness aspekti, sare\u017e\u0123\u012btas plan\u0113tu konjunkcijas un ener\u0123ijas sv\u0101rst\u012bbas, kas var\u0113tu izrais\u012bt k\u013c\u016bdas, str\u012bdus, l\u012bdzek\u013cu nepareizu p\u0101rvald\u012bbu vai negaid\u012btus notikumus. Eksperti nor\u0101da, ka, izprotot \u201cb\u012bstam\u0101s zonas\u201d, j\u016bs varat izvair\u012bties no k\u013c\u016bm\u0113m, saglab\u0101t iek\u0161\u0113jo l\u012bdzsvaru un gudri pl\u0101not svar\u012bgus so\u013cus.<\/p>\n<p><img loading=\"lazy\" decoding=\"async\" class=\"lazy lazy-hidden alignnone size-full wp-image-165437\" src=\"data:image\/gif;base64,R0lGODlhAQABAIAAAAAAAP\/\/\/yH5BAEAAAAALAAAAAABAAEAAAIBRAA7\" data-lazy-type=\"image\" data-lazy-src=\"https:\/\/www.europesays.com\/lv\/wp-content\/uploads\/2026\/01\/pexels-pixabay-236606.jpg\" alt=\"\" width=\"818\" height=\"545\" data-lazy- data-lazy-\/><\/p>\n<p>3. janv\u0101ris \u2013 Pilnm\u0113ness V\u0113z\u012b, M\u0113ness kvadr\u0101t\u0101 ar Merkuru un Marsu<\/p>\n<p>\u0160aj\u0101 dien\u0101 emocijas ir sp\u0113c\u012bgas, kritisks skat\u012bjums aiz\u0113no spriestsp\u0113ju, un impulsi dod ce\u013cu kairin\u0101jumam. Past\u0101v augsts \u0123imenes konfliktu, sliktu l\u0113mumu, kas balst\u012bti uz aizvainojumu, un asu piez\u012bmju, kas v\u0113rstas pret tuviniekiem, risks. Izvairieties no dz\u012bvi maino\u0161u l\u0113mumu pie\u0146em\u0161anas, izvairieties no lieliem izdevumiem un centieties izvair\u012bties no str\u012bdiem.<\/p>\n<p><a href=\"https:\/\/spogulis.baltic-course.com\/parmainas-kas-satriec-fanus-samanta-tina-atklajusi-patiesibu-par-savu-laulibu\/165359\" rel=\"nofollow noopener\" target=\"_blank\"><img class=\"lazy lazy-hidden\" decoding=\"async\" src=\"data:image\/gif;base64,R0lGODlhAQABAIAAAAAAAP\/\/\/yH5BAEAAAAALAAAAAABAAEAAAIBRAA7\" data-lazy-type=\"image\" data-lazy-src=\"https:\/\/www.europesays.com\/lv\/wp-content\/uploads\/2026\/01\/1-23.jpg\" data-lazy- alt=\"P\u0101rmai\u0146as, kas satriec fanus: Samanta T\u012bna atkl\u0101jusi paties\u012bbu par savu laul\u012bbu\"\/><\/a>\u0160obr\u012bd aktu\u0101li<a class=\"monsterinsights-inline-popular-posts-title\" href=\"https:\/\/spogulis.baltic-course.com\/parmainas-kas-satriec-fanus-samanta-tina-atklajusi-patiesibu-par-savu-laulibu\/165359\" rel=\"nofollow noopener\" target=\"_blank\">P\u0101rmai\u0146as, kas satriec fanus: Samanta T\u012bna atkl\u0101jusi paties\u012bbu par savu laul\u012bbu<\/a><\/p>\n<p><img loading=\"lazy\" decoding=\"async\" class=\"lazy lazy-hidden alignnone size-full wp-image-165438\" src=\"data:image\/gif;base64,R0lGODlhAQABAIAAAAAAAP\/\/\/yH5BAEAAAAALAAAAAABAAEAAAIBRAA7\" data-lazy-type=\"image\" data-lazy-src=\"https:\/\/www.europesays.com\/lv\/wp-content\/uploads\/2026\/01\/pexels-kasuma-426893.jpg\" alt=\"\" width=\"818\" height=\"545\" data-lazy- data-lazy-\/><\/p>\n<p>12.\u201313. janv\u0101ris \u2014 dilsto\u0161s M\u0113ness Skorpion\u0101, aspekti ar Ur\u0101nu un Saturnu<\/p>\n<p>\u0160is ir iek\u0161\u0113jas spriedzes, pastiprin\u0101tu bai\u013cu, aizdomu, greizsird\u012bbas un risku laiks. Esiet uzman\u012bgi ar riskantiem dar\u012bjumiem, aizdevumiem, k\u0101 ar\u012b aizvainojumu un slepenu str\u012bdu glab\u0101\u0161anu darb\u0101. Var izcelties ilgsto\u0161as \u200b\u200bprobl\u0113mas, nosl\u0113pumi un konflikti.<\/p>\n<p>Lasi v\u0113l:\u00a0<a style=\"color: #ff0000;\" href=\"https:\/\/spogulis.baltic-course.com\/horoskops-2-janvarim-lauvam-patikami-notikumi-strelniekiem-patikama-tiksanas\/165416\" rel=\"nofollow noopener\" target=\"_blank\">Horoskops 2. janv\u0101rim: Lauv\u0101m \u2013 pat\u012bkami notikumi, Str\u0113lniekiem \u2013 pat\u012bkama tik\u0161an\u0101s<\/a><\/p>\n<p>17. janv\u0101ris \u2013 Jauns m\u0113ness Me\u017e\u0101z\u012b<\/p>\n<p>Jaun\u0101 M\u0113ness ener\u0123iju un Merkura izaicino\u0161o aspektu krustpunkt\u0101 iesp\u0113jama ap\u0101tija, nervozit\u0101te, \u0161aubas par sevi un koncentr\u0113\u0161an\u0101s probl\u0113mas. \u0160aj\u0101s dien\u0101s vislab\u0101k nav uzs\u0101kt nek\u0101dus lielus projektus, parakst\u012bt svar\u012bgus dokumentus vai veikt lielus pirkumus. Var uzliesmot hroniskas likstas, un p\u0101rslodzes d\u0113\u013c var rasties slikta labsaj\u016bta.<\/p>\n<p><img loading=\"lazy\" decoding=\"async\" class=\"lazy lazy-hidden alignnone size-full wp-image-165439\" src=\"data:image\/gif;base64,R0lGODlhAQABAIAAAAAAAP\/\/\/yH5BAEAAAAALAAAAAABAAEAAAIBRAA7\" data-lazy-type=\"image\" data-lazy-src=\"https:\/\/www.europesays.com\/lv\/wp-content\/uploads\/2026\/01\/pexels-olly-935743-1.jpg\" alt=\"\" width=\"818\" height=\"545\" data-lazy- data-lazy-\/><\/p>\n<p>22.\u201323. janv\u0101ris \u2014 M\u0113ness Ziv\u012bs savienojum\u0101 ar Nept\u016bnu<\/p>\n<p>Past\u0101v augsts maldin\u0101\u0161anas, il\u016bziju, apjukuma biznes\u0101 un attiec\u012bb\u0101s, saaukst\u0113\u0161an\u0101s, aizm\u0101r\u0161\u012bbas un k\u013c\u016bdu risks aizm\u0101r\u0161\u012bbas d\u0113\u013c. Izvairieties no dal\u012bbas aizdom\u012bgos projektos un div\u0113j\u0101d\u0101s darb\u012bb\u0101s, k\u0101 ar\u012b piev\u0113rsiet \u012bpa\u0161u uzman\u012bbu savai labsaj\u016btai.<\/p>\n<p><a href=\"https:\/\/spogulis.baltic-course.com\/uguniga-zirga-gads-2026-pazinotas-zimes-kuram-gaidamas-lielakas-parmainas-dzive\/165403\" rel=\"nofollow noopener\" target=\"_blank\"><img class=\"lazy lazy-hidden\" decoding=\"async\" src=\"data:image\/gif;base64,R0lGODlhAQABAIAAAAAAAP\/\/\/yH5BAEAAAAALAAAAAABAAEAAAIBRAA7\" data-lazy-type=\"image\" data-lazy-src=\"https:\/\/www.europesays.com\/lv\/wp-content\/uploads\/2026\/01\/Zirgs.jpg\" data-lazy- alt=\"Ugun\u012bg\u0101 Zirga gads 2026: Pazi\u0146otas z\u012bmes, kur\u0101m gaid\u0101mas liel\u0101k\u0101s p\u0101rmai\u0146as dz\u012bv\u0113\"\/><\/a>\u0160obr\u012bd aktu\u0101li<a class=\"monsterinsights-inline-popular-posts-title\" href=\"https:\/\/spogulis.baltic-course.com\/uguniga-zirga-gads-2026-pazinotas-zimes-kuram-gaidamas-lielakas-parmainas-dzive\/165403\" rel=\"nofollow noopener\" target=\"_blank\">Ugun\u012bg\u0101 Zirga gads 2026: Pazi\u0146otas z\u012bmes, kur\u0101m gaid\u0101mas liel\u0101k\u0101s p\u0101rmai\u0146as dz\u012bv\u0113<\/a><\/p>\n<p>Lasi v\u0113l:\u00a0<a style=\"color: #ff0000;\" href=\"https:\/\/spogulis.baltic-course.com\/5-zodiaka-zimes-kas-gus-panakumus-darba-2026-gada-janvari\/165335\" rel=\"nofollow noopener\" target=\"_blank\">5 zodiaka z\u012bmes, kas g\u016bs pan\u0101kumus darb\u0101 2026. gada janv\u0101r\u012b<\/a><\/p>\n<p>28.\u201329. janv\u0101ris \u2014 M\u0113ness Dv\u012b\u0146os konflikt\u0113 ar Marsu un Nept\u016bnu<\/p>\n<p>Iesp\u0113jami str\u012bdi, p\u0101rpratumi, negad\u012bjumi un traumas steigas vai neuzman\u012bbas d\u0113\u013c. \u0160\u012b ir paaugstin\u0101ta riska diena autovad\u012bt\u0101jiem, ce\u013cot\u0101jiem, k\u0101 ar\u012b biznesa un pla\u0161sazi\u0146as l\u012bdzek\u013cu p\u0101rst\u0101vjiem.<\/p>\n<p><img loading=\"lazy\" decoding=\"async\" class=\"lazy lazy-hidden alignnone size-full wp-image-165440\" src=\"data:image\/gif;base64,R0lGODlhAQABAIAAAAAAAP\/\/\/yH5BAEAAAAALAAAAAABAAEAAAIBRAA7\" data-lazy-type=\"image\" data-lazy-src=\"https:\/\/www.europesays.com\/lv\/wp-content\/uploads\/2026\/01\/pexels-pixabay-269155.jpg\" alt=\"\" width=\"818\" height=\"584\" data-lazy- data-lazy-\/><\/p>\n<p>31. janv\u0101ris \u2013 M\u0113ness V\u0113z\u012b, saspringts aspekts attiec\u012bb\u0101 pret Plutonu<\/p>\n<p>Iek\u0161\u0113jas nedro\u0161\u012bbas saj\u016bta, vecu aizvainojumu uzplaiksn\u012bjumi un emocion\u0101las sv\u0101rst\u012bbas. Izvairieties no s\u0101p\u012bgu t\u0113mu atk\u0101rtotas apsprie\u0161anas, attiec\u012bbu k\u0101rto\u0161anas vai radik\u0101lu p\u0101rmai\u0146u veik\u0161anas m\u0101j\u0101s un \u0123imen\u0113.<\/p>\n<p>Visb\u012bstam\u0101k\u0101s 2026. gada janv\u0101ra dienas ir periodi, kad palielin\u0101s konfliktu, k\u013c\u016bdu, iek\u0161\u0113ju nemieru un negaid\u012btu notikumu risks. Pieejiet \u0161\u012bm dien\u0101m apzin\u012bgi, veltot vair\u0101k laika atp\u016btai, p\u0101rdom\u0101m un aktivit\u0101t\u0113m dv\u0113selei un \u0123imenei.<\/p>\n","protected":false},"excerpt":{"rendered":"Astrologi var pal\u012bdz\u0113t jums veiksm\u012bgi p\u0101rvar\u0113t jaun\u0101 gada pirmo m\u0113nesi. Vi\u0146u ieteikumi pal\u012bdz\u0113s jums noteikt ener\u0123\u0113tiski izaicino\u0161as dienas&hellip;\n","protected":false},"author":2,"featured_media":91862,"comment_status":"","ping_status":"","sticky":false,"template":"","format":"standard","meta":{"footnotes":""},"categories":[19],"tags":[89,90,35,39,38,36,37,34,40],"class_list":{"0":"post-91861","1":"post","2":"type-post","3":"status-publish","4":"format-standard","5":"has-post-thumbnail","7":"category-izklaide","8":"tag-entertainment","9":"tag-izklaide","10":"tag-latvia","11":"tag-latvian","12":"tag-latviesu","13":"tag-latviesu-valoda","14":"tag-latviesuvaloda","15":"tag-latvija","16":"tag-lv"},"share_on_mastodon":{"url":"https:\/\/pubeurope.com\/@lv\/115820667993882606","error":""},"_links":{"self":[{"href":"https:\/\/www.europesays.com\/lv\/wp-json\/wp\/v2\/posts\/91861","targetHints":{"allow":["GET"]}}],"collection":[{"href":"https:\/\/www.europesays.com\/lv\/wp-json\/wp\/v2\/posts"}],"about":[{"href":"https:\/\/www.europesays.com\/lv\/wp-json\/wp\/v2\/types\/post"}],"author":[{"embeddable":true,"href":"https:\/\/www.europesays.com\/lv\/wp-json\/wp\/v2\/users\/2"}],"replies":[{"embeddable":true,"href":"https:\/\/www.europesays.com\/lv\/wp-json\/wp\/v2\/comments?post=91861"}],"version-history":[{"count":0,"href":"https:\/\/www.europesays.com\/lv\/wp-json\/wp\/v2\/posts\/91861\/revisions"}],"wp:featuredmedia":[{"embeddable":true,"href":"https:\/\/www.europesays.com\/lv\/wp-json\/wp\/v2\/media\/91862"}],"wp:attachment":[{"href":"https:\/\/www.europesays.com\/lv\/wp-json\/wp\/v2\/media?parent=91861"}],"wp:term":[{"taxonomy":"category","embeddable":true,"href":"https:\/\/www.europesays.com\/lv\/wp-json\/wp\/v2\/categories?post=91861"},{"taxonomy":"post_tag","embeddable":true,"href":"https:\/\/www.europesays.com\/lv\/wp-json\/wp\/v2\/tags?post=91861"}],"curies":[{"name":"wp","href":"https:\/\/api.w.org\/{rel}","templated":true}]}}