{"id":91865,"date":"2026-01-01T16:07:16","date_gmt":"2026-01-01T16:07:16","guid":{"rendered":"https:\/\/www.europesays.com\/lv\/91865\/"},"modified":"2026-01-01T16:07:16","modified_gmt":"2026-01-01T16:07:16","slug":"teju-10-000-eiro-verta-filma-musu-majas-musu-jekabpils-novads-aicina-iepazit-regionu-lente-lv","status":"publish","type":"post","link":"https:\/\/www.europesays.com\/lv\/91865\/","title":{"rendered":"Teju 10 000 eiro v\u0113rta filma &#8220;M\u016bsu m\u0101jas. M\u016bsu J\u0113kabpils novads&#8221; aicina iepaz\u012bt re\u0123ionu\u00a0\u2014\u00a0Lente.lv"},"content":{"rendered":"<p>Jauna filma atkl\u0101j J\u0113kabpils novada daudzveid\u012bbu<\/p>\n<p>K\u0101 inform\u0113 port\u0101ls jauns.lv, J\u0113kabpils novada pa\u0161vald\u012bbas atbalst\u012bt\u0101 filma \u201cM\u016bsu m\u0101jas. M\u016bsu J\u0113kabpils novads\u201d nu ir tapusi un aicina skat\u012bt\u0101jus virtu\u0101l\u0101 ce\u013cojum\u0101 pa pla\u0161o novadu, atkl\u0101jot t\u0101 ainavisk\u0101s vietas, kult\u016bras mantojumu un cilv\u0113ku pieder\u012bbas saj\u016btu savai dzimtajai vietai. Filma, kuras izveidei pa\u0161vald\u012bba pie\u0161\u0137\u012brusi gandr\u012bz 10 000 eiro, ir veidota, lai iepaz\u012bstin\u0101tu ar visiem 22 pagastiem un trim pils\u0113t\u0101m, kas ietilpst J\u0113kabpils novada administrat\u012bvaj\u0101 teritorij\u0101.<\/p>\n<p>Ce\u013cojums no Daugavas krastiem l\u012bdz Saukas ezeram<\/p>\n<p>Filma \u201cM\u016bsu m\u0101jas. M\u016bsu J\u0113kabpils novads\u201d pied\u0101v\u0101 unik\u0101lu iesp\u0113ju iepaz\u012bt novada rakstur\u012bg\u0101k\u0101s vietas un dabas daudzveid\u012bbu, vedot skat\u012bt\u0101ju cauri ainav\u0101m, kas stiepjas no Daugavas krastiem un v\u0113sturisk\u0101s Krustpils pils l\u012bdz pat Akn\u012bstes l\u012bkajam tiltam, G\u0101rsenes pilij un Dunavas pagasta Tadenavai, beidzoties pie gleznain\u0101 Saukas ezera. \u0160is vizu\u0101lais st\u0101sts v\u0113sta par dzi\u013cu pieder\u012bbu novadam, kur vienlaikus savijas m\u016bsdienu pieredze, v\u0113sturisk\u0101s atmi\u0146as un laika rit\u0113jums.<\/p>\n<p>Aktiera J\u0113kaba Reine vied\u0101 ce\u013cojum\u0101<\/p>\n<p>Par filmas gidu \u0161aj\u0101 aizraujo\u0161aj\u0101 ce\u013cojum\u0101 k\u013cuvis paz\u012bstamais aktieris J\u0113kabs Reinis, kur\u0161 ne tikai atkl\u0101j zin\u0101mas un popul\u0101ras vietas, bet ar\u012b iepaz\u012bstina ar maz\u0101k zin\u0101miem dabas objektiem un st\u0101stiem, kas veido J\u0113kabpils novada unik\u0101lo identit\u0101ti. Reinis, kur\u0161 pats ir no S\u0113lijas puses, caur savu person\u012bgo prizmu pie\u0161\u0137ir filmai \u012bpa\u0161u emocion\u0101lu piesk\u0101rienu un autentiskumu.<\/p>\n<p>Filmas veidot\u0101ji un finans\u0113jums<\/p>\n<p>Filmas izveidi nodro\u0161in\u0101jusi SIA \u201cSKY Route films\u201d, un t\u0101s kop\u0113jais finans\u0113jums sast\u0101da 9 928,50 eiro, ko piln\u012bb\u0101 nodro\u0161in\u0101jusi J\u0113kabpils novada pa\u0161vald\u012bba. \u0160\u012b invest\u012bcija apliecina pa\u0161vald\u012bbas ap\u0146em\u0161anos populariz\u0113t savu novadu un veicin\u0101t t\u0101 atpaz\u012bstam\u012bbu gan viet\u0113jo iedz\u012bvot\u0101ju, gan pla\u0161\u0101kas auditorijas vid\u016b. Filma jau ir pieejama skat\u012bt\u0101jiem J\u0113kabpils novada pa\u0161vald\u012bbas ofici\u0101lajos soci\u0101lo t\u012bklu kan\u0101los \u2013 \u201cFacebook\u201d un \u201cYouTube\u201d.<\/p>\n<p>N\u0101kotnes perspekt\u012bvas un atpaz\u012bstam\u012bba<\/p>\n<p>Filmas \u201cM\u016bsu m\u0101jas. M\u016bsu J\u0113kabpils novads\u201d tap\u0161ana ir noz\u012bm\u012bgs solis J\u0113kabpils novada atpaz\u012bstam\u012bbas veicin\u0101\u0161an\u0101. T\u0101 ne tikai sniedz vizu\u0101lu p\u0101rskatu par novada bag\u0101t\u012bb\u0101m, bet ar\u012b stiprina iedz\u012bvot\u0101ju identit\u0101ti un pieder\u012bbas saj\u016btu. \u0160\u0101da veida iniciat\u012bvas ir b\u016btiskas lok\u0101l\u0101 patriotisma veicin\u0101\u0161anai un potenci\u0101lo t\u016bristu piesaistei, par\u0101dot novada daudzpus\u012bbu un skaistumu.<\/p>\n","protected":false},"excerpt":{"rendered":"Jauna filma atkl\u0101j J\u0113kabpils novada daudzveid\u012bbu K\u0101 inform\u0113 port\u0101ls jauns.lv, J\u0113kabpils novada pa\u0161vald\u012bbas atbalst\u012bt\u0101 filma \u201cM\u016bsu m\u0101jas. M\u016bsu&hellip;\n","protected":false},"author":2,"featured_media":91866,"comment_status":"","ping_status":"","sticky":false,"template":"","format":"standard","meta":{"footnotes":""},"categories":[12],"tags":[23,28,29,32,33,22,50,14084,30,31,35,39,38,36,37,34,160,40,23089,20,23090,26,27,24,25,21],"class_list":{"0":"post-91865","1":"post","2":"type-post","3":"status-publish","4":"format-standard","5":"has-post-thumbnail","7":"category-latvija","8":"tag-aktualitates","9":"tag-breaking-news","10":"tag-breakingnews","11":"tag-featured-news","12":"tag-featurednews","13":"tag-headlines","14":"tag-jekabpils-novads","15":"tag-jekabs-reinis","16":"tag-latest-news","17":"tag-latestnews","18":"tag-latvia","19":"tag-latvian","20":"tag-latviesu","21":"tag-latviesu-valoda","22":"tag-latviesuvaloda","23":"tag-latvija","24":"tag-latvijas-kultura","25":"tag-lv","26":"tag-musu-majas-musu-jekabpils-novads","27":"tag-news","28":"tag-pasvaldibas-finansejums","29":"tag-popularakas-zinas","30":"tag-popularakaszinas","31":"tag-top-stories","32":"tag-topstories","33":"tag-zinas"},"share_on_mastodon":{"url":"https:\/\/pubeurope.com\/@lv\/115820707352978556","error":""},"_links":{"self":[{"href":"https:\/\/www.europesays.com\/lv\/wp-json\/wp\/v2\/posts\/91865","targetHints":{"allow":["GET"]}}],"collection":[{"href":"https:\/\/www.europesays.com\/lv\/wp-json\/wp\/v2\/posts"}],"about":[{"href":"https:\/\/www.europesays.com\/lv\/wp-json\/wp\/v2\/types\/post"}],"author":[{"embeddable":true,"href":"https:\/\/www.europesays.com\/lv\/wp-json\/wp\/v2\/users\/2"}],"replies":[{"embeddable":true,"href":"https:\/\/www.europesays.com\/lv\/wp-json\/wp\/v2\/comments?post=91865"}],"version-history":[{"count":0,"href":"https:\/\/www.europesays.com\/lv\/wp-json\/wp\/v2\/posts\/91865\/revisions"}],"wp:featuredmedia":[{"embeddable":true,"href":"https:\/\/www.europesays.com\/lv\/wp-json\/wp\/v2\/media\/91866"}],"wp:attachment":[{"href":"https:\/\/www.europesays.com\/lv\/wp-json\/wp\/v2\/media?parent=91865"}],"wp:term":[{"taxonomy":"category","embeddable":true,"href":"https:\/\/www.europesays.com\/lv\/wp-json\/wp\/v2\/categories?post=91865"},{"taxonomy":"post_tag","embeddable":true,"href":"https:\/\/www.europesays.com\/lv\/wp-json\/wp\/v2\/tags?post=91865"}],"curies":[{"name":"wp","href":"https:\/\/api.w.org\/{rel}","templated":true}]}}