{"id":91871,"date":"2026-01-01T16:14:12","date_gmt":"2026-01-01T16:14:12","guid":{"rendered":"https:\/\/www.europesays.com\/lv\/91871\/"},"modified":"2026-01-01T16:14:12","modified_gmt":"2026-01-01T16:14:12","slug":"eiduka-tour-de-ski-iedzisana-pakapjas-uz-30-vietu-jauns-lv","status":"publish","type":"post","link":"https:\/\/www.europesays.com\/lv\/91871\/","title":{"rendered":"Eiduka &quot;Tour de Ski&quot; iedz\u012b\u0161an\u0101 pak\u0101pjas uz 30. vietu &#8211; Jauns.lv"},"content":{"rendered":"<ol>\n<li><a href=\"https:\/\/news.google.com\/rss\/articles\/CBMikAFBVV95cUxQWmNHRjJpaVY4RXpoWk5TNHJpUjBqZVQ1SUtEQTVnQWlaLXAwT05sZ0s1c3ZtMkY1WGpsbk91WVNha0NWX2VZX3Z0M1pWejN4OFlPQnpIOGlkdnM0RTdqOGhKZ3B4bHd6cEt4TkpGcTBtZkNsVDBBajJKcmJiS1ZweW5yaTFMM0RVTlRrQTNWMnA?oc=5\" target=\"_blank\" rel=\"nofollow noopener\">Eiduka &#8220;Tour de Ski&#8221; iedz\u012b\u0161an\u0101 pak\u0101pjas uz 30. vietu<\/a>&nbsp;&nbsp;Jauns.lv<\/li>\n<li><a href=\"https:\/\/news.google.com\/rss\/articles\/CBMipgFBVV95cUxOTkNhQUdFbFlZWXctS0dYbHFMcmpIUWlUVWxVZlJ6R1NHYlV3RW9Cc2RRNktKZElfOVkxOFZlV3lLVGE4X3lwWGMyMFdZYXU3OGdzLU1YRzdjTVZxZGpSQkdNbXlOR1VVbXN1cHNmUy1KQVNQRkZLWlJWZmhvMzRwSk1pazdaUk9UM1lnV01pZGsybWRJSURFeGtBTmdLT1pub2d0SHl3?oc=5\" target=\"_blank\" rel=\"nofollow noopener\">Eiduka &#8220;Tour de Ski&#8221; iedz\u012b\u0161an\u0101 uzlabo savu poz\u012bciju<\/a>&nbsp;&nbsp;Delfi<\/li>\n<li><a href=\"https:\/\/news.google.com\/rss\/articles\/CBMioAFBVV95cUxQbzhVLTA0U0E3RDdyRUJ5NUQtQmlGVHA2a0ZrRDhXQ25yU2xXVkdfRnVOeU5EOTJKR1pBV25yYmstTnlqclNzcW5zTjJ2TEx4TFVPRVI1UEJUekRUUzFjazBiOW1MNldZS3JJU2h1ZWZGUTVSNjZkZ2FORjJXR3VyQlhKUkgxVF83LUZJVkRVU2dxRVZfT0swSXZLcnk1YmFq?oc=5\" target=\"_blank\" rel=\"nofollow noopener\">Eiduka iedz\u012b\u0161an\u0101 pak\u0101pjas l\u012bdz tr\u012bsdesmitniekam, Diginsa fenomen\u0101la \u2013 Ziemas sports<\/a>&nbsp;&nbsp;Sportacentrs.com<\/li>\n<li><a href=\"https:\/\/news.google.com\/rss\/articles\/CBMiuAFBVV95cUxOMFgybUwwTXZsVkh5QlVZa0xmYm9Sc1MxQmJ0SDdxeTdhc2dUTTE1RThsdWhQeVRPSFd5WC1MN1BzT0Q4SktObUx2RHVJbkhNMEFENnQwcXJnaURVWFFFdjZTdDE1bXowSldOeVduQWxZanNrNVF3czRhS3pSVXpYNlRyeXIzd19yR2M3X184Z3FuaW4yM3FUb0JLdmZlaHZ1bldrVXktWkU3OGVMM2ZiLV9fbElfemY30gG-AUFVX3lxTE1VUmdjamk5VTg1Wl9tQUREOXBjZnJhODg2SlRVQzZrVlBJNDdkbng5VWFoNVdIOE00emJEUEd5d1EyU0ZRMlA4azRVNmd3cF8wRlpUVXRjOGo4RHN2N3Y2RkxaN2d0enAtNnFWUVVRR0RSRjlRSC1nWnVCZDlVeWU1NTJ6bzdNTVQzNlRuYllWbUc1STA2aHBIZHdOYTlUSVY1YmM1NXRJMmtBLThDWnh0SUJhZExhRnVxeWJmQmc?oc=5\" target=\"_blank\" rel=\"nofollow noopener\">Eidukai 39. vieta \u00abTour de Ski\u00bb desmit kilometru individu\u0101laj\u0101 distanc\u0113<\/a>&nbsp;&nbsp;bb.lv<\/li>\n<li><a href=\"https:\/\/news.google.com\/rss\/articles\/CBMi6gFBVV95cUxPYmxwZXVQWFpNODgxWExRcEEtUWdKS0xuV3FMLXUyV19HWkdKNkQtM1RfVHFFdTE4UXZMdFBIdXN1WFMtUGpEUWg5bVI1UTN1S29keU9sOTVJR09QVm9ld0poY0c1YUpzbzdUQWpjNnZEM1h1bHJ6Nm9Dbk5XRW9JTE5JMEdXR3BzNUpuTHdSQWJCaTNfX3h4d2ZuejN2T2RwMzdLMkswUllVWEtGaF83d2dpU1R5TkNjVDE4N1QyQlRCbU5zRlhrUlZuMl9qTkxrYkxRcjUtNE8wWUt1NFN1d2x3UzFrSXhyOUE?oc=5\" target=\"_blank\" rel=\"nofollow noopener\">Sl\u0113pot\u0101ja Eiduka gada nosl\u0113gum\u0101 sasniedz 37. vietu \u00abTour de Ski\u00bb distanc\u0113 ar kop\u012bgu startu<\/a>&nbsp;&nbsp;LSM<\/li>\n<\/ol>\n","protected":false},"excerpt":{"rendered":"Eiduka &#8220;Tour de Ski&#8221; iedz\u012b\u0161an\u0101 pak\u0101pjas uz 30. vietu&nbsp;&nbsp;Jauns.lv Eiduka &#8220;Tour de Ski&#8221; iedz\u012b\u0161an\u0101 uzlabo savu poz\u012bciju&nbsp;&nbsp;Delfi Eiduka&hellip;\n","protected":false},"author":2,"featured_media":91872,"comment_status":"","ping_status":"","sticky":false,"template":"","format":"standard","meta":{"footnotes":""},"categories":[5],"tags":[23,28,29,32,33,22,30,31,35,39,38,36,37,34,40,20,26,27,24,25,21],"class_list":{"0":"post-91871","1":"post","2":"type-post","3":"status-publish","4":"format-standard","5":"has-post-thumbnail","7":"category-aktualitates","8":"tag-aktualitates","9":"tag-breaking-news","10":"tag-breakingnews","11":"tag-featured-news","12":"tag-featurednews","13":"tag-headlines","14":"tag-latest-news","15":"tag-latestnews","16":"tag-latvia","17":"tag-latvian","18":"tag-latviesu","19":"tag-latviesu-valoda","20":"tag-latviesuvaloda","21":"tag-latvija","22":"tag-lv","23":"tag-news","24":"tag-popularakas-zinas","25":"tag-popularakaszinas","26":"tag-top-stories","27":"tag-topstories","28":"tag-zinas"},"share_on_mastodon":{"url":"https:\/\/pubeurope.com\/@lv\/115820734915763182","error":""},"_links":{"self":[{"href":"https:\/\/www.europesays.com\/lv\/wp-json\/wp\/v2\/posts\/91871","targetHints":{"allow":["GET"]}}],"collection":[{"href":"https:\/\/www.europesays.com\/lv\/wp-json\/wp\/v2\/posts"}],"about":[{"href":"https:\/\/www.europesays.com\/lv\/wp-json\/wp\/v2\/types\/post"}],"author":[{"embeddable":true,"href":"https:\/\/www.europesays.com\/lv\/wp-json\/wp\/v2\/users\/2"}],"replies":[{"embeddable":true,"href":"https:\/\/www.europesays.com\/lv\/wp-json\/wp\/v2\/comments?post=91871"}],"version-history":[{"count":0,"href":"https:\/\/www.europesays.com\/lv\/wp-json\/wp\/v2\/posts\/91871\/revisions"}],"wp:featuredmedia":[{"embeddable":true,"href":"https:\/\/www.europesays.com\/lv\/wp-json\/wp\/v2\/media\/91872"}],"wp:attachment":[{"href":"https:\/\/www.europesays.com\/lv\/wp-json\/wp\/v2\/media?parent=91871"}],"wp:term":[{"taxonomy":"category","embeddable":true,"href":"https:\/\/www.europesays.com\/lv\/wp-json\/wp\/v2\/categories?post=91871"},{"taxonomy":"post_tag","embeddable":true,"href":"https:\/\/www.europesays.com\/lv\/wp-json\/wp\/v2\/tags?post=91871"}],"curies":[{"name":"wp","href":"https:\/\/api.w.org\/{rel}","templated":true}]}}