{"id":91875,"date":"2026-01-01T16:19:21","date_gmt":"2026-01-01T16:19:21","guid":{"rendered":"https:\/\/www.europesays.com\/lv\/91875\/"},"modified":"2026-01-01T16:19:21","modified_gmt":"2026-01-01T16:19:21","slug":"alvi-kas-bus-tava-komanda-kpv-lv-bijusais-lideris-versas-pie-hermana-bet-velak-ieraksts-dzests","status":"publish","type":"post","link":"https:\/\/www.europesays.com\/lv\/91875\/","title":{"rendered":"&#8220;Alvi, kas b\u016bs Tava komanda?&#8221; \u2013 &#8220;KPV LV&#8221; biju\u0161ais l\u012bderis v\u0113r\u0161as pie Herma\u0146a, bet v\u0113l\u0101k ieraksts dz\u0113sts"},"content":{"rendered":"<p>Partijas &#8220;KPV LV&#8221; (&#8220;Kam pieder valsts&#8221;) k\u0101dreiz\u0113jais premjera amata kandid\u0101ts, jurists un eksdeput\u0101ts <a rel=\"noopener nofollow\" target=\"_blank\" href=\"https:\/\/www.delfi.lv\/temas\/50605291\/aldis-gobzems\" tag-id=\"50605291\">Aldis Gobzems<\/a> (Arigo Toro) soci\u0101laj\u0101 medij\u0101 &#8220;Facebook&#8221; re\u017eisoram Alvim Hermanim uzdevis virkni jaut\u0101jumu, kas saist\u012bti ar vi\u0146a pieteikt\u0101 politsk\u0101 sp\u0113ka person\u0101lij\u0101m un to iesp\u0113jamo saist\u012bbu ar biju\u0161ajiem &#8220;KPV LV&#8221; biedriem. P\u0113c da\u017e\u0101m stund\u0101m gan ieraksts izdz\u0113sts, nov\u0113roja port\u0101ls &#8220;Delfi&#8221;.  <\/p>\n<p>K\u0101 zi\u0146ots, Hermanis, kur\u0161 decembra s\u0101kum\u0101 atst\u0101ja pa\u0161a dibin\u0101to kust\u012bbu &#8220;Bez partij\u0101m&#8221;, Vecgada dien\u0101 n\u0101ca klaj\u0101 ar pazi\u0146ojumu, ka pievienojies partijai &#8220;Republika&#8221;, ierosin\u0101jis tai main\u012bt nosaukumu uz &#8220;M\u0113s main\u0101m noteikumus&#8221; un ap\u0146\u0113mies \u0161o politisko sp\u0113ku ar\u012b vad\u012bt. To apstiprin\u0101ja ar\u012b &#8220;Republikas&#8221; vad\u012bt\u0101js, tagad\u0113jais Kuld\u012bgas novada domes deput\u0101ts un ar\u012b <a rel=\"noopener follow nofollow\" target=\"_blank\" href=\"https:\/\/www.delfi.lv\/193\/politics\/53515835\/pucens-izstajas-no-kpv-lv-bet-paliek-saeimas-frakcija\" data-rel-date-range=\"[]\">biju\u0161ais Gobzema partijas biedrs<\/a> un parlament\u0101rietis <a rel=\"noopener nofollow\" target=\"_blank\" href=\"https:\/\/www.delfi.lv\/temas\/51747947\/eriks-pucens\" tag-id=\"51747947\">\u0112riks Pucens<\/a>. <\/p>\n<p>Lasiet ar\u012b<\/p>\n<p><a href=\"https:\/\/www.delfi.lv\/193\/politics\/120100974\/mes-mainam-noteikumus-hermanis-nak-klaja-ar-jaunu-pazinojumu\" class=\"headline__image-link\" itemprop=\"url\" rel=\"nofollow noopener\" target=\"_blank\"><img decoding=\"async\" loading=\"lazy\" itemprop=\"image\" src=\"https:\/\/www.europesays.com\/lv\/wp-content\/uploads\/2026\/01\/26ef12f6-5a28-4c08-9479-cd3d279720ef.jpg\" alt=\"&quot;M\u0113s main\u0101m noteikumus&quot; \u2013 Hermanis n\u0101k klaj\u0101 ar jaunu pazi\u0146ojumu \" title=\"&quot;M\u0113s main\u0101m noteikumus&quot; \u2013 Hermanis n\u0101k klaj\u0101 ar jaunu pazi\u0146ojumu \" class=\"headline__image img-fluid w-100\"\/><\/a><a href=\"https:\/\/www.delfi.lv\/193\/politics\/120099623\/nesagaidot-sabiedribas-atbalstu-hermanis-pievienojas-bezcerigo-pulkam\" class=\"headline__image-link\" itemprop=\"url\" rel=\"nofollow noopener\" target=\"_blank\"><img decoding=\"async\" loading=\"lazy\" itemprop=\"image\" src=\"https:\/\/www.europesays.com\/lv\/wp-content\/uploads\/2025\/12\/df7475a6-d4e5-439d-b34a-54f820fdbae6.jpg\" alt=\"Nesagaidot sabiedr\u012bbas atbalstu, Hermanis pievienojas &quot;bezcer\u012bgo pulkam&quot;\" title=\"Nesagaidot sabiedr\u012bbas atbalstu, Hermanis pievienojas &quot;bezcer\u012bgo pulkam&quot;\" class=\"headline__image img-fluid w-100\"\/><\/a><\/p>\n<p>&#8220;Alvi, run\u0101sim god\u012bgi un bez te\u0101tra d\u016bmiem. Tu ej publiskaj\u0101 politik\u0101 ar v\u0101rdu, autorit\u0101ti un amb\u012bciju uz liel\u0101m izmai\u0146\u0101m. Labi. Bet tad s\u0101kas komandas jaut\u0101jums. Ja &#8220;Republika&#8221; zin\u0101m\u0101kais biedrs \u0161obr\u012bd esot \u0112riks Pucens, tad ir probl\u0113ma. Nevis personiska, bet struktur\u0101la,&#8221; rakst\u012bja ekspoliti\u0137is. <\/p>\n<p>&#8220;Un tad v\u0113l \u0161is pils\u0113tas kla\u010du \u010duksts, ka <a rel=\"noopener nofollow\" target=\"_blank\" href=\"https:\/\/www.delfi.lv\/temas\/43081502\/artuss-kaimins\" tag-id=\"43081502\">Artuss Kaimi\u0146\u0161<\/a> lieloties, ka tas esot vi\u0146a projekts, ka tie\u0161i vi\u0146\u0161 Tevi ar visiem vajadz\u012bgajiem cilv\u0113kiem sapaz\u012bstin\u0101jis. Ja t\u0101 ir pat da\u013c\u0113ji taisn\u012bba, tad m\u0113s nevis ejam uz jaunu politiku, bet skat\u0101mies &#8220;KPV LV&#8221; scen\u0101rija n\u0101kamo sezonu, tikai ar \u0161oreiz nevis ar aktieri, bet re\u017eisoru,&#8221; vi\u0146\u0161 nor\u0101d\u012bja. <\/p>\n<p>&#8220;Un tagad pats galvenais jaut\u0101jums, no kura neizvair\u012bties. Kas ir un b\u016bs Tava komanda? P\u0113d\u0113jais laiks s\u0101kt to veidot. Atbilde uz \u0161o jaut\u0101jumu iz\u0161\u0137irs visu. Ne programmas. Ne manifesti. Cilv\u0113ki. Vienm\u0113r cilv\u0113ki. Un te\u0101tr\u012b Tu to zini lab\u0101k par jebkuru,&#8221; vi\u0146\u0161 nosl\u0113dza savu ierakstu.<\/p>\n<p>Jau zi\u0146ots, ka Pucens &#8220;KPV LV&#8221;, kas p\u0113c\u0101k vair\u0101kk\u0101rt main\u012bja nosaukumus, iest\u0101j\u0101s neilgi p\u0113c t\u0101s dibin\u0101\u0161anas \u2013 2017. gad\u0101. No \u0161\u012bs partijas saraksta vi\u0146\u0161 ar\u012b tika iev\u0113l\u0113ts 13. Saeim\u0101, k\u0101 ar\u012b tika apstiprin\u0101ts frakcijas priek\u0161s\u0113d\u0113t\u0101ja vietnieka amat\u0101 p\u0113c tam, kad no \u0161\u012b amata tika atbr\u012bvots viens no &#8220;KPV LV&#8221; dibin\u0101t\u0101jiem Artuss Kaimi\u0146\u0161. Partijas rindas Pucens pameta 2021. gad\u0101 un pievienoj\u0101s partij\u0101 &#8220;Vienot\u012bba&#8221;. <\/p>\n<p>No &#8220;KPV LV&#8221; jeb &#8220;Par cilv\u0113c\u012bgu Latviju&#8221; 2021. gad\u0101 izst\u0101j\u0101s biju\u0161ais iek\u0161lietu ministrs <a rel=\"noopener nofollow\" target=\"_blank\" href=\"http:\/\/www.delfi.lv\/temas\/sandis-girgens\" class=\"ttl_link textTag_52219573\" data-rel-date-range=\"[]\">Sandis \u0122ir\u0123ens<\/a> un vi\u0146a br\u0101lis, toreiz\u0113jais Saeimas deput\u0101ts Kaspars \u0122ir\u0123ens. Vi\u0146i pazi\u0146oja, ka <a rel=\"noopener follow nofollow\" target=\"_blank\" href=\"https:\/\/www.delfi.lv\/193\/politics\/53481643\/brali-girgeni-veidos-jaunu-partiju\" data-rel-date-range=\"[]\">nol\u0113mu\u0161i veidot jaunu partiju<\/a>. <\/p>\n<p>Savuk\u0101rt partija &#8220;Republika&#8221; tika dibin\u0101ta 2021. gada septembr\u012b. N\u0101kam\u0101 gada mart\u0101 par t\u0101s priek\u0161s\u0113d\u0113t\u0101ju tika iev\u0113l\u0113ts S. \u0122ir\u0123ens, bet vald\u0113 darbu turpin\u0101ja Pucens. &#8220;Republika&#8221; piedal\u012bj\u0101s 14. Saeimas v\u0113l\u0113\u0161an\u0101s, ta\u010du 5 % barjeru nep\u0101rvar\u0113ja un parlament\u0101 neiek\u013cuva. <\/p>\n<p>&#8220;KPV LV&#8221; tika dibin\u0101ta 2016. gada maij\u0101. Partijas vad\u012bb\u0101 bija tr\u012bs l\u012bdzpriek\u0161s\u0113d\u0113t\u0101ji \u2013 Kaimi\u0146\u0161, uz\u0146\u0113m\u0113ja <a rel=\"noopener nofollow\" target=\"_blank\" href=\"https:\/\/www.delfi.lv\/temas\/50024591\/linda-liepina\" tag-id=\"50024591\">Linda Liepi\u0146a<\/a>, kura jau p\u0113c iev\u0113l\u0113\u0161anas 13. Saeim\u0101 izst\u0101j\u0101s no &#8220;KPV LV&#8221; un tagad 14. Saeim\u0101 p\u0101rst\u0101v &#8220;Latvijas Pirmaj\u0101 viet\u0101&#8221;, un <a rel=\"noopener nofollow\" target=\"_blank\" href=\"https:\/\/www.delfi.lv\/temas\/50024593\/atis-zakatistovs\" tag-id=\"50024593\">Atis Zakatistovs<\/a>. Gobzems partijai pievienoj\u0101s 2018. gad\u0101, no t\u0101s saraksta tika iev\u0113l\u0113ts 13. Saeim\u0101, bet 2019. gada s\u0101kum\u0101 tika izsl\u0113gts gan no partijas, gan t\u0101s Saeimas frakcijas. Nedaudz v\u0113l\u0101k Gobzems nodibin\u0101ja partiju &#8220;Likums un k\u0101rt\u012bba&#8221; un k\u013cuva par t\u0101s l\u012bdzpriek\u0161s\u0113d\u0113t\u0101ju. <\/p>\n<p>Ar\u012b &#8220;Likums un k\u0101rt\u012bba&#8221; nosaukums tika main\u012bts \u2013 t\u0101 sauc\u0101s gan &#8220;Katram un katrai, gan tagad \u2013 &#8220;Platforma 21&#8221;. \u0160is politiskais sp\u0113ks 2025. gada oktobr\u012b pazi\u0146oja, ka pied\u0101v\u0101jis izmantot sevi k\u0101 platformu politiskajai kust\u012bbai &#8220;Bez partij\u0101m&#8221;, jo, partijas ieskat\u0101, tas var\u0113tu b\u016bt izdev\u012bgi jaunajai kust\u012bbai un neb\u016btu pretrun\u0101 ar partijas idej\u0101m. &#8220;Bez partij\u0101m&#8221; izl\u0113ma ar &#8220;Platforma 21&#8221; nesadarboties. <\/p>\n<p>Lasiet ar\u012b<\/p>\n<p><a href=\"https:\/\/www.delfi.lv\/193\/politics\/120092546\/bez-partijam-tomer-nesadarbosies-ar-partiju-platforma-21\" class=\"headline__image-link\" itemprop=\"url\" rel=\"nofollow noopener\" target=\"_blank\"><img decoding=\"async\" loading=\"lazy\" itemprop=\"image\" src=\"https:\/\/www.europesays.com\/lv\/wp-content\/uploads\/2026\/01\/744f09bc-379d-497b-8520-653b5baf665d.jpg\" alt=\"&quot;Bez partij\u0101m&quot; tom\u0113r nesadarbosies ar partiju &quot;Platforma 21&quot;\" title=\"&quot;Bez partij\u0101m&quot; tom\u0113r nesadarbosies ar partiju &quot;Platforma 21&quot;\" class=\"headline__image img-fluid w-100\"\/><\/a><a href=\"https:\/\/www.delfi.lv\/193\/politics\/120092084\/partija-platforma-21-izteikusi-piedavajumu-kustibai-bez-partijam\" class=\"headline__image-link\" itemprop=\"url\" rel=\"nofollow noopener\" target=\"_blank\"><img decoding=\"async\" loading=\"lazy\" itemprop=\"image\" src=\"https:\/\/www.europesays.com\/lv\/wp-content\/uploads\/2025\/10\/e612f58f-8f24-4384-982f-c4a2eb147c71.jpg\" alt=\"Partija &quot;Platforma 21&quot; izteikusi pied\u0101v\u0101jumu kust\u012bbai &quot;Bez partij\u0101m&quot; \" title=\"Partija &quot;Platforma 21&quot; izteikusi pied\u0101v\u0101jumu kust\u012bbai &quot;Bez partij\u0101m&quot; \" class=\"headline__image img-fluid w-100\"\/><\/a><\/p>\n<p class=\"m-0\">Seko &#8220;Delfi&#8221; ar\u012b  <a target=\"_blank\" href=\"https:\/\/www.instagram.com\/delfi.lv\/\" rel=\"nofollow noopener\">Instagram<\/a>  un <a target=\"_blank\" href=\"https:\/\/www.youtube.com\/channel\/UCw5foWtcJvAbUm64rv7jwUQ\" rel=\"nofollow noopener\">YouTube<\/a>  profil\u0101 \u2013 pievienojies, lai uzzin\u0101tu svar\u012bg\u0101ko un interesant\u0101ko pirmais!<\/p>\n<p>Publik\u0101cijas saturs vai t\u0101s jebk\u0101da apjoma da\u013ca ir aizsarg\u0101ts autorties\u012bbu objekts Autorties\u012bbu likuma izpratn\u0113, un t\u0101 izmanto\u0161ana bez izdev\u0113ja at\u013caujas ir aizliegta. Vair\u0101k lasi  <a target=\"_blank\" href=\"https:\/\/www.delfi.lv\/noteikumi#autortiesibas\" rel=\"nofollow noopener\">\u0161eit<\/a><script async src=\"\/\/www.instagram.com\/embed.js\"><\/script><\/p>\n","protected":false},"excerpt":{"rendered":"Partijas &#8220;KPV LV&#8221; (&#8220;Kam pieder valsts&#8221;) k\u0101dreiz\u0113jais premjera amata kandid\u0101ts, jurists un eksdeput\u0101ts Aldis Gobzems (Arigo Toro) soci\u0101laj\u0101&hellip;\n","protected":false},"author":2,"featured_media":91860,"comment_status":"","ping_status":"","sticky":false,"template":"","format":"standard","meta":{"footnotes":""},"categories":[12],"tags":[23086,22236,23,866,5992,12335,23084,28,29,23087,32,33,22,30,31,35,39,38,36,37,34,14828,9682,40,23088,20,9192,26,27,23085,24,25,21],"class_list":{"0":"post-91875","1":"post","2":"type-post","3":"status-publish","4":"format-standard","5":"has-post-thumbnail","7":"category-latvija","8":"tag-13-saeima","9":"tag-14-saeima","10":"tag-aktualitates","11":"tag-aldis-gobzems","12":"tag-alvis-hermanis","13":"tag-artuss-kaimins","14":"tag-atis-zakatistovs","15":"tag-breaking-news","16":"tag-breakingnews","17":"tag-eriks-pucens","18":"tag-featured-news","19":"tag-featurednews","20":"tag-headlines","21":"tag-latest-news","22":"tag-latestnews","23":"tag-latvia","24":"tag-latvian","25":"tag-latviesu","26":"tag-latviesu-valoda","27":"tag-latviesuvaloda","28":"tag-latvija","29":"tag-linda-liepina","30":"tag-lpv-latvija-pirmaja-vieta","31":"tag-lv","32":"tag-maris-mozvillo","33":"tag-news","34":"tag-partija-kpv-lv","35":"tag-popularakas-zinas","36":"tag-popularakaszinas","37":"tag-sandis-girgens","38":"tag-top-stories","39":"tag-topstories","40":"tag-zinas"},"share_on_mastodon":{"url":"","error":"Validation failed: Text character limit of 500 exceeded"},"_links":{"self":[{"href":"https:\/\/www.europesays.com\/lv\/wp-json\/wp\/v2\/posts\/91875","targetHints":{"allow":["GET"]}}],"collection":[{"href":"https:\/\/www.europesays.com\/lv\/wp-json\/wp\/v2\/posts"}],"about":[{"href":"https:\/\/www.europesays.com\/lv\/wp-json\/wp\/v2\/types\/post"}],"author":[{"embeddable":true,"href":"https:\/\/www.europesays.com\/lv\/wp-json\/wp\/v2\/users\/2"}],"replies":[{"embeddable":true,"href":"https:\/\/www.europesays.com\/lv\/wp-json\/wp\/v2\/comments?post=91875"}],"version-history":[{"count":0,"href":"https:\/\/www.europesays.com\/lv\/wp-json\/wp\/v2\/posts\/91875\/revisions"}],"wp:featuredmedia":[{"embeddable":true,"href":"https:\/\/www.europesays.com\/lv\/wp-json\/wp\/v2\/media\/91860"}],"wp:attachment":[{"href":"https:\/\/www.europesays.com\/lv\/wp-json\/wp\/v2\/media?parent=91875"}],"wp:term":[{"taxonomy":"category","embeddable":true,"href":"https:\/\/www.europesays.com\/lv\/wp-json\/wp\/v2\/categories?post=91875"},{"taxonomy":"post_tag","embeddable":true,"href":"https:\/\/www.europesays.com\/lv\/wp-json\/wp\/v2\/tags?post=91875"}],"curies":[{"name":"wp","href":"https:\/\/api.w.org\/{rel}","templated":true}]}}