{"id":91876,"date":"2026-01-01T16:20:14","date_gmt":"2026-01-01T16:20:14","guid":{"rendered":"https:\/\/www.europesays.com\/lv\/91876\/"},"modified":"2026-01-01T16:20:14","modified_gmt":"2026-01-01T16:20:14","slug":"piektdien-sniega-sega-klus-vel-biezaka","status":"publish","type":"post","link":"https:\/\/www.europesays.com\/lv\/91876\/","title":{"rendered":"Piektdien sniega sega k\u013c\u016bs v\u0113l biez\u0101ka"},"content":{"rendered":"<p>Piektdien dienas laik\u0101 gaisa temperat\u016bra b\u016bs -2&#8230;+4 gr\u0101du robe\u017e\u0101s. Galvaspils\u0113t\u0101 gaisa temperat\u016bra pa dienu tiek prognoz\u0113t\u0101 0..+2 gr\u0101du robe\u017e\u0101s.<\/p>\n<p>Nakt\u012b ilgsto\u0161i, bet dien\u0101 pa laikam gaid\u0101mi nokri\u0161\u0146i &#8211; liel\u0101koties sniegs, slapj\u0161 sniegs. Sinopti\u0137i prognoz\u0113, ka nakt\u012b stipri snigs liel\u0101kaj\u0101 teritorijas da\u013c\u0101. Viet\u0101m austrumos iesp\u0113jama atkala.<\/p>\n<p>Nakt\u012b p\u016bt\u012bs l\u0113ns l\u012bdz m\u0113rens dienvidu, dienvidaustrumu v\u0113j\u0161, j\u016bras piekrast\u0113 domin\u0113s dienvidu, dienvidrietumu v\u0113j\u0161. V\u0113l nakts s\u0101kum\u0101 v\u0113j\u0161 saglab\u0101sies br\u0101zmains.<\/p>\n<p>Minim\u0101l\u0101 gaisa temperat\u016bra nakt\u012b rietumos b\u016bs no +2\u2026-3 gr\u0101diem, bet austrumos neb\u016bs silt\u0101k par -4\u2026-9 gr\u0101diem, da\u017eviet b\u016bs v\u0113l par k\u0101du gr\u0101du aukst\u0101k.<\/p>\n<p>Ar\u012b R\u012bg\u0101 m\u0101ko\u0146i nes\u012bs ilgsto\u0161u sniegu, un nakts laik\u0101 sniega segas biezums pieaugs par \u010detriem l\u012bdz pieciem centimetriem. Domin\u0113s l\u0113ns l\u012bdz m\u0113rens dienvidu v\u0113j\u0161, br\u0101zm\u0101s 15 l\u012bdz 17 metriem sekund\u0113. Minim\u0101l\u0101 gaisa temperat\u016bra b\u016bs -3\u2026-4 gr\u0101di.<\/p>\n","protected":false},"excerpt":{"rendered":"Piektdien dienas laik\u0101 gaisa temperat\u016bra b\u016bs -2&#8230;+4 gr\u0101du robe\u017e\u0101s. Galvaspils\u0113t\u0101 gaisa temperat\u016bra pa dienu tiek prognoz\u0113t\u0101 0..+2 gr\u0101du&hellip;\n","protected":false},"author":2,"featured_media":91877,"comment_status":"","ping_status":"","sticky":false,"template":"","format":"standard","meta":{"footnotes":""},"categories":[5],"tags":[23,28,29,32,33,22,396,397,30,31,35,39,38,36,37,34,40,20,26,27,24,25,21],"class_list":{"0":"post-91876","1":"post","2":"type-post","3":"status-publish","4":"format-standard","5":"has-post-thumbnail","7":"category-aktualitates","8":"tag-aktualitates","9":"tag-breaking-news","10":"tag-breakingnews","11":"tag-featured-news","12":"tag-featurednews","13":"tag-headlines","14":"tag-laika-zinas","15":"tag-laikapstakli","16":"tag-latest-news","17":"tag-latestnews","18":"tag-latvia","19":"tag-latvian","20":"tag-latviesu","21":"tag-latviesu-valoda","22":"tag-latviesuvaloda","23":"tag-latvija","24":"tag-lv","25":"tag-news","26":"tag-popularakas-zinas","27":"tag-popularakaszinas","28":"tag-top-stories","29":"tag-topstories","30":"tag-zinas"},"share_on_mastodon":{"url":"https:\/\/pubeurope.com\/@lv\/115820758468823573","error":""},"_links":{"self":[{"href":"https:\/\/www.europesays.com\/lv\/wp-json\/wp\/v2\/posts\/91876","targetHints":{"allow":["GET"]}}],"collection":[{"href":"https:\/\/www.europesays.com\/lv\/wp-json\/wp\/v2\/posts"}],"about":[{"href":"https:\/\/www.europesays.com\/lv\/wp-json\/wp\/v2\/types\/post"}],"author":[{"embeddable":true,"href":"https:\/\/www.europesays.com\/lv\/wp-json\/wp\/v2\/users\/2"}],"replies":[{"embeddable":true,"href":"https:\/\/www.europesays.com\/lv\/wp-json\/wp\/v2\/comments?post=91876"}],"version-history":[{"count":0,"href":"https:\/\/www.europesays.com\/lv\/wp-json\/wp\/v2\/posts\/91876\/revisions"}],"wp:featuredmedia":[{"embeddable":true,"href":"https:\/\/www.europesays.com\/lv\/wp-json\/wp\/v2\/media\/91877"}],"wp:attachment":[{"href":"https:\/\/www.europesays.com\/lv\/wp-json\/wp\/v2\/media?parent=91876"}],"wp:term":[{"taxonomy":"category","embeddable":true,"href":"https:\/\/www.europesays.com\/lv\/wp-json\/wp\/v2\/categories?post=91876"},{"taxonomy":"post_tag","embeddable":true,"href":"https:\/\/www.europesays.com\/lv\/wp-json\/wp\/v2\/tags?post=91876"}],"curies":[{"name":"wp","href":"https:\/\/api.w.org\/{rel}","templated":true}]}}