{"id":91878,"date":"2026-01-01T16:27:07","date_gmt":"2026-01-01T16:27:07","guid":{"rendered":"https:\/\/www.europesays.com\/lv\/91878\/"},"modified":"2026-01-01T16:27:07","modified_gmt":"2026-01-01T16:27:07","slug":"foto-sieviesu-solidaritate-dzilindzera-bijusas-sievas-jaungada-nakts-foto-parsteidz-sekotajus","status":"publish","type":"post","link":"https:\/\/www.europesays.com\/lv\/91878\/","title":{"rendered":"FOTO. Sievie\u0161u solidarit\u0101te? D\u017eilind\u017eera biju\u0161\u0101s sievas Jaungada nakts foto p\u0101rsteidz sekot\u0101jus"},"content":{"rendered":"<p>    <img decoding=\"async\" src=\"https:\/\/www.europesays.com\/lv\/wp-content\/uploads\/2026\/01\/Dailes-teatris_LET_23515184.jpg\" alt=\"&#10;D\u017e.D\u017e.D\u017eilind\u017eers.&#10;\"\/><\/p>\n<p>D\u017e.D\u017e.D\u017eilind\u017eers.<\/p>\n<p>Foto \u2013 Leta\n<\/p>\n<p>Nesen v\u0113st\u012bj\u0101m, ka \u0161\u0137irta re\u017eisora D\u017e.D\u017e.D\u017eilind\u017eera sest\u0101 laul\u012bba. Vi\u0146a p\u0113d\u0113j\u0101 bijus\u012b sieva  Inga Grencberga, k\u0101 v\u0113sta publiski ielikts foto Instagram, devusies uz Sp\u0101niju, lai jauno gadu sagaid\u012btu kop\u0101 ar D\u017eilind\u017eera piekto sievu m\u0101kslinieci El\u012bnu Maliginu.<\/p>\n<p>        Las\u012bt\u0101kie<br \/>\n        <a data-imagesrc=\"{&quot;300&quot;:&quot;https:\\\/\\\/lastatic.ams3.cdn.digitaloceanspaces.com\\\/2026\\\/01\\\/shutterstock_2685252749-300x172.jpg&quot;,&quot;1024&quot;:&quot;https:\\\/\\\/lastatic.ams3.cdn.digitaloceanspaces.com\\\/2026\\\/01\\\/shutterstock_2685252749-1024x589.jpg&quot;,&quot;1536&quot;:&quot;https:\\\/\\\/lastatic.ams3.cdn.digitaloceanspaces.com\\\/2026\\\/01\\\/shutterstock_2685252749-1536x883.jpg&quot;,&quot;500&quot;:&quot;https:\\\/\\\/lastatic.ams3.cdn.digitaloceanspaces.com\\\/2026\\\/01\\\/shutterstock_2685252749-500x287.jpg&quot;,&quot;800&quot;:&quot;https:\\\/\\\/lastatic.ams3.cdn.digitaloceanspaces.com\\\/2026\\\/01\\\/shutterstock_2685252749-800x460.jpg&quot;,&quot;2560&quot;:&quot;https:\\\/\\\/lastatic.ams3.cdn.digitaloceanspaces.com\\\/2026\\\/01\\\/shutterstock_2685252749-scaled.jpg&quot;}\" data-focuspoint=\"&quot;&quot;\" data-p=\"2485210\" href=\"https:\/\/www.la.lv\/lielais-2026-gada-horoskops-visam-zodiaka-zimem-kas-gaidams-attiecibas-finansu-joma-un-kada-bus-veseliba\" class=\"content-item lazy-load\" wp_automatic_readability=\"2\" rel=\"nofollow noopener\" target=\"_blank\"><\/p>\n<p>                                <img decoding=\"async\" src=\"\" alt=\"\" style=\"\" data-imageid=\"\"\/><\/p>\n<p>                                Kokteilis<\/p>\n<p>\n                                                Lielais 2026. gada horoskops vis\u0101m zodiaka z\u012bm\u0113m \u2013 kas gaid\u0101ms attiec\u012bb\u0101s, finan\u0161u jom\u0101 un k\u0101da b\u016bs vesel\u012bba?\n                            <\/p>\n<p><\/a><a data-imagesrc=\"{&quot;300&quot;:&quot;https:\\\/\\\/lastatic.ams3.cdn.digitaloceanspaces.com\\\/2022\\\/06\\\/kallasa_Hollie_Adams_AFP_Scanpix_6-300x200.jpg&quot;,&quot;768&quot;:&quot;https:\\\/\\\/lastatic.ams3.cdn.digitaloceanspaces.com\\\/2022\\\/06\\\/kallasa_Hollie_Adams_AFP_Scanpix_6-768x512.jpg&quot;,&quot;200&quot;:&quot;https:\\\/\\\/lastatic.ams3.cdn.digitaloceanspaces.com\\\/2022\\\/06\\\/kallasa_Hollie_Adams_AFP_Scanpix_6-200x133.jpg&quot;,&quot;400&quot;:&quot;https:\\\/\\\/lastatic.ams3.cdn.digitaloceanspaces.com\\\/2022\\\/06\\\/kallasa_Hollie_Adams_AFP_Scanpix_6-400x267.jpg&quot;,&quot;500&quot;:&quot;https:\\\/\\\/lastatic.ams3.cdn.digitaloceanspaces.com\\\/2022\\\/06\\\/kallasa_Hollie_Adams_AFP_Scanpix_6-500x334.jpg&quot;,&quot;800&quot;:&quot;https:\\\/\\\/lastatic.ams3.cdn.digitaloceanspaces.com\\\/2022\\\/06\\\/kallasa_Hollie_Adams_AFP_Scanpix_6-800x534.jpg&quot;,&quot;1000&quot;:&quot;https:\\\/\\\/lastatic.ams3.cdn.digitaloceanspaces.com\\\/2022\\\/06\\\/kallasa_Hollie_Adams_AFP_Scanpix_6.jpg&quot;}\" data-focuspoint=\"&quot;&quot;\" data-p=\"2487129\" href=\"https:\/\/www.la.lv\/uzbrukums-putina-rezidencei-vecgada-vakara-kallasa-komente-savu-versiju-par-notikuso\" class=\"content-item lazy-load\" wp_automatic_readability=\"1\" rel=\"nofollow noopener\" target=\"_blank\"><\/p>\n<p>                                <img decoding=\"async\" src=\"\" alt=\"\" style=\"\" data-imageid=\"\"\/><\/p>\n<p>\n                                                Uzbrukums Putina rezidencei: Kallasa Vecgada vakar\u0101 koment\u0113 savu versiju par notiku\u0161o<br \/>\n                                    100\n                            <\/p>\n<p><\/a><a data-imagesrc=\"{&quot;300&quot;:&quot;https:\\\/\\\/lastatic.ams3.cdn.digitaloceanspaces.com\\\/2022\\\/12\\\/degviela2_Ilmars_Randers_5-300x212.jpg&quot;,&quot;768&quot;:&quot;https:\\\/\\\/lastatic.ams3.cdn.digitaloceanspaces.com\\\/2022\\\/12\\\/degviela2_Ilmars_Randers_5-768x542.jpg&quot;,&quot;200&quot;:&quot;https:\\\/\\\/lastatic.ams3.cdn.digitaloceanspaces.com\\\/2022\\\/12\\\/degviela2_Ilmars_Randers_5-200x141.jpg&quot;,&quot;400&quot;:&quot;https:\\\/\\\/lastatic.ams3.cdn.digitaloceanspaces.com\\\/2022\\\/12\\\/degviela2_Ilmars_Randers_5-400x282.jpg&quot;,&quot;500&quot;:&quot;https:\\\/\\\/lastatic.ams3.cdn.digitaloceanspaces.com\\\/2022\\\/12\\\/degviela2_Ilmars_Randers_5-500x353.jpg&quot;,&quot;800&quot;:&quot;https:\\\/\\\/lastatic.ams3.cdn.digitaloceanspaces.com\\\/2022\\\/12\\\/degviela2_Ilmars_Randers_5-800x565.jpg&quot;,&quot;1000&quot;:&quot;https:\\\/\\\/lastatic.ams3.cdn.digitaloceanspaces.com\\\/2022\\\/12\\\/degviela2_Ilmars_Randers_5.jpg&quot;}\" data-focuspoint=\"&quot;&quot;\" data-p=\"2487190\" href=\"https:\/\/www.la.lv\/no-sodienas-benzins-dizelis-un-smekesanas-iekartas-ir-dargakas\" class=\"content-item lazy-load\" wp_automatic_readability=\"1.5\" rel=\"nofollow noopener\" target=\"_blank\"><\/p>\n<p>                                <img decoding=\"async\" src=\"\" alt=\"\" style=\"\" data-imageid=\"\"\/><\/p>\n<p>\n                                                No \u0161odienas benz\u012bns, d\u012bzelis un sm\u0113\u0137\u0113\u0161anas iek\u0101rtas ir d\u0101rg\u0101kas<br \/>\n                                    50\n                            <\/p>\n<p><\/a><br \/>\n        <a class=\"read-more\" href=\"https:\/\/www.la.lv\/top\" rel=\"nofollow noopener\" target=\"_blank\">Las\u012bt citas zi\u0146as<\/a><\/p>\n<p>Re\u017eisora piekt\u0101 sieva El\u012bna Maligina jau vair\u0101kus gadus dz\u012bvo Sp\u0101nij\u0101. Vi\u0146\u0101m ar Ingu jau vair\u0101kus gadus ir labas attiec\u012bbas. <\/p>\n<p><img decoding=\"async\" src=\"https:\/\/www.europesays.com\/lv\/wp-content\/uploads\/2026\/01\/Ekranuznemums-2026-01-01-174732.png\" alt=\"\"\/><\/p>\n<p>    CITI \u0160OBR\u012aD LASA<\/p>\n<p>K\u0101 v\u0113st\u012bts, decembr\u012b Mihaila \u010cehova R\u012bgas Krievu te\u0101tr\u012b notiku\u0161aj\u0101 re\u017eisora D\u017e. D\u017e. D\u017eilind\u017eera jaun\u0101k\u0101s izr\u0101des \u201cZvaigzn\u0101ji\u201d pirmizr\u0101d\u0113 skat\u012bt\u0101ju uzman\u012bbu piesaist\u012bja ne tikai m\u0101kslinieciskais sniegums, bet ar\u012b aktrise, ar kuru kop\u0101 vi\u0146\u0161 bija ieradies.<\/p>\n<p>K\u0101 zi\u0146o \u017eurn\u0101ls \u201cPriv\u0101t\u0101 Dz\u012bve\u201d, pas\u0101kum\u0101 vi\u0146\u0161 bija redzams kop\u0101 ar aktrisi un kust\u012bbu konsultanti Lindu Kalni\u0146u, kas citiem lab\u0101k zin\u0101ma k\u0101 m\u0101c\u012bt\u0101ja Krista Kalni\u0146a meita.<\/p>\n<p>M\u0101kslinieku aprind\u0101s jau labu laiku kl\u012bdu\u0161as runas par vi\u0146u cie\u0161o draudz\u012bbu un iesp\u0113jamu tuv\u0101ku saikni, ta\u010du l\u012bdz pat br\u012bdim, kad publisko telpu p\u0101r\u0161alca zi\u0146as par D\u017eilind\u017eera sest\u0101s laul\u012bbas beig\u0101m, vi\u0146\u0161 noliedza jebk\u0101das romantiskas attiec\u012bbas.<\/p>\n<p>T\u0113mas<\/p>\n<p>    SAIST\u012aTIE RAKSTI<\/p>\n","protected":false},"excerpt":{"rendered":"D\u017e.D\u017e.D\u017eilind\u017eers. Foto \u2013 Leta Nesen v\u0113st\u012bj\u0101m, ka \u0161\u0137irta re\u017eisora D\u017e.D\u017e.D\u017eilind\u017eera sest\u0101 laul\u012bba. Vi\u0146a p\u0113d\u0113j\u0101 bijus\u012b sieva Inga Grencberga,&hellip;\n","protected":false},"author":2,"featured_media":91879,"comment_status":"","ping_status":"","sticky":false,"template":"","format":"standard","meta":{"footnotes":""},"categories":[12],"tags":[23,28,29,32,33,22,30,31,35,39,38,36,37,34,40,20,26,27,24,25,21],"class_list":{"0":"post-91878","1":"post","2":"type-post","3":"status-publish","4":"format-standard","5":"has-post-thumbnail","7":"category-latvija","8":"tag-aktualitates","9":"tag-breaking-news","10":"tag-breakingnews","11":"tag-featured-news","12":"tag-featurednews","13":"tag-headlines","14":"tag-latest-news","15":"tag-latestnews","16":"tag-latvia","17":"tag-latvian","18":"tag-latviesu","19":"tag-latviesu-valoda","20":"tag-latviesuvaloda","21":"tag-latvija","22":"tag-lv","23":"tag-news","24":"tag-popularakas-zinas","25":"tag-popularakaszinas","26":"tag-top-stories","27":"tag-topstories","28":"tag-zinas"},"share_on_mastodon":{"url":"https:\/\/pubeurope.com\/@lv\/115820786093321997","error":""},"_links":{"self":[{"href":"https:\/\/www.europesays.com\/lv\/wp-json\/wp\/v2\/posts\/91878","targetHints":{"allow":["GET"]}}],"collection":[{"href":"https:\/\/www.europesays.com\/lv\/wp-json\/wp\/v2\/posts"}],"about":[{"href":"https:\/\/www.europesays.com\/lv\/wp-json\/wp\/v2\/types\/post"}],"author":[{"embeddable":true,"href":"https:\/\/www.europesays.com\/lv\/wp-json\/wp\/v2\/users\/2"}],"replies":[{"embeddable":true,"href":"https:\/\/www.europesays.com\/lv\/wp-json\/wp\/v2\/comments?post=91878"}],"version-history":[{"count":0,"href":"https:\/\/www.europesays.com\/lv\/wp-json\/wp\/v2\/posts\/91878\/revisions"}],"wp:featuredmedia":[{"embeddable":true,"href":"https:\/\/www.europesays.com\/lv\/wp-json\/wp\/v2\/media\/91879"}],"wp:attachment":[{"href":"https:\/\/www.europesays.com\/lv\/wp-json\/wp\/v2\/media?parent=91878"}],"wp:term":[{"taxonomy":"category","embeddable":true,"href":"https:\/\/www.europesays.com\/lv\/wp-json\/wp\/v2\/categories?post=91878"},{"taxonomy":"post_tag","embeddable":true,"href":"https:\/\/www.europesays.com\/lv\/wp-json\/wp\/v2\/tags?post=91878"}],"curies":[{"name":"wp","href":"https:\/\/api.w.org\/{rel}","templated":true}]}}