{"id":91886,"date":"2026-01-01T16:39:13","date_gmt":"2026-01-01T16:39:13","guid":{"rendered":"https:\/\/www.europesays.com\/lv\/91886\/"},"modified":"2026-01-01T16:39:13","modified_gmt":"2026-01-01T16:39:13","slug":"42-gadu-vecuma-miris-saeimas-deputats-edgars-zelderis-lente-lv","status":"publish","type":"post","link":"https:\/\/www.europesays.com\/lv\/91886\/","title":{"rendered":"42 gadu vecum\u0101 miris Saeimas deput\u0101ts Edgars Zelderis\u00a0\u2014\u00a0Lente.lv"},"content":{"rendered":"<p>Ats\u0101ts Saeimas deput\u0101ts Edgars Zelderis<\/p>\n<p>\u0160oned\u0113\u013c, 2025. gada 24. decembr\u012b, 42 gadu vecum\u0101 p\u0113c ilgsto\u0161\u0101m vesel\u012bbas probl\u0113m\u0101m m\u016b\u017e\u012bb\u0101 aizg\u0101jis Saeimas deput\u0101ts Edgars Zelderis. K\u0101 inform\u0113 Latvijas Sabiedriskie Mediji, par to apstiprin\u0101ja Saeimas Preses dienests. Zelderis dzimis 1983. gad\u0101.<\/p>\n<p>Politisk\u0101 karjera un darb\u012bba<\/p>\n<p>Edgars Zelderis bija jurists p\u0113c izgl\u012bt\u012bbas, ieguvis bakalaura un ma\u0123istra gr\u0101dus ties\u012bbu zin\u0101tn\u0113s Latvijas Universit\u0101t\u0113. Profesion\u0101li darbojies k\u0101 zv\u0113rin\u0101ts advok\u0101ts. Vi\u0146a politisk\u0101 karjera s\u0101k\u0101s Talsos, kur vi\u0146\u0161 izveidoja partiju &#8220;M\u0113s \u2013 Talsiem un novadam&#8221;. 2017. gada pa\u0161vald\u012bbu v\u0113l\u0113\u0161an\u0101s vi\u0146a vad\u012btais sp\u0113ks guva pan\u0101kumus, un Zelderis k\u013cuva par Talsu novada domes priek\u0161s\u0113d\u0113t\u0101ju. Amat\u0101 gan nostr\u0101d\u0101ja aptuveni gadu, p\u0113c tam turpinot darbu opoz\u012bcij\u0101.<\/p>\n<p>2021. gad\u0101 Zelderis tika iev\u0113l\u0113ts Talsu novada dom\u0113, bet v\u0113l\u0101k piev\u0113rs\u0101s darbam valsts m\u0113roga politik\u0101. Vi\u0146a politisk\u0101 darb\u012bba \u012bslaic\u012bgi bija saist\u012bta ar Jauno konservat\u012bvo partiju, kas 2021. gad\u0101 vi\u0146u virz\u012bja ties\u012bbsarga amatam, ta\u010du Saeimas atbalstu neguva.<\/p>\n<p>2022. gada oktobr\u012b Edgars Zelderis start\u0113ja 14. Saeimas v\u0113l\u0113\u0161an\u0101s no partijas &#8220;Progres\u012bvie&#8221; saraksta un tika iev\u0113l\u0113ts k\u0101 vien\u012bgais \u0161\u012bs partijas deput\u0101ts no Kurzemes v\u0113l\u0113\u0161anu apgabala. 2024. gada j\u016bnij\u0101 vi\u0146\u0161 pameta &#8220;Progres\u012bvo&#8221; Saeimas frakciju, turpinot darbu k\u0101 pie frakcij\u0101m nepiedero\u0161s deput\u0101ts. Ilgsto\u0161o vesel\u012bbas probl\u0113mu d\u0113\u013c vi\u0146\u0161 Saeimas s\u0113d\u0113s piedal\u012bj\u0101s reti.<\/p>\n<p>Partiju dinamika un mand\u0101ta p\u0101reja<\/p>\n<p>Edgars Zelderis 2020. gad\u0101 atk\u0101p\u0101s no partijas &#8220;M\u0113s \u2013 Talsiem un novadam&#8221; valdes priek\u0161s\u0113d\u0113t\u0101ja amata, bet 2025. gada j\u016blij\u0101 atst\u0101ja ar\u012b partijas valdes locek\u013ca pien\u0101kumus. Saska\u0146\u0101 ar Centr\u0101l\u0101s v\u0113l\u0113\u0161anu komisijas inform\u0101ciju, Zeldera Saeimas deput\u0101ta mand\u0101ts pien\u0101kas Aizsardz\u012bbas ministrijas parlament\u0101rajai sekret\u0101rei Lienei G\u0101terei. Paredzams, ka l\u012bdz ar \u0161\u012bm izmai\u0146\u0101m valdo\u0161\u0101s koal\u012bcijas balsu skaits Saeim\u0101 p\u0113c gadumijas pieaugs, savuk\u0101rt &#8220;Progres\u012bvo&#8221; frakcijai atkal b\u016bs par vienu balsi vair\u0101k, jo Zelderis koal\u012bcijas balsojumus parasti neatbalst\u012bja.<\/p>\n<p>Atvad\u012b\u0161an\u0101s<\/p>\n<p>Atvad\u012b\u0161an\u0101s no Edgara Zeldere notiks 3. janv\u0101r\u012b plkst. 14:00 Talsos, Me\u017ea kapli\u010d\u0101.<\/p>\n","protected":false},"excerpt":{"rendered":"Ats\u0101ts Saeimas deput\u0101ts Edgars Zelderis \u0160oned\u0113\u013c, 2025. gada 24. decembr\u012b, 42 gadu vecum\u0101 p\u0113c ilgsto\u0161\u0101m vesel\u012bbas probl\u0113m\u0101m m\u016b\u017e\u012bb\u0101&hellip;\n","protected":false},"author":2,"featured_media":91887,"comment_status":"","ping_status":"","sticky":false,"template":"","format":"standard","meta":{"footnotes":""},"categories":[12],"tags":[23,28,29,23093,32,33,22,30,31,35,39,38,36,37,34,535,40,296,20,26,27,23094,9280,24,25,21],"class_list":{"0":"post-91886","1":"post","2":"type-post","3":"status-publish","4":"format-standard","5":"has-post-thumbnail","7":"category-latvija","8":"tag-aktualitates","9":"tag-breaking-news","10":"tag-breakingnews","11":"tag-edgars-zelderis","12":"tag-featured-news","13":"tag-featurednews","14":"tag-headlines","15":"tag-latest-news","16":"tag-latestnews","17":"tag-latvia","18":"tag-latvian","19":"tag-latviesu","20":"tag-latviesu-valoda","21":"tag-latviesuvaloda","22":"tag-latvija","23":"tag-latvijas-politika","24":"tag-lv","25":"tag-nave","26":"tag-news","27":"tag-popularakas-zinas","28":"tag-popularakaszinas","29":"tag-saeimas-deputats","30":"tag-talsi","31":"tag-top-stories","32":"tag-topstories","33":"tag-zinas"},"share_on_mastodon":{"url":"https:\/\/pubeurope.com\/@lv\/115820833222159200","error":""},"_links":{"self":[{"href":"https:\/\/www.europesays.com\/lv\/wp-json\/wp\/v2\/posts\/91886","targetHints":{"allow":["GET"]}}],"collection":[{"href":"https:\/\/www.europesays.com\/lv\/wp-json\/wp\/v2\/posts"}],"about":[{"href":"https:\/\/www.europesays.com\/lv\/wp-json\/wp\/v2\/types\/post"}],"author":[{"embeddable":true,"href":"https:\/\/www.europesays.com\/lv\/wp-json\/wp\/v2\/users\/2"}],"replies":[{"embeddable":true,"href":"https:\/\/www.europesays.com\/lv\/wp-json\/wp\/v2\/comments?post=91886"}],"version-history":[{"count":0,"href":"https:\/\/www.europesays.com\/lv\/wp-json\/wp\/v2\/posts\/91886\/revisions"}],"wp:featuredmedia":[{"embeddable":true,"href":"https:\/\/www.europesays.com\/lv\/wp-json\/wp\/v2\/media\/91887"}],"wp:attachment":[{"href":"https:\/\/www.europesays.com\/lv\/wp-json\/wp\/v2\/media?parent=91886"}],"wp:term":[{"taxonomy":"category","embeddable":true,"href":"https:\/\/www.europesays.com\/lv\/wp-json\/wp\/v2\/categories?post=91886"},{"taxonomy":"post_tag","embeddable":true,"href":"https:\/\/www.europesays.com\/lv\/wp-json\/wp\/v2\/tags?post=91886"}],"curies":[{"name":"wp","href":"https:\/\/api.w.org\/{rel}","templated":true}]}}