{"id":91888,"date":"2026-01-01T16:40:14","date_gmt":"2026-01-01T16:40:14","guid":{"rendered":"https:\/\/www.europesays.com\/lv\/91888\/"},"modified":"2026-01-01T16:40:14","modified_gmt":"2026-01-01T16:40:14","slug":"vecgada-diena-avarijas-cietusi-desmit-cilveki-viens-cilveks-miris","status":"publish","type":"post","link":"https:\/\/www.europesays.com\/lv\/91888\/","title":{"rendered":"Vecgada dien\u0101 av\u0101rij\u0101s cietu\u0161i desmit cilv\u0113ki. Viens cilv\u0113ks miris"},"content":{"rendered":"<p>Aizvad\u012btaj\u0101 diennakt\u012b valst\u012b re\u0123istr\u0113ti 103 ce\u013cu satiksmes negad\u012bjumi, no tiem R\u012bgas re\u0123ion\u0101 &#8211; 63, Zemgal\u0113 &#8211; 14, Latgal\u0113 &#8211; 13, Vidzem\u0113 &#8211; asto\u0146i, bet Kurzem\u0113 &#8211; \u010detri.<\/p>\n<p>Negad\u012bjumos R\u012bgas re\u0123ion\u0101 cietu\u0161i \u010detri cilv\u0113ki, tostarp divi g\u0101j\u0113ji un viens velosip\u0113dists. Zemgal\u0113 av\u0101rij\u0101s cietu\u0161i pieci cilv\u0113ki, bet Latgal\u0113 &#8211; viens.<\/p>\n<p>Neatliekam\u0101s medic\u012bnisk\u0101s pal\u012bdz\u012bbas dienest\u0101 (NMPD) a\u0123ent\u016brai LETA skaidroja, ka kopum\u0101 negad\u012bjumos iesaist\u012btaj\u0101m person\u0101m g\u016bt\u0101s traumas nebija smagas. Smag\u0101k\u0101 trauma, kas saist\u012bta ar transportl\u012bdzek\u013ciem, tika g\u016bta, braucot ar kvadricikla tipa braucamr\u012bku, uz kura atrad\u0101s pieci cilv\u0113ki. Transportl\u012bdzeklim iebraucot gr\u0101v\u012b, viens no iesaist\u012btajiem cieta smag\u0101k un tika nog\u0101d\u0101ts slimn\u012bc\u0101 stabil\u0101 st\u0101vokl\u012b ar vid\u0113ji smagu politraumu, kas ir vair\u0101ku \u0137erme\u0146a da\u013cu nopietni ievainojumi.<\/p>\n<p>Pag\u0101ju\u0161aj\u0101 diennakt\u012b NMPD medi\u0137i sa\u0146\u0113ma ar\u012b izsaukumu pie k\u0101da 40 gadus veca v\u012brie\u0161a, kur\u0161 tum\u0161aj\u0101 dienas laik\u0101, \u0161\u0137\u0113rsojot sliedes, pak\u013cuva zem vilciena. Traumas bija nesavienojamas ar dz\u012bv\u012bbu, un medi\u0137i konstat\u0113ja n\u0101vi.<\/p>\n<p>LETA jau v\u0113st\u012bja, ka ce\u013cu satiksmes negad\u012bjuma d\u0113\u013c tre\u0161dienas vakar\u0101 bija blo\u0137\u0113ta satiksme uz Liep\u0101jas \u0161osejas (A9) Valgundes pagast\u0101 net\u0101lu no T\u012bre\u013ciem.<\/p>\n<p>Valsts policij\u0101 a\u0123ent\u016brai LETA pav\u0113st\u012bja, ka taj\u0101 iesaist\u012btas divas automa\u0161\u012bnas. S\u0101kotn\u0113j\u0101 inform\u0101cija liecin\u0101ja, ka cietu\u0161as tr\u012bs personas, kuras nog\u0101d\u0101tas viet\u0113j\u0101 medic\u012bnas iest\u0101d\u0113. Valsts <a href=\"https:\/\/www.tvnet.lv\/term\/565901\/policija\" class=\"topicLink\" target=\"_blank\" rel=\"nofollow noopener\">policija<\/a> skaidro notiku\u0161\u0101 apst\u0101k\u013cus.<\/p>\n","protected":false},"excerpt":{"rendered":"Aizvad\u012btaj\u0101 diennakt\u012b valst\u012b re\u0123istr\u0113ti 103 ce\u013cu satiksmes negad\u012bjumi, no tiem R\u012bgas re\u0123ion\u0101 &#8211; 63, Zemgal\u0113 &#8211; 14, Latgal\u0113&hellip;\n","protected":false},"author":2,"featured_media":91889,"comment_status":"","ping_status":"","sticky":false,"template":"","format":"standard","meta":{"footnotes":""},"categories":[5],"tags":[23,28,29,32,33,22,30,31,35,39,38,36,37,34,40,20,163,26,27,24,25,138,21],"class_list":{"0":"post-91888","1":"post","2":"type-post","3":"status-publish","4":"format-standard","5":"has-post-thumbnail","7":"category-aktualitates","8":"tag-aktualitates","9":"tag-breaking-news","10":"tag-breakingnews","11":"tag-featured-news","12":"tag-featurednews","13":"tag-headlines","14":"tag-latest-news","15":"tag-latestnews","16":"tag-latvia","17":"tag-latvian","18":"tag-latviesu","19":"tag-latviesu-valoda","20":"tag-latviesuvaloda","21":"tag-latvija","22":"tag-lv","23":"tag-news","24":"tag-policija","25":"tag-popularakas-zinas","26":"tag-popularakaszinas","27":"tag-top-stories","28":"tag-topstories","29":"tag-valsts-policija","30":"tag-zinas"},"share_on_mastodon":{"url":"https:\/\/pubeurope.com\/@lv\/115820837084998038","error":""},"_links":{"self":[{"href":"https:\/\/www.europesays.com\/lv\/wp-json\/wp\/v2\/posts\/91888","targetHints":{"allow":["GET"]}}],"collection":[{"href":"https:\/\/www.europesays.com\/lv\/wp-json\/wp\/v2\/posts"}],"about":[{"href":"https:\/\/www.europesays.com\/lv\/wp-json\/wp\/v2\/types\/post"}],"author":[{"embeddable":true,"href":"https:\/\/www.europesays.com\/lv\/wp-json\/wp\/v2\/users\/2"}],"replies":[{"embeddable":true,"href":"https:\/\/www.europesays.com\/lv\/wp-json\/wp\/v2\/comments?post=91888"}],"version-history":[{"count":0,"href":"https:\/\/www.europesays.com\/lv\/wp-json\/wp\/v2\/posts\/91888\/revisions"}],"wp:featuredmedia":[{"embeddable":true,"href":"https:\/\/www.europesays.com\/lv\/wp-json\/wp\/v2\/media\/91889"}],"wp:attachment":[{"href":"https:\/\/www.europesays.com\/lv\/wp-json\/wp\/v2\/media?parent=91888"}],"wp:term":[{"taxonomy":"category","embeddable":true,"href":"https:\/\/www.europesays.com\/lv\/wp-json\/wp\/v2\/categories?post=91888"},{"taxonomy":"post_tag","embeddable":true,"href":"https:\/\/www.europesays.com\/lv\/wp-json\/wp\/v2\/tags?post=91888"}],"curies":[{"name":"wp","href":"https:\/\/api.w.org\/{rel}","templated":true}]}}