{"id":91890,"date":"2026-01-01T16:44:11","date_gmt":"2026-01-01T16:44:11","guid":{"rendered":"https:\/\/www.europesays.com\/lv\/91890\/"},"modified":"2026-01-01T16:44:11","modified_gmt":"2026-01-01T16:44:11","slug":"ukraina-krievu-brivpratigo-korpusa-komandieris-ir-dzivs","status":"publish","type":"post","link":"https:\/\/www.europesays.com\/lv\/91890\/","title":{"rendered":"Ukraina: Krievu br\u012bvpr\u0101t\u012bgo korpusa komandieris ir dz\u012bvs"},"content":{"rendered":"<p class=\"descr\">Ukrainas pus\u0113 karojo\u0161\u0101 Krievu br\u012bvpr\u0101t\u012bgo korpusa (RDK) komandieris Deniss Kapustins ir dz\u012bvs, ceturtdien pazi\u0146oja Ukrainas Aizsardz\u012bbas ministrijas Galven\u0101 izl\u016bko\u0161anas p\u0101rvalde (HUR), nor\u0101dot, ka tai izdevies sekm\u012bgi maldin\u0101t Krievijas specdienestus, kuri esot pl\u0101noju\u0161i nogalin\u0101t Kapustinu.<\/p>\n<p>HUR veiktaj\u0101 &#8220;sare\u017e\u0123\u012btaj\u0101 speci\u0101laj\u0101 oper\u0101cij\u0101, kas ilga vair\u0101k nek\u0101 m\u0113nesi, tika izgl\u0101bta <a href=\"https:\/\/nra.lv\/pasaule\/450720-krievu-brivpratigo-korpuss-kas-karo-ukrainas-puse-sanemis-gusta-krievu-karavirus.htm\" rel=\"nofollow noopener\" target=\"_blank\">RDK<\/a> komandiera <a href=\"https:\/\/nra.lv\/pasaule\/510090-ukraina-kritis-krievu-brivpratigo-korpusa-komandieris-deniss-kapustins.htm\" data-item-link=\"true\" data-item-id=\"510090\" rel=\"nofollow noopener\" target=\"_blank\">Denisa Kapustina <\/a>dz\u012bv\u012bba (..) un noskaidrots personu loks &#8211; nozieguma pas\u016bt\u012bt\u0101ji Krievijas specdienestos un izpild\u012bt\u0101ji&#8221;, teikts HUR pazi\u0146ojum\u0101.<\/p>\n<p>HUR publiskojusi ar\u012b videoierakstu, kur\u0101 redzams Kapustins.<\/p>\n<p>Jau v\u0113st\u012bts, ka RDK 27. decembr\u012b pazi\u0146oja, ka Kapustins kritis &#8220;frontes Zapori\u017ejas virzien\u0101 kaujas uzdevuma izpildes laik\u0101&#8221;.<\/p>\n<p>Kapustinam Krievij\u0101 divas reizes aizmuguriski piespriests m\u016b\u017ea ieslodz\u012bjums.<\/p>\n<p>Ukrainas pus\u0113 karo divi Krievijas pilso\u0146u br\u012bvpr\u0101t\u012bgie milit\u0101rie form\u0113jumi &#8211; RDK un le\u0123ions &#8220;<a href=\"https:\/\/nra.lv\/pasaule\/510090-ukraina-kritis-krievu-brivpratigo-korpusa-komandieris-deniss-kapustins.htm\" rel=\"nofollow noopener\" target=\"_blank\">Krievijas br\u012bv\u012bba<\/a>&#8220;.<\/p>\n<blockquote class=\"twitter-tweet\">\n<p lang=\"ru\" dir=\"ltr\">\u26a1\u041a\u043e\u043c\u0430\u043d\u0434\u0438\u0440 \u0420\u0414\u041a \u0414\u0435\u043d\u0438\u0441 \u041a\u0430\u043f\u0443\u0441\u0442\u0438\u043d \u0436\u0438\u0432 <\/p>\n<p>\u0423\u0431\u0438\u0439\u0441\u0442\u0432\u043e \u0414\u0435\u043d\u0438\u0441\u0430 \u041a\u0430\u043f\u0443\u0441\u0442\u0438\u043d\u0430, \u043a\u043e\u043c\u0430\u043d\u0434\u0438\u0440\u0430 \u0420\u0414\u041a \u0437\u0430\u043a\u0430\u0437\u0430\u043b\u0438 \u0441\u043f\u0435\u0446\u0441\u043b\u0443\u0436\u0431\u044b \u0420\u0424 \u0438 \u0432\u044b\u0434\u0435\u043b\u0438\u043b\u0438 \u043d\u0430 \u044d\u0442\u043e $500 \u0442\u044b\u0441. \u0412 \u0440\u0435\u0437\u0443\u043b\u044c\u0442\u0430\u0442\u0435 \u0441\u043f\u0435\u0446\u043e\u043f\u0435\u0440\u0430\u0446\u0438\u0438 \u0413\u0423\u0420 \u041c\u041e \u0423\u043a\u0440\u0430\u0438\u043d\u044b, \u0434\u043b\u0438\u0432\u0448\u0435\u0439\u0441\u044f \u0431\u043e\u043b\u0435\u0435 \u043c\u0435\u0441\u044f\u0446\u0430, \u0441\u043e\u0445\u0440\u0430\u043d\u0435\u043d\u0430 \u0436\u0438\u0437\u043d\u044c \u043a\u043e\u043c\u0430\u043d\u0434\u0438\u0440\u0430 \u0420\u0414\u041a, \u0430 \u0442\u0430\u043a\u0436\u0435 \u0443\u0441\u0442\u0430\u043d\u043e\u0432\u043b\u0435\u043d \u043a\u0440\u0443\u0433 \u043b\u0438\u0446 \u2014 \u0437\u0430\u043a\u0430\u0437\u0447\u0438\u043a\u043e\u0432 \u043f\u0440\u0435\u0441\u0442\u0443\u043f\u043b\u0435\u043d\u0438\u044f \u0432\u2026 <a href=\"https:\/\/t.co\/gEQ6gvHr25\" rel=\"nofollow\">pic.twitter.com\/gEQ6gvHr25<\/a><\/p>\n<p>\u2014 Ateo Breaking (@AteoBreaking) <a href=\"https:\/\/twitter.com\/AteoBreaking\/status\/2006710892218478761?ref_src=twsrc%5Etfw\" rel=\"nofollow noopener\" target=\"_blank\">January 1, 2026<\/a><\/p><\/blockquote>\n<p>\t\t\t\t\t\tinfo<\/p>\n<p>Uzzini pirmais<br \/>kas interesants noticis Latvij\u0101 un pasaul\u0113,<br \/>pievienojoties mums <a href=\"https:\/\/t.me\/neatkariga\" rel=\"nofollow\">Telegram<\/a> vai <a href=\"https:\/\/whatsapp.com\/channel\/0029VaMLFUH5K3zLU5s4wm3y\" rel=\"nofollow noopener\" target=\"_blank\">Whatsapp<\/a> kan\u0101l\u0101<\/p>\n<p>\t\t\t\t\t\t\t\t\t<script async src=\"https:\/\/platform.twitter.com\/widgets.js\" charset=\"utf-8\"><\/script><\/p>\n","protected":false},"excerpt":{"rendered":"Ukrainas pus\u0113 karojo\u0161\u0101 Krievu br\u012bvpr\u0101t\u012bgo korpusa (RDK) komandieris Deniss Kapustins ir dz\u012bvs, ceturtdien pazi\u0146oja Ukrainas Aizsardz\u012bbas ministrijas Galven\u0101&hellip;\n","protected":false},"author":2,"featured_media":91891,"comment_status":"","ping_status":"","sticky":false,"template":"","format":"standard","meta":{"footnotes":""},"categories":[14],"tags":[23,57,28,29,32,33,22,30,31,35,39,38,36,37,34,40,20,26,27,24,25,54,55,56,21,58],"class_list":{"0":"post-91890","1":"post","2":"type-post","3":"status-publish","4":"format-standard","5":"has-post-thumbnail","7":"category-zinas-no-arvalstim","8":"tag-aktualitates","9":"tag-arvalstim","10":"tag-breaking-news","11":"tag-breakingnews","12":"tag-featured-news","13":"tag-featurednews","14":"tag-headlines","15":"tag-latest-news","16":"tag-latestnews","17":"tag-latvia","18":"tag-latvian","19":"tag-latviesu","20":"tag-latviesu-valoda","21":"tag-latviesuvaloda","22":"tag-latvija","23":"tag-lv","24":"tag-news","25":"tag-popularakas-zinas","26":"tag-popularakaszinas","27":"tag-top-stories","28":"tag-topstories","29":"tag-world","30":"tag-world-news","31":"tag-worldnews","32":"tag-zinas","33":"tag-zinas-no-arvalstim"},"share_on_mastodon":{"url":"https:\/\/pubeurope.com\/@lv\/115820852898067646","error":""},"_links":{"self":[{"href":"https:\/\/www.europesays.com\/lv\/wp-json\/wp\/v2\/posts\/91890","targetHints":{"allow":["GET"]}}],"collection":[{"href":"https:\/\/www.europesays.com\/lv\/wp-json\/wp\/v2\/posts"}],"about":[{"href":"https:\/\/www.europesays.com\/lv\/wp-json\/wp\/v2\/types\/post"}],"author":[{"embeddable":true,"href":"https:\/\/www.europesays.com\/lv\/wp-json\/wp\/v2\/users\/2"}],"replies":[{"embeddable":true,"href":"https:\/\/www.europesays.com\/lv\/wp-json\/wp\/v2\/comments?post=91890"}],"version-history":[{"count":0,"href":"https:\/\/www.europesays.com\/lv\/wp-json\/wp\/v2\/posts\/91890\/revisions"}],"wp:featuredmedia":[{"embeddable":true,"href":"https:\/\/www.europesays.com\/lv\/wp-json\/wp\/v2\/media\/91891"}],"wp:attachment":[{"href":"https:\/\/www.europesays.com\/lv\/wp-json\/wp\/v2\/media?parent=91890"}],"wp:term":[{"taxonomy":"category","embeddable":true,"href":"https:\/\/www.europesays.com\/lv\/wp-json\/wp\/v2\/categories?post=91890"},{"taxonomy":"post_tag","embeddable":true,"href":"https:\/\/www.europesays.com\/lv\/wp-json\/wp\/v2\/tags?post=91890"}],"curies":[{"name":"wp","href":"https:\/\/api.w.org\/{rel}","templated":true}]}}