{"id":91894,"date":"2026-01-01T16:48:07","date_gmt":"2026-01-01T16:48:07","guid":{"rendered":"https:\/\/www.europesays.com\/lv\/91894\/"},"modified":"2026-01-01T16:48:07","modified_gmt":"2026-01-01T16:48:07","slug":"chelsea-gada-pirmaja-diena-skirusies-no-galvena-trenera-mareskas","status":"publish","type":"post","link":"https:\/\/www.europesays.com\/lv\/91894\/","title":{"rendered":"\u201cChelsea\u201d gada pirmaj\u0101 dien\u0101 \u0161\u0137\u012brusies no galven\u0101 trenera Mareskas"},"content":{"rendered":"<p>Premjerl\u012bg\u0101 \u201cChelsea\u201d \u0161obr\u012bd ir piekt\u0101, bet UEFA \u010cempionu l\u012bgas pamatturn\u012br\u0101 ie\u0146em 13. poz\u012bciju. No p\u0113d\u0113j\u0101m septi\u0146\u0101m premjerl\u012bgas sp\u0113l\u0113m londonie\u0161i uzvar\u0113ju\u0161i tikai vien\u0101.<\/p>\n<p>Komandu piemekl\u0113ju\u0161as ne tikai sportisk\u0101s neveiksmes, bet ar\u012b tiek zi\u0146ots, ka Mareskam sare\u017e\u0123\u012bju\u0161\u0101s attiec\u012bbas ar kluba vad\u012bbu.<\/p>\n<p>Mareska savu profesion\u0101l\u0101 futbolista karjeru s\u0101ka Anglijas klub\u0101 Vestbromvi\u010das \u201cAlbion\u201d, p\u0113c tam nok\u013c\u016bstot Tur\u012bnas \u201cJuventus\u201d sist\u0113m\u0101. Karjeras laik\u0101 vi\u0146\u0161 sp\u0113l\u0113ja ar\u012b Sp\u0101nij\u0101 un Grie\u0137ij\u0101.<\/p>\n<p>Trenera karjeru vi\u0146\u0161 2020. gad\u0101 s\u0101ka k\u0101 Anglijas premjerl\u012bgas kluba Man\u010destras \u201cCity\u201d U23 komandas treneris, 2021. gad\u0101 tren\u0113ja It\u0101lijas \u201cParma\u201d, bet no 2023. gada \u2013 Lesteras \u201cCity\u201d.<\/p>\n<blockquote class=\"twitter-tweet\" data-width=\"550\" data-dnt=\"true\">\n<p lang=\"it\" dir=\"ltr\">Club statement: Enzo Maresca.<\/p>\n<p>\u2014 Chelsea FC (@ChelseaFC) <a href=\"https:\/\/twitter.com\/ChelseaFC\/status\/2006701497929908632?ref_src=twsrc%5Etfw\" rel=\"nofollow noopener\" target=\"_blank\">January 1, 2026<\/a><\/p>\n<\/blockquote>\n<p>Skaties Anglijas Premjerl\u012bgas sp\u0113les <a href=\"https:\/\/go3.lv\/categories\/premierleague,category-6886315?utm_source=tv3.lv&amp;utm_medium=local&amp;utm_campaign=premierleague\" target=\"_blank\" rel=\"noopener nofollow\">Go3 telev\u012bzij\u0101<\/a>!<\/p>\n<p class=\"tv3-fw-500\">Zi\u0146o par k\u013c\u016bdu rakst\u0101<\/p>\n<p class=\"d-md-block d-none\">Iez\u012bm\u0113 k\u013c\u016bdaino tekstu un spied Ctrl+Enter.<\/p>\n<p class=\"d-md-none d-block\">Iez\u012bm\u0113 k\u013c\u016bdaino tekstu un zi\u0146o par to!<\/p>\n<p>                <script async src=\"https:\/\/platform.twitter.com\/widgets.js\" charset=\"utf-8\"><\/script><\/p>\n","protected":false},"excerpt":{"rendered":"Premjerl\u012bg\u0101 \u201cChelsea\u201d \u0161obr\u012bd ir piekt\u0101, bet UEFA \u010cempionu l\u012bgas pamatturn\u012br\u0101 ie\u0146em 13. poz\u012bciju. No p\u0113d\u0113j\u0101m septi\u0146\u0101m premjerl\u012bgas sp\u0113l\u0113m&hellip;\n","protected":false},"author":2,"featured_media":91895,"comment_status":"","ping_status":"","sticky":false,"template":"","format":"standard","meta":{"footnotes":""},"categories":[17],"tags":[23095,35,39,38,36,37,34,40,67],"class_list":{"0":"post-91894","1":"post","2":"type-post","3":"status-publish","4":"format-standard","5":"has-post-thumbnail","7":"category-sports","8":"tag-anglijas-premjerligachelsea","9":"tag-latvia","10":"tag-latvian","11":"tag-latviesu","12":"tag-latviesu-valoda","13":"tag-latviesuvaloda","14":"tag-latvija","15":"tag-lv","16":"tag-sports"},"share_on_mastodon":{"url":"https:\/\/pubeurope.com\/@lv\/115820868567947665","error":""},"_links":{"self":[{"href":"https:\/\/www.europesays.com\/lv\/wp-json\/wp\/v2\/posts\/91894","targetHints":{"allow":["GET"]}}],"collection":[{"href":"https:\/\/www.europesays.com\/lv\/wp-json\/wp\/v2\/posts"}],"about":[{"href":"https:\/\/www.europesays.com\/lv\/wp-json\/wp\/v2\/types\/post"}],"author":[{"embeddable":true,"href":"https:\/\/www.europesays.com\/lv\/wp-json\/wp\/v2\/users\/2"}],"replies":[{"embeddable":true,"href":"https:\/\/www.europesays.com\/lv\/wp-json\/wp\/v2\/comments?post=91894"}],"version-history":[{"count":0,"href":"https:\/\/www.europesays.com\/lv\/wp-json\/wp\/v2\/posts\/91894\/revisions"}],"wp:featuredmedia":[{"embeddable":true,"href":"https:\/\/www.europesays.com\/lv\/wp-json\/wp\/v2\/media\/91895"}],"wp:attachment":[{"href":"https:\/\/www.europesays.com\/lv\/wp-json\/wp\/v2\/media?parent=91894"}],"wp:term":[{"taxonomy":"category","embeddable":true,"href":"https:\/\/www.europesays.com\/lv\/wp-json\/wp\/v2\/categories?post=91894"},{"taxonomy":"post_tag","embeddable":true,"href":"https:\/\/www.europesays.com\/lv\/wp-json\/wp\/v2\/tags?post=91894"}],"curies":[{"name":"wp","href":"https:\/\/api.w.org\/{rel}","templated":true}]}}