{"id":91896,"date":"2026-01-01T16:50:18","date_gmt":"2026-01-01T16:50:18","guid":{"rendered":"https:\/\/www.europesays.com\/lv\/91896\/"},"modified":"2026-01-01T16:50:18","modified_gmt":"2026-01-01T16:50:18","slug":"zelenskis-mes-velamies-kara-beigas-bet-ne-ukrainas-beigas","status":"publish","type":"post","link":"https:\/\/www.europesays.com\/lv\/91896\/","title":{"rendered":"Zelenskis: M\u0113s v\u0113lamies kara beigas, bet ne Ukrainas beigas"},"content":{"rendered":"<p>    <img decoding=\"async\" src=\"https:\/\/www.europesays.com\/lv\/wp-content\/uploads\/2026\/01\/1085bb0b723ced81096da876ef06f417-1024x576.jpg\" alt=\"&#10;\"\/><\/p>\n<p>Foto: ekr\u0101nuz\u0146\u0113mums no video.\n<\/p>\n<p>Ukrai\u0146i v\u0113las kara beigas, bet ne Ukrainas beigas, un tie, kas cer, ka ukrai\u0146i b\u016bs gatavi padoties, \u013coti k\u013c\u016bd\u0101s, Jaungada uzrun\u0101 pazi\u0146oja Ukrainas prezidents Volodimirs Zelenskis.<\/p>\n<p>        Las\u012bt\u0101kie<br \/>\n        <a data-imagesrc=\"{&quot;300&quot;:&quot;https:\\\/\\\/lastatic.ams3.cdn.digitaloceanspaces.com\\\/2026\\\/01\\\/shutterstock_2685252749-300x172.jpg&quot;,&quot;1024&quot;:&quot;https:\\\/\\\/lastatic.ams3.cdn.digitaloceanspaces.com\\\/2026\\\/01\\\/shutterstock_2685252749-1024x589.jpg&quot;,&quot;1536&quot;:&quot;https:\\\/\\\/lastatic.ams3.cdn.digitaloceanspaces.com\\\/2026\\\/01\\\/shutterstock_2685252749-1536x883.jpg&quot;,&quot;500&quot;:&quot;https:\\\/\\\/lastatic.ams3.cdn.digitaloceanspaces.com\\\/2026\\\/01\\\/shutterstock_2685252749-500x287.jpg&quot;,&quot;800&quot;:&quot;https:\\\/\\\/lastatic.ams3.cdn.digitaloceanspaces.com\\\/2026\\\/01\\\/shutterstock_2685252749-800x460.jpg&quot;,&quot;2560&quot;:&quot;https:\\\/\\\/lastatic.ams3.cdn.digitaloceanspaces.com\\\/2026\\\/01\\\/shutterstock_2685252749-scaled.jpg&quot;}\" data-focuspoint=\"&quot;&quot;\" data-p=\"2485210\" href=\"https:\/\/www.la.lv\/lielais-2026-gada-horoskops-visam-zodiaka-zimem-kas-gaidams-attiecibas-finansu-joma-un-kada-bus-veseliba\" class=\"content-item lazy-load\" wp_automatic_readability=\"27\" rel=\"nofollow noopener\" target=\"_blank\"><\/p>\n<p>                                <img decoding=\"async\" src=\"\" alt=\"\" style=\"\" data-imageid=\"\"\/><\/p>\n<p>                                Kokteilis<\/p>\n<p>\n                                                Lielais 2026. gada horoskops vis\u0101m zodiaka z\u012bm\u0113m \u2013 kas gaid\u0101ms attiec\u012bb\u0101s, finan\u0161u jom\u0101 un k\u0101da b\u016bs vesel\u012bba?\n                            <\/p>\n<p><\/a><a data-imagesrc=\"{&quot;300&quot;:&quot;https:\\\/\\\/lastatic.ams3.cdn.digitaloceanspaces.com\\\/2022\\\/06\\\/kallasa_Hollie_Adams_AFP_Scanpix_6-300x200.jpg&quot;,&quot;768&quot;:&quot;https:\\\/\\\/lastatic.ams3.cdn.digitaloceanspaces.com\\\/2022\\\/06\\\/kallasa_Hollie_Adams_AFP_Scanpix_6-768x512.jpg&quot;,&quot;200&quot;:&quot;https:\\\/\\\/lastatic.ams3.cdn.digitaloceanspaces.com\\\/2022\\\/06\\\/kallasa_Hollie_Adams_AFP_Scanpix_6-200x133.jpg&quot;,&quot;400&quot;:&quot;https:\\\/\\\/lastatic.ams3.cdn.digitaloceanspaces.com\\\/2022\\\/06\\\/kallasa_Hollie_Adams_AFP_Scanpix_6-400x267.jpg&quot;,&quot;500&quot;:&quot;https:\\\/\\\/lastatic.ams3.cdn.digitaloceanspaces.com\\\/2022\\\/06\\\/kallasa_Hollie_Adams_AFP_Scanpix_6-500x334.jpg&quot;,&quot;800&quot;:&quot;https:\\\/\\\/lastatic.ams3.cdn.digitaloceanspaces.com\\\/2022\\\/06\\\/kallasa_Hollie_Adams_AFP_Scanpix_6-800x534.jpg&quot;,&quot;1000&quot;:&quot;https:\\\/\\\/lastatic.ams3.cdn.digitaloceanspaces.com\\\/2022\\\/06\\\/kallasa_Hollie_Adams_AFP_Scanpix_6.jpg&quot;}\" data-focuspoint=\"&quot;&quot;\" data-p=\"2487129\" href=\"https:\/\/www.la.lv\/uzbrukums-putina-rezidencei-vecgada-vakara-kallasa-komente-savu-versiju-par-notikuso\" class=\"content-item lazy-load\" wp_automatic_readability=\"26\" rel=\"nofollow noopener\" target=\"_blank\"><\/p>\n<p>                                <img decoding=\"async\" src=\"\" alt=\"\" style=\"\" data-imageid=\"\"\/><\/p>\n<p>\n                                                Uzbrukums Putina rezidencei: Kallasa Vecgada vakar\u0101 koment\u0113 savu versiju par notiku\u0161o<\/p>\n<p><\/a><a data-imagesrc=\"{&quot;300&quot;:&quot;https:\\\/\\\/lastatic.ams3.cdn.digitaloceanspaces.com\\\/2023\\\/08\\\/WhatsApp-Image-2023-08-04-at-14.02.56-300x201.jpeg&quot;,&quot;768&quot;:&quot;https:\\\/\\\/lastatic.ams3.cdn.digitaloceanspaces.com\\\/2023\\\/08\\\/WhatsApp-Image-2023-08-04-at-14.02.56-768x514.jpeg&quot;,&quot;200&quot;:&quot;https:\\\/\\\/lastatic.ams3.cdn.digitaloceanspaces.com\\\/2023\\\/08\\\/WhatsApp-Image-2023-08-04-at-14.02.56-200x134.jpeg&quot;,&quot;400&quot;:&quot;https:\\\/\\\/lastatic.ams3.cdn.digitaloceanspaces.com\\\/2023\\\/08\\\/WhatsApp-Image-2023-08-04-at-14.02.56-400x268.jpeg&quot;,&quot;500&quot;:&quot;https:\\\/\\\/lastatic.ams3.cdn.digitaloceanspaces.com\\\/2023\\\/08\\\/WhatsApp-Image-2023-08-04-at-14.02.56-500x334.jpeg&quot;,&quot;800&quot;:&quot;https:\\\/\\\/lastatic.ams3.cdn.digitaloceanspaces.com\\\/2023\\\/08\\\/WhatsApp-Image-2023-08-04-at-14.02.56-800x535.jpeg&quot;,&quot;1000&quot;:&quot;https:\\\/\\\/lastatic.ams3.cdn.digitaloceanspaces.com\\\/2023\\\/08\\\/WhatsApp-Image-2023-08-04-at-14.02.56-1000x669.jpeg&quot;,&quot;1024&quot;:&quot;https:\\\/\\\/lastatic.ams3.cdn.digitaloceanspaces.com\\\/2023\\\/08\\\/WhatsApp-Image-2023-08-04-at-14.02.56.jpeg&quot;}\" data-focuspoint=\"&quot;&quot;\" data-p=\"2477775\" href=\"https:\/\/www.la.lv\/mani-atlaida-no-darba-latvijas-popularakaja-laboratorija-neko-nepaskaidrojot-lelde-par-pazemojumu-mobingu-un-briesmigo-attieksmi-no-prieksniecibas\" class=\"content-item lazy-load\" wp_automatic_readability=\"28\" rel=\"nofollow noopener\" target=\"_blank\"><\/p>\n<p>                                <img decoding=\"async\" src=\"\" alt=\"\" style=\"\" data-imageid=\"\"\/><\/p>\n<p>                                RAKSTA REDAKTORS<\/p>\n<p>\n                                                \u201cMani atlaida no darba Latvijas popul\u0101r\u0101kaj\u0101 laboratorij\u0101, neko nepaskaidrojot,\u201d Lelde par pazemojumu, mobingu un briesm\u012bgo attieksmi no priek\u0161niec\u012bbas<\/p>\n<p><\/a><br \/>\n        <a class=\"read-more\" href=\"https:\/\/www.la.lv\/top\" rel=\"nofollow noopener\" target=\"_blank\">Las\u012bt citas zi\u0146as<\/a><\/p>\n<p>\u201cM\u0113s v\u0113lamies kara beigas, bet ne Ukrainas beigas. Vai m\u0113s esam noguru\u0161i? \u013boti. Vai tas noz\u012bm\u0113, ka m\u0113s esam gatavi padoties? Tas, kur\u0161 t\u0101 dom\u0101, \u013coti mald\u0101s. Un vi\u0146\u0161 ac\u012bmredzot visus \u0161os gadus nav sapratis, kas ir ukrai\u0146i. Tauta, kas 1407 dienas iztur\u0113jusi pilna m\u0113roga karu. Vienk\u0101r\u0161i apzinieties \u0161os skait\u013cus! Tas ir vair\u0101k nek\u0101 nacistu okup\u0101cija daudz\u0101s m\u016bsu pils\u0113t\u0101s Otr\u0101 pasaules kara laik\u0101. 1407 dienas nepak\u013cauta Ukraina,\u201d sac\u012bja Zelenskis.<\/p>\n<p>Vi\u0146\u0161 uzsv\u0113ra, ka Krievija p\u0113c savas v\u0113l\u0113\u0161an\u0101s nevienu pa\u0161as s\u0101kto karu nav beigusi, ta\u010du pasaule var piespiest Krieviju karu izbeigt.<\/p>\n<p>    CITI \u0160OBR\u012aD LASA<\/p>\n<p>\u201cKrievija pati karu nebeidz. V\u0113stur\u0113 nav bijis neviena kara, ko t\u0101 izbeigtu p\u0113c savas v\u0113l\u0113\u0161an\u0101s. Tikai citu spiediens. (..) T\u0101 tas ir bijis visos gados, kad Krievija ar k\u0101du ir karojusi, tas ir, visos t\u0101s past\u0101v\u0113\u0161anas gados,\u201d teica Ukrainas prezidents.<\/p>\n<p>Vi\u0146\u0161 piebilda, ka to var apliecin\u0101t visi, ar ko Krievija da\u017e\u0101dos laikos ir karojusi \u2013 Polija, Turcija, Somija, S\u012brija, Gruzija, Abh\u0101zija, Osetija, \u010ce\u010denija \u2013 \u201cun \u0161o sarakstu var, var turpin\u0101t bezgal\u012bgi, jo gandr\u012bz visa Krievijas teritorija ir sav\u0101kta karos\u201d.<\/p>\n<p>\u201cAizejiet no Donbasa, un viss b\u016bs beidzies, \u2013 t\u0101 tulkojum\u0101 no krievu valodas skan maldin\u0101\u0161ana. Tulkots ukrai\u0146u valod\u0101, ang\u013cu, v\u0101cu, fran\u010du un faktiski jebkur\u0101 pasaules valod\u0101. Vai tad v\u0113l k\u0101ds vi\u0146iem tic? Diem\u017e\u0113l. T\u0101d\u0113\u013c, ka no paties\u012bbas joproj\u0101m p\u0101r\u0101k bie\u017ei izvair\u0101s, to sauc par diplom\u0101tiju, lai gan tie ir tikai meli uzvalkos. Un t\u0101d\u0113\u013c Ukraina ir pak\u013cauta spiedienam, j\u0101. Un t\u0101d\u0113\u013c m\u0113s \u0161\u0101di c\u012bn\u0101mies,\u201d teica Zelenskis.<\/p>\n<p>Turkl\u0101t ukrai\u0146i pier\u0101da \u0161\u0137ietami sen zin\u0101mas ac\u012bmredzamas paties\u012bbas, ka p\u0113c Krimas okup\u0101cijas, Doneckas un Luhanskas apgabalu da\u013c\u0113jas sagr\u0101b\u0161anas, pilna m\u0113roga iebrukuma, p\u0113c Bu\u010das, Mariupoles, O\u013ce\u0146ivkas un visa t\u0101, ko Kremlis visu \u0161o laiku ir dar\u012bjis, tic\u0113t vi\u0146u v\u0101rdiem ir vienk\u0101r\u0161i spriedums visp\u0101r\u0113jai starptautiskajai dro\u0161\u012bbai un katram l\u012bderim, kuram vienk\u0101r\u0161i ir j\u0101aizsarg\u0101 sava tauta, sac\u012bja Ukrainas prezidents.<\/p>\n<p>\u201cVai \u0161ie m\u016bsu argumenti ir sadzird\u0113ti? M\u0113s \u013coti ceram, ka j\u0101. Vai vi\u0146i mums ir piekritu\u0161i? Ne piln\u012bb\u0101. V\u0113l ne. Un t\u0101d\u0113\u013c m\u0113s joproj\u0101m run\u0101jam par to, ka vieno\u0161an\u0101s par mieru ir gatava par 90, nevis visiem 100 procentiem,\u201d nor\u0101d\u012bja Zelenskis.<\/p>\n<p>Ukraina nav apmierin\u0101ta ar Budape\u0161tas memoranda un Minskas vieno\u0161anos rezult\u0101tiem, jo t\u0101s izr\u0101d\u012bj\u0101s v\u0101jas vieno\u0161an\u0101s, kas tikai uzkurina karu, ta\u010du Ukrainai ir vajadz\u012bga stipra vieno\u0161an\u0101s ar dro\u0161\u012bbas garantij\u0101m, uzsv\u0113ra Zelenskis.<\/p>\n<p>\u201cIecer\u0113m ir j\u0101k\u013c\u016bst par dro\u0161\u012bbas garantij\u0101m. Un tas noz\u012bm\u0113, ka t\u0101s j\u0101ratific\u0113 Amerikas Savienoto Valstu Kongresam, Eiropas parlamentiem \u2013 visiem partneriem. Budape\u0161tas pap\u012bri\u0146\u0161 neb\u016bs piem\u0113rots Ukrainai. Ukrainai nav vajadz\u012bgi Minsk\u0101 ar juveliera precizit\u0101ti sarakst\u012btie slazdi. Paraksti zem v\u0101j\u0101m vieno\u0161an\u0101m tikai uzkurina karu. Mans paraksts b\u016bs zem stipras vieno\u0161an\u0101s. Un tie\u0161i par to tagad ir katra tik\u0161an\u0101s, katrs zvans, katrs l\u0113mums,\u201d sac\u012bja Ukrainas prezidents.<\/p>\n<p>T\u0113mas<\/p>\n<p>    SAIST\u012aTIE RAKSTI<\/p>\n","protected":false},"excerpt":{"rendered":"Foto: ekr\u0101nuz\u0146\u0113mums no video. Ukrai\u0146i v\u0113las kara beigas, bet ne Ukrainas beigas, un tie, kas cer, ka ukrai\u0146i&hellip;\n","protected":false},"author":2,"featured_media":91897,"comment_status":"","ping_status":"","sticky":false,"template":"","format":"standard","meta":{"footnotes":""},"categories":[14],"tags":[23,57,28,29,32,33,22,30,31,35,39,38,36,37,34,40,20,26,27,24,25,54,55,56,21,58],"class_list":{"0":"post-91896","1":"post","2":"type-post","3":"status-publish","4":"format-standard","5":"has-post-thumbnail","7":"category-zinas-no-arvalstim","8":"tag-aktualitates","9":"tag-arvalstim","10":"tag-breaking-news","11":"tag-breakingnews","12":"tag-featured-news","13":"tag-featurednews","14":"tag-headlines","15":"tag-latest-news","16":"tag-latestnews","17":"tag-latvia","18":"tag-latvian","19":"tag-latviesu","20":"tag-latviesu-valoda","21":"tag-latviesuvaloda","22":"tag-latvija","23":"tag-lv","24":"tag-news","25":"tag-popularakas-zinas","26":"tag-popularakaszinas","27":"tag-top-stories","28":"tag-topstories","29":"tag-world","30":"tag-world-news","31":"tag-worldnews","32":"tag-zinas","33":"tag-zinas-no-arvalstim"},"share_on_mastodon":{"url":"https:\/\/pubeurope.com\/@lv\/115820876480645561","error":""},"_links":{"self":[{"href":"https:\/\/www.europesays.com\/lv\/wp-json\/wp\/v2\/posts\/91896","targetHints":{"allow":["GET"]}}],"collection":[{"href":"https:\/\/www.europesays.com\/lv\/wp-json\/wp\/v2\/posts"}],"about":[{"href":"https:\/\/www.europesays.com\/lv\/wp-json\/wp\/v2\/types\/post"}],"author":[{"embeddable":true,"href":"https:\/\/www.europesays.com\/lv\/wp-json\/wp\/v2\/users\/2"}],"replies":[{"embeddable":true,"href":"https:\/\/www.europesays.com\/lv\/wp-json\/wp\/v2\/comments?post=91896"}],"version-history":[{"count":0,"href":"https:\/\/www.europesays.com\/lv\/wp-json\/wp\/v2\/posts\/91896\/revisions"}],"wp:featuredmedia":[{"embeddable":true,"href":"https:\/\/www.europesays.com\/lv\/wp-json\/wp\/v2\/media\/91897"}],"wp:attachment":[{"href":"https:\/\/www.europesays.com\/lv\/wp-json\/wp\/v2\/media?parent=91896"}],"wp:term":[{"taxonomy":"category","embeddable":true,"href":"https:\/\/www.europesays.com\/lv\/wp-json\/wp\/v2\/categories?post=91896"},{"taxonomy":"post_tag","embeddable":true,"href":"https:\/\/www.europesays.com\/lv\/wp-json\/wp\/v2\/tags?post=91896"}],"curies":[{"name":"wp","href":"https:\/\/api.w.org\/{rel}","templated":true}]}}