{"id":91898,"date":"2026-01-01T16:51:18","date_gmt":"2026-01-01T16:51:18","guid":{"rendered":"https:\/\/www.europesays.com\/lv\/91898\/"},"modified":"2026-01-01T16:51:18","modified_gmt":"2026-01-01T16:51:18","slug":"evika-silina-gadumija-aicina-nebaidities-no-nakotnes-bet-veidot-to-pasiem","status":"publish","type":"post","link":"https:\/\/www.europesays.com\/lv\/91898\/","title":{"rendered":"Evika Sili\u0146a gadumij\u0101 aicina nebaid\u012bties no n\u0101kotnes, bet veidot to pa\u0161iem"},"content":{"rendered":"<p>D\u0101rgie Latvijas cilv\u0113ki, tautie\u0161i Latvij\u0101 un vis\u0101 pasaul\u0113!<\/p>\n<p>\u0160eit, Latvijas Nacion\u0101laj\u0101 bibliot\u0113k\u0101, ir uzkr\u0101ti m\u016bsu latviskuma avoti\u00a0\u2013<\/p>\n<p>dainas un pirmais druk\u0101tais v\u0101rds latvie\u0161u valod\u0101<\/p>\n<p>ar piecu gadu simtu v\u0113sturi.<\/p>\n<p>M\u016bsdienu pasaul\u0113 t\u0101 ir v\u0113rt\u012bba\u00a0\u2013 b\u016bt da\u013cai no Latvijas tautas,<\/p>\n<p>kas run\u0101 latvie\u0161u valod\u0101.<\/p>\n<p>Mums ir izcili zin\u0101tnieki, uz\u0146\u0113m\u0113ji, sportisti, m\u0101kslinieki, medi\u0137i,<\/p>\n<p>ar kuriem m\u0113s lepojamies.<\/p>\n<p>Ta\u010du v\u0113los uzsv\u0113rt\u00a0\u2013<\/p>\n<p>ikkatrs Latvijas cilv\u0113ks ir v\u0113rt\u012bba neatkar\u012bgi no darba, ko veic.<\/p>\n<p>Sav\u0101 ikdien\u0101, ar\u012b starptautiskaj\u0101 vid\u0113, ik reizi p\u0101rliecinos \u2013<\/p>\n<p>latvie\u0161i izce\u013cas ar to, ka m\u016bsos sl\u0113pjas talanti<\/p>\n<p>un pretst\u0101v\u0113\u0161anas sp\u012bts.<\/p>\n<p>Pret netaisn\u012bbu, pret vardarb\u012bbu, pret agresiju.<\/p>\n<p>N\u0101kamaj\u0101 gad\u0101 es nov\u0113lu ikvienam no mums izaicin\u0101t pa\u0161iem sevi,<\/p>\n<p>p\u0101rsp\u0113t pa\u0161iem sevi,<\/p>\n<p>izk\u0101pt no ikdieni\u0161\u0137\u0101 un tiekties uz izcil\u012bbu,<\/p>\n<p>iest\u0101ties par lab\u0101ku izgl\u012bt\u012bbu m\u016bsu b\u0113rniem,<\/p>\n<p>par jauno tehnolo\u0123iju un inov\u0101ciju ien\u0101k\u0161anu<\/p>\n<p>m\u016bsu uz\u0146\u0113mumos un m\u0101j\u0101s.<\/p>\n<p>Nebaid\u012bties no n\u0101kotnes, bet veidot to pa\u0161iem,<\/p>\n<p>jo t\u0101 varam k\u013c\u016bt lab\u0101ki, atkl\u0101t sev\u012b jaunas sp\u0113jas<\/p>\n<p>un k\u013c\u016bt ar\u012b tur\u012bg\u0101ki\u00a0\u2013 individu\u0101li un k\u0101 valsts kopum\u0101.<\/p>\n<p>Atskatoties\u00a0\u2013 k\u0101das m\u0101c\u012bbas lai pa\u0146emam l\u012bdzi jaunaj\u0101 gad\u0101?<\/p>\n<p>L\u0113mumus varam pie\u0146emt \u0101tr\u0101k un drosm\u012bg\u0101k.<\/p>\n<p>M\u0113s varam viens otr\u0101 ieklaus\u012bties, lai patiesi sadzird\u0113tu,<\/p>\n<p>iest\u0101ties par cilv\u0113c\u012bbu un kop\u012bg\u0101m v\u0113rt\u012bb\u0101m.<\/p>\n<p>Esam kop\u0101 ar Ukrainu. K\u0101 valsts, k\u0101 cilv\u0113ki,<\/p>\n<p>jo skaidri zin\u0101m\u00a0\u2013 tas ir par m\u016bsu kop\u0113jo dro\u0161\u012bbu un v\u0113rt\u012bb\u0101m,<\/p>\n<p>ko aizst\u0101vam.<\/p>\n<p>Netaisn\u012bbai m\u016bsu sabiedr\u012bb\u0101 nav vietas, t\u0101pat k\u0101 vardarb\u012bbai<\/p>\n<p>nav vietas \u0123imen\u0113s, skol\u0101s, darba viet\u0101s, internet\u0101\u00a0\u2013 nekur.<\/p>\n<p>\u0122imenes, kas p\u0113c vair\u0101kiem gadiem atgrie\u017eas Latvij\u0101,<\/p>\n<p>nereti saka: \u201cM\u0113s gribam, lai b\u0113rni j\u016bt, kur ir vi\u0146u m\u0101jas!\u201d<\/p>\n<p>Tie\u0161i tas ir m\u016bsu m\u0113r\u0137is. Latvija ir vieta, kur mums visiem,<\/p>\n<p>lai cik da\u017e\u0101di esam, kop\u0101 b\u016bt.<\/p>\n<p>Kop\u0101 str\u0101d\u0101jam, lai uzlabotu un vienk\u0101r\u0161otu dz\u012bvi iedz\u012bvot\u0101jiem<\/p>\n<p>un uz\u0146\u0113m\u0113jiem. Kop\u0101 veicam p\u0101rmai\u0146as m\u016bsu b\u0113rnu izgl\u012bt\u012bb\u0101<\/p>\n<p>un mazin\u0101m nevienl\u012bdz\u012bbu sabiedr\u012bb\u0101. Kop\u0101 str\u0101d\u0101jam,<\/p>\n<p>lai nestu Latvijas v\u0101rdu pasaul\u0113.<\/p>\n<p>M\u016bsu uz\u0146\u0113m\u0113ji ir l\u012bderi digit\u0101lo r\u012bku un tehnolo\u0123iju att\u012bst\u012bb\u0101.<\/p>\n<p>Bet kop\u0101 m\u016bsu uzdevums ir ar\u012b ikdien\u0101 iest\u0101ties par b\u016btisko,<\/p>\n<p>par\u016bp\u0113ties vienam par otru\u00a0\u2013 atbild\u012bgi un ar cie\u0146u.<\/p>\n<p>M\u0113s varam, ja gribam.<\/p>\n<p>M\u0113s varam, ja dar\u0101m.<\/p>\n<p>Nacion\u0101l\u0101s bibliot\u0113kas tap\u0161anas st\u0101sts to pier\u0101da.<\/p>\n<p>P\u0101r\u0161\u0137irsim jaun\u0101 gada lappusi ar ap\u0146\u0113m\u012bbu un p\u0101rliec\u012bbu\u00a0\u2013<\/p>\n<p>kop\u0101 m\u0113s sp\u0113jam daudz.<\/p>\n<p>Priec\u012bgus sv\u0113tkus j\u016bsu m\u0101j\u0101s un laim\u012bgu Jauno gadu!\u00a0<\/p>\n","protected":false},"excerpt":{"rendered":"D\u0101rgie Latvijas cilv\u0113ki, tautie\u0161i Latvij\u0101 un vis\u0101 pasaul\u0113! \u0160eit, Latvijas Nacion\u0101laj\u0101 bibliot\u0113k\u0101, ir uzkr\u0101ti m\u016bsu latviskuma avoti\u00a0\u2013 dainas&hellip;\n","protected":false},"author":2,"featured_media":91899,"comment_status":"","ping_status":"","sticky":false,"template":"","format":"standard","meta":{"footnotes":""},"categories":[12],"tags":[23,28,29,32,33,22,30,31,35,39,38,36,37,34,40,20,26,27,24,25,21],"class_list":{"0":"post-91898","1":"post","2":"type-post","3":"status-publish","4":"format-standard","5":"has-post-thumbnail","7":"category-latvija","8":"tag-aktualitates","9":"tag-breaking-news","10":"tag-breakingnews","11":"tag-featured-news","12":"tag-featurednews","13":"tag-headlines","14":"tag-latest-news","15":"tag-latestnews","16":"tag-latvia","17":"tag-latvian","18":"tag-latviesu","19":"tag-latviesu-valoda","20":"tag-latviesuvaloda","21":"tag-latvija","22":"tag-lv","23":"tag-news","24":"tag-popularakas-zinas","25":"tag-popularakaszinas","26":"tag-top-stories","27":"tag-topstories","28":"tag-zinas"},"share_on_mastodon":{"url":"https:\/\/pubeurope.com\/@lv\/115820880467599016","error":""},"_links":{"self":[{"href":"https:\/\/www.europesays.com\/lv\/wp-json\/wp\/v2\/posts\/91898","targetHints":{"allow":["GET"]}}],"collection":[{"href":"https:\/\/www.europesays.com\/lv\/wp-json\/wp\/v2\/posts"}],"about":[{"href":"https:\/\/www.europesays.com\/lv\/wp-json\/wp\/v2\/types\/post"}],"author":[{"embeddable":true,"href":"https:\/\/www.europesays.com\/lv\/wp-json\/wp\/v2\/users\/2"}],"replies":[{"embeddable":true,"href":"https:\/\/www.europesays.com\/lv\/wp-json\/wp\/v2\/comments?post=91898"}],"version-history":[{"count":0,"href":"https:\/\/www.europesays.com\/lv\/wp-json\/wp\/v2\/posts\/91898\/revisions"}],"wp:featuredmedia":[{"embeddable":true,"href":"https:\/\/www.europesays.com\/lv\/wp-json\/wp\/v2\/media\/91899"}],"wp:attachment":[{"href":"https:\/\/www.europesays.com\/lv\/wp-json\/wp\/v2\/media?parent=91898"}],"wp:term":[{"taxonomy":"category","embeddable":true,"href":"https:\/\/www.europesays.com\/lv\/wp-json\/wp\/v2\/categories?post=91898"},{"taxonomy":"post_tag","embeddable":true,"href":"https:\/\/www.europesays.com\/lv\/wp-json\/wp\/v2\/tags?post=91898"}],"curies":[{"name":"wp","href":"https:\/\/api.w.org\/{rel}","templated":true}]}}