{"id":91904,"date":"2026-01-01T17:02:22","date_gmt":"2026-01-01T17:02:22","guid":{"rendered":"https:\/\/www.europesays.com\/lv\/91904\/"},"modified":"2026-01-01T17:02:22","modified_gmt":"2026-01-01T17:02:22","slug":"navalnija-fonda-izmeklesana-atklaj-jaunu-putina-pili-krima-ar-pilnvertigu-slimnicu-lente-lv","status":"publish","type":"post","link":"https:\/\/www.europesays.com\/lv\/91904\/","title":{"rendered":"Nava\u013cnija fonda izmekl\u0113\u0161ana atkl\u0101j jaunu Putina pili Krim\u0101 ar pilnv\u0113rt\u012bgu slimn\u012bcu\u00a0\u2014\u00a0Lente.lv"},"content":{"rendered":"<p>Jauna grezna pils uzcelta Krim\u0101 Vladimiram Putinam<\/p>\n<p>Krievijas okup\u0113taj\u0101 Krimas pussal\u0101 ir uzcelta jauna, grezna pils, kas, p\u0113c Krievijas opoz\u012bcijas l\u012bdera Alekseja Nava\u013cnija dibin\u0101t\u0101 Korupcijas apkaro\u0161anas fonda (FBK) p\u0113tnieku dom\u0101m, paredz\u0113ta Krievijas prezidentam Vladimiram Putinam. K\u0101 inform\u0113 port\u0101ls jauns.lv, \u0161\u012b atkl\u0101jumu apstiprina fotogr\u0101fijas un detaliz\u0113ti arhitekt\u016bras pl\u0101ni, kas non\u0101ku\u0161i FBK r\u012bc\u012bb\u0101. Pils atrodas Ajas rag\u0101, Krimas dienvidos.<\/p>\n<p>S\u0101kotn\u0113ji \u0161\u012b b\u016bve tika iecer\u0113ta k\u0101 biju\u0161\u0101 Ukrainas prezidenta Viktora Janukovi\u010da vasaras rezidence. Ta\u010du p\u0113c Krimas okup\u0101cijas Krievijas sp\u0113ku kontrol\u0113, objekts tika atz\u012bts par nelikum\u012bgu. V\u0113l\u0101k tas tika nodots Putinam tuviem uz\u0146\u0113m\u0113jiem Kova\u013c\u010dukiem, kuri to p\u0101rb\u016bv\u0113ju\u0161i saska\u0146\u0101 ar Krievijas Feder\u0101l\u0101 apsardzes biroja pras\u012bb\u0101m. B\u016bvdarbu izmaksas tiek l\u0113stas vismaz 10 miljardu rub\u013cu apm\u0113r\u0101, kas ir aptuveni 100 miljoni eiro.<\/p>\n<p>Ne tikai grezn\u012bba, bet ar\u012b medic\u012bnisk\u0101 apr\u016bpe<\/p>\n<p>FBK p\u0113tnieki nor\u0101da, ka pils nav vien iespaid\u012bga ar saviem greznajiem, pat karaliskajiem interjeriem. \u012apa\u0161u uzman\u012bbu piesaista fakts, ka taj\u0101 iek\u0101rtota pilnv\u0113rt\u012bga &#8220;m\u0101jas slimn\u012bca&#8221;. \u0160aj\u0101 medic\u012bnas kompleks\u0101 ir &#8220;\u0123imenes \u0101rsta kabinets&#8221;, k\u0101 ar\u012b modernas anal\u012b\u017eu iek\u0101rtas, elektrokardiogr\u0101fs un fizioterapijas apr\u012bkojums.<\/p>\n<p>T\u0101pat medic\u012bnas centr\u0101 pieejams ar\u012b zob\u0101rsta kabinets un oper\u0101ciju z\u0101le. T\u0101 ir apr\u012bkota ar plau\u0161u m\u0101ksl\u012bg\u0101s ventil\u0101cijas iek\u0101rtu, defibrilatoru-monitoru, k\u0101 ar\u012b rentgena, gastroskopijas un kolonoskopijas apar\u0101tiem. \u0160\u0101ds apr\u012bkojums liecina par v\u0113lmi nodro\u0161in\u0101t visaptvero\u0161u medic\u012bnisko apr\u016bpi pa\u0161\u0101 rezidenc\u0113.<\/p>\n<p>V\u0113sturiskais konteksts un s\u0101kotn\u0113j\u0101 iecere<\/p>\n<p>Objekta pirms\u0101kumi mekl\u0113jami laik\u0101 pirms Krimas aneksijas, kad tas tika pl\u0101nots k\u0101 viena no Viktora Janukovi\u010da rezidenc\u0113m. P\u0113c 2014. gad\u0101 notiku\u0161\u0101s Krievijas veiksm\u012bg\u0101s Krimas okup\u0101cijas, Ukrainas \u012bpa\u0161ums tika p\u0101r\u0146emts. Tiesiskais statuss main\u012bj\u0101s, un saska\u0146\u0101 ar FBK izmekl\u0113t\u0101ju datiem, tas non\u0101cis Krievijas valsts vad\u012bbai tuvu cilv\u0113ku kontrol\u0113, kuri to piel\u0101goju\u0161i augst\u0101k\u0101s amatpersonas vajadz\u012bb\u0101m.<\/p>\n<p>Krievijas varas reakcija un iepriek\u0161\u0113jie gad\u012bjumi<\/p>\n<p>J\u0101atz\u012bm\u0113, ka \u0161\u012b nav pirm\u0101 reize, kad tiek publiskota inform\u0101cija par grezn\u0101m rezidenc\u0113m, kas saist\u012btas ar Vladimiru Putinu. Iepriek\u0161 pla\u0161u rezonansi guva Korupcijas apkaro\u0161anas fonda filma par t\u0101 d\u0113v\u0113to &#8220;Putina pili&#8221; Gelend\u017eik\u0101, Krievijas dienvidos. Toreiz Kremlis publiski nor\u0101d\u012bja, ka pils pieder uz\u0146\u0113m\u0113jam, nevis prezidentam person\u012bgi, ta\u010du uzsv\u0113ra, ka \u0161\u012b inform\u0101cija ir konfidenci\u0101la. Ar\u012b \u0161aj\u0101 gad\u012bjum\u0101 par jauno Krimas rezidenci sagaid\u0101ma ofici\u0101la reakcija no Krievijas puses, kas visticam\u0101k cent\u012bsies mazin\u0101t t\u0101s noz\u012bm\u012bgumu vai saist\u012bbu ar prezidentu.<\/p>\n","protected":false},"excerpt":{"rendered":"Jauna grezna pils uzcelta Krim\u0101 Vladimiram Putinam Krievijas okup\u0113taj\u0101 Krimas pussal\u0101 ir uzcelta jauna, grezna pils, kas, p\u0113c&hellip;\n","protected":false},"author":2,"featured_media":91905,"comment_status":"","ping_status":"","sticky":false,"template":"","format":"standard","meta":{"footnotes":""},"categories":[14],"tags":[23,57,28,29,22975,32,33,23098,22,903,30,31,35,39,38,36,37,34,40,20,26,27,23097,24,25,23096,54,55,56,21,58],"class_list":{"0":"post-91904","1":"post","2":"type-post","3":"status-publish","4":"format-standard","5":"has-post-thumbnail","7":"category-zinas-no-arvalstim","8":"tag-aktualitates","9":"tag-arvalstim","10":"tag-breaking-news","11":"tag-breakingnews","12":"tag-fbk-izmeklesana","13":"tag-featured-news","14":"tag-featurednews","15":"tag-greznas-rezidences","16":"tag-headlines","17":"tag-krima","18":"tag-latest-news","19":"tag-latestnews","20":"tag-latvia","21":"tag-latvian","22":"tag-latviesu","23":"tag-latviesu-valoda","24":"tag-latviesuvaloda","25":"tag-latvija","26":"tag-lv","27":"tag-news","28":"tag-popularakas-zinas","29":"tag-popularakaszinas","30":"tag-putina-pils","31":"tag-top-stories","32":"tag-topstories","33":"tag-vadimirs-putins","34":"tag-world","35":"tag-world-news","36":"tag-worldnews","37":"tag-zinas","38":"tag-zinas-no-arvalstim"},"share_on_mastodon":{"url":"https:\/\/pubeurope.com\/@lv\/115820923625330354","error":""},"_links":{"self":[{"href":"https:\/\/www.europesays.com\/lv\/wp-json\/wp\/v2\/posts\/91904","targetHints":{"allow":["GET"]}}],"collection":[{"href":"https:\/\/www.europesays.com\/lv\/wp-json\/wp\/v2\/posts"}],"about":[{"href":"https:\/\/www.europesays.com\/lv\/wp-json\/wp\/v2\/types\/post"}],"author":[{"embeddable":true,"href":"https:\/\/www.europesays.com\/lv\/wp-json\/wp\/v2\/users\/2"}],"replies":[{"embeddable":true,"href":"https:\/\/www.europesays.com\/lv\/wp-json\/wp\/v2\/comments?post=91904"}],"version-history":[{"count":0,"href":"https:\/\/www.europesays.com\/lv\/wp-json\/wp\/v2\/posts\/91904\/revisions"}],"wp:featuredmedia":[{"embeddable":true,"href":"https:\/\/www.europesays.com\/lv\/wp-json\/wp\/v2\/media\/91905"}],"wp:attachment":[{"href":"https:\/\/www.europesays.com\/lv\/wp-json\/wp\/v2\/media?parent=91904"}],"wp:term":[{"taxonomy":"category","embeddable":true,"href":"https:\/\/www.europesays.com\/lv\/wp-json\/wp\/v2\/categories?post=91904"},{"taxonomy":"post_tag","embeddable":true,"href":"https:\/\/www.europesays.com\/lv\/wp-json\/wp\/v2\/tags?post=91904"}],"curies":[{"name":"wp","href":"https:\/\/api.w.org\/{rel}","templated":true}]}}