{"id":91910,"date":"2026-01-01T17:21:10","date_gmt":"2026-01-01T17:21:10","guid":{"rendered":"https:\/\/www.europesays.com\/lv\/91910\/"},"modified":"2026-01-01T17:21:10","modified_gmt":"2026-01-01T17:21:10","slug":"saluts-uzspraga-pie-sejas-guti-apdegumi-acu-bojajumi-drosiba-jaungada-nakti-netiek-ieverota-la-lv","status":"publish","type":"post","link":"https:\/\/www.europesays.com\/lv\/91910\/","title":{"rendered":"Sal\u016bts uzspr\u0101ga pie sejas, g\u016bti apdegumi, acu boj\u0101jumi: dro\u0161\u012bba jaungada nakt\u012b netiek iev\u0113rota &#8211; LA.LV"},"content":{"rendered":"<ol>\n<li><a href=\"https:\/\/news.google.com\/rss\/articles\/CBMirgFBVV95cUxOX1VpSHJ1UDAwY1AyUmFOOHdlYkhwYWlldUlZUFdHSklMRjRQVTIxQ2hjMDdRYko3dE9DcG53U1FDYk92RHZlYUY3WUtKRW9IOTVQR0pyWnlSRnRIbm8teURnSDY5UnYxUVRkRUNvSW4wM3NGYkVQdkJvanM3aXQ0cDJZMTZaQ1lEbVBRMlpIUndQc1FweXFkcWJHNWZ0ZFFGc3NoQ2h5cGFJS2tsV1E?oc=5\" target=\"_blank\" rel=\"nofollow noopener\">Sal\u016bts uzspr\u0101ga pie sejas, g\u016bti apdegumi, acu boj\u0101jumi: dro\u0161\u012bba jaungada nakt\u012b netiek iev\u0113rota<\/a>&nbsp;&nbsp;LA.LV<\/li>\n<li><a href=\"https:\/\/news.google.com\/rss\/articles\/CBMitwFBVV95cUxPRVFadlQxcVhMRjQ4M2NvOFVCTXRtaW9MQUphQ2ZxX3c2OXFqbjRDaVRZUTNuQ0Q1d1VZZThzb3BpTHZUZzQtMlV3djRzSTBWMFZOa3JLMGxOeHp3eWxFRHh4SU1hbWhpRFZiSHY1VUwxdGZqaG9sajEwVDhPTmNjUVhfWDlySDVNMDBYQnNEZ3hUcVZzeUk5ZzNFdnRVSE9Dd3hTWkZJRjVJbkExcHlkempzZ2JlbW8?oc=5\" target=\"_blank\" rel=\"nofollow noopener\">Petardes uzspr\u0101gst pie sejas un rok\u0101: sv\u0113tkos smagas traumas guvu\u0161i tr\u012bs cilv\u0113ki<\/a>&nbsp;&nbsp;Jauns.lv<\/li>\n<li><a href=\"https:\/\/news.google.com\/rss\/articles\/CBMingFBVV95cUxNRjFnbnM1ckt0alNRanZ6eFNDWFhMdXpsMUVNN0xPb1Y5X083OEpKNzZtUUdqOVZUV1ZRenpZM291Z1U4MmdCczdMX3ZrQ1JSMmdsYmhXNWxVSXhKS1hMNGU1Tk1VenlYN0ZmMWtfQ1BDVkVacDBDNUdlMnhXaWtDbkc4Y2xMWV9rbm0wWlQxeHg5WW9vNXhuREp1MWFTZw?oc=5\" target=\"_blank\" rel=\"nofollow noopener\">Dro\u0161\u012bba ir lab\u0101kais Jaungada v\u0113l\u0113jums \u2013 praktiski padomi sv\u0113tku laikam<\/a>&nbsp;&nbsp;TVNET<\/li>\n<li><a href=\"https:\/\/news.google.com\/rss\/articles\/CBMiuAFBVV95cUxOczZlanlSRVhLSHJ2a0R2MTZiZU9zelJXRVZpUUNnZ2J5TlJfOGMteG9seU8yS3MtNkRDbHpLQ0JzZ3BzRDNKdVZobEFfYll0WnBzd0U2VWNFNTQtQUxwdEVQbUhzSVpnSnlJdzBVbVR5UUFMRnUwMDJRbnNBVWE0TElja2MxSWNvLWZCVVo5YmRJbG0xbnRHeVZGOTZoWlM3eDhnbzVqenNFbGEtUUZFTC1VMWdqV2VY?oc=5\" target=\"_blank\" rel=\"nofollow noopener\">FOTO: Lietuv\u0101 akt\u012bvisti uziet &#8220;\u0161ausmu fermu&#8221; un fiks\u0113 vair\u0101kus pr\u0101tam neaptveramus p\u0101rk\u0101pumus<\/a>&nbsp;&nbsp;tv3.lv<\/li>\n<li><a href=\"https:\/\/news.google.com\/rss\/articles\/CBMimgFBVV95cUxONzFJYjdSSEVPTFRaMDRUM3h4UHRyT1U0bGc1dXFDZFNRLXZEdWJ4Y2VramlGbGNYbTczOFpiNVJMX1pXVC1ZT0dMbkhXbnBNYW1XZThobUhySEg2QnRlVFJ2YzBBRGlwS25oWEhfaVBvOUtHMmF6Y3FGR0NhSnF1WVZlRHdjODlhcUx6TDhnUDZlWUJhVXMtRXVn?oc=5\" target=\"_blank\" rel=\"nofollow noopener\">Sv\u0113tkos tr\u012bs cilv\u0113ki g\u016bst nopietnas traumas, lietojot pirotehniku<\/a>&nbsp;&nbsp;Apollo.lv<\/li>\n<\/ol>\n","protected":false},"excerpt":{"rendered":"Sal\u016bts uzspr\u0101ga pie sejas, g\u016bti apdegumi, acu boj\u0101jumi: dro\u0161\u012bba jaungada nakt\u012b netiek iev\u0113rota&nbsp;&nbsp;LA.LV Petardes uzspr\u0101gst pie sejas un&hellip;\n","protected":false},"author":2,"featured_media":91911,"comment_status":"","ping_status":"","sticky":false,"template":"","format":"standard","meta":{"footnotes":""},"categories":[12],"tags":[23,28,29,32,33,22,30,31,35,39,38,36,37,34,40,20,26,27,24,25,21],"class_list":{"0":"post-91910","1":"post","2":"type-post","3":"status-publish","4":"format-standard","5":"has-post-thumbnail","7":"category-latvija","8":"tag-aktualitates","9":"tag-breaking-news","10":"tag-breakingnews","11":"tag-featured-news","12":"tag-featurednews","13":"tag-headlines","14":"tag-latest-news","15":"tag-latestnews","16":"tag-latvia","17":"tag-latvian","18":"tag-latviesu","19":"tag-latviesu-valoda","20":"tag-latviesuvaloda","21":"tag-latvija","22":"tag-lv","23":"tag-news","24":"tag-popularakas-zinas","25":"tag-popularakaszinas","26":"tag-top-stories","27":"tag-topstories","28":"tag-zinas"},"share_on_mastodon":{"url":"https:\/\/pubeurope.com\/@lv\/115820998386233068","error":""},"_links":{"self":[{"href":"https:\/\/www.europesays.com\/lv\/wp-json\/wp\/v2\/posts\/91910","targetHints":{"allow":["GET"]}}],"collection":[{"href":"https:\/\/www.europesays.com\/lv\/wp-json\/wp\/v2\/posts"}],"about":[{"href":"https:\/\/www.europesays.com\/lv\/wp-json\/wp\/v2\/types\/post"}],"author":[{"embeddable":true,"href":"https:\/\/www.europesays.com\/lv\/wp-json\/wp\/v2\/users\/2"}],"replies":[{"embeddable":true,"href":"https:\/\/www.europesays.com\/lv\/wp-json\/wp\/v2\/comments?post=91910"}],"version-history":[{"count":0,"href":"https:\/\/www.europesays.com\/lv\/wp-json\/wp\/v2\/posts\/91910\/revisions"}],"wp:featuredmedia":[{"embeddable":true,"href":"https:\/\/www.europesays.com\/lv\/wp-json\/wp\/v2\/media\/91911"}],"wp:attachment":[{"href":"https:\/\/www.europesays.com\/lv\/wp-json\/wp\/v2\/media?parent=91910"}],"wp:term":[{"taxonomy":"category","embeddable":true,"href":"https:\/\/www.europesays.com\/lv\/wp-json\/wp\/v2\/categories?post=91910"},{"taxonomy":"post_tag","embeddable":true,"href":"https:\/\/www.europesays.com\/lv\/wp-json\/wp\/v2\/tags?post=91910"}],"curies":[{"name":"wp","href":"https:\/\/api.w.org\/{rel}","templated":true}]}}