{"id":91918,"date":"2026-01-01T17:28:06","date_gmt":"2026-01-01T17:28:06","guid":{"rendered":"https:\/\/www.europesays.com\/lv\/91918\/"},"modified":"2026-01-01T17:28:06","modified_gmt":"2026-01-01T17:28:06","slug":"2-janvari-sabiedriskais-transports-kurses-pec-brivdienu-grafika","status":"publish","type":"post","link":"https:\/\/www.europesays.com\/lv\/91918\/","title":{"rendered":"2. janv\u0101r\u012b sabiedriskais transports kurs\u0113s p\u0113c br\u012bvdienu grafika"},"content":{"rendered":"<p class=\"descr\">R\u012bt, 2. janv\u0101r\u012b, sabiedriskais transports kurs\u0113s p\u0113c br\u012bvdienu grafika, savuk\u0101rt sestdien\u0101 17. janv\u0101r\u012b \u2013 p\u0113c darba dienu grafika.<\/p>\n<p>Sestdiena, 17. janv\u0101ris, ir p\u0101rcelt\u0101 darba diena, jo piektdiena, 2. janv\u0101ris, noteikta k\u0101 br\u012bvdiena. T\u0101p\u0113c 2. janv\u0101r\u012b sabiedriskais transports kurs\u0113s k\u0101 br\u012bvdien\u0101s, bet 17. janv\u0101r\u012b sabiedriskais transports kurs\u0113s p\u0113c darba dienu grafikiem. Izmai\u0146as ar\u012b \u201c<a href=\"https:\/\/nra.lv\/birka\/rigas-satiksme\/\" rel=\"nofollow noopener\" target=\"_blank\">R\u012bgas satiksmes<\/a>\u201d klientu centru darba laik\u0101, autost\u0101vvietas abas dienas darbosies k\u0101 ierasts sestdien\u0101s.<\/p>\n<p> Sabiedriskais transports <\/p>\n<ul>\n<li>2. janv\u0101ris ir br\u012bvdiena un sabiedriskais transports kurs\u0113s p\u0113c br\u012bvdienu grafika;<\/li>\n<li>17. janv\u0101ris ir p\u0101rcelt\u0101 darba diena, sabiedriskais transports kurs\u0113s p\u0113c darba dienu grafika.<\/li>\n<\/ul>\n<p> Autost\u0101vvietas <\/p>\n<p>R\u012bgas pa\u0161vald\u012bbas maksas autost\u0101vvietas, kuras apsaimnieko \u201cR\u012bgas satiksme\u201d, gan 2. janv\u0101r\u012b, gan 17. janv\u0101r\u012b darbosies k\u0101 sestdien\u0101s.<\/p>\n<ul>\n<li>A, B, C un D tarifu zon\u0101s par autost\u0101vvietu j\u0101maks\u0101 no plkst. 9.00 l\u012bdz 17.00.<\/li>\n<li>R tarifu zon\u0101 maksa tiek piem\u0113rota no plkst. 6.00 l\u012bdz 24.00.<\/li>\n<\/ul>\n<p>Iz\u0146\u0113mums ir apak\u0161zemes st\u0101vvieta K. Valdem\u0101ra iel\u0101 5A &#8211; tur par automa\u0161\u012bnas novieto\u0161anu j\u0101maks\u0101 atbilsto\u0161i sp\u0113k\u0101 eso\u0161ajiem tarifiem.<\/p>\n<p> Klientu centri <\/p>\n<p>2. janv\u0101r\u012b b\u016bs atv\u0113rts klientu centrs tirdzniec\u012bbas centra &#8220;Origo&#8221; 2. st\u0101v\u0101 un t\u0101 darba laiks b\u016bs no plkst.10.00 l\u012bdz 18.00, savuk\u0101rt Klientu centrs iepirk\u0161an\u0101s centr\u0101 &#8220;Akropole Alfa&#8221; str\u0101d\u0101s no plkst. 10.00 l\u012bdz 21.00. P\u0101r\u0113jie klientu centri 2. janv\u0101r\u012b b\u016bs sl\u0113gti.<\/p>\n","protected":false},"excerpt":{"rendered":"R\u012bt, 2. janv\u0101r\u012b, sabiedriskais transports kurs\u0113s p\u0113c br\u012bvdienu grafika, savuk\u0101rt sestdien\u0101 17. janv\u0101r\u012b \u2013 p\u0113c darba dienu grafika.&hellip;\n","protected":false},"author":2,"featured_media":91919,"comment_status":"","ping_status":"","sticky":false,"template":"","format":"standard","meta":{"footnotes":""},"categories":[5],"tags":[23,28,29,32,33,22,30,31,35,39,38,36,37,34,40,20,26,27,24,25,21],"class_list":{"0":"post-91918","1":"post","2":"type-post","3":"status-publish","4":"format-standard","5":"has-post-thumbnail","7":"category-aktualitates","8":"tag-aktualitates","9":"tag-breaking-news","10":"tag-breakingnews","11":"tag-featured-news","12":"tag-featurednews","13":"tag-headlines","14":"tag-latest-news","15":"tag-latestnews","16":"tag-latvia","17":"tag-latvian","18":"tag-latviesu","19":"tag-latviesu-valoda","20":"tag-latviesuvaloda","21":"tag-latvija","22":"tag-lv","23":"tag-news","24":"tag-popularakas-zinas","25":"tag-popularakaszinas","26":"tag-top-stories","27":"tag-topstories","28":"tag-zinas"},"share_on_mastodon":{"url":"https:\/\/pubeurope.com\/@lv\/115821025888192332","error":""},"_links":{"self":[{"href":"https:\/\/www.europesays.com\/lv\/wp-json\/wp\/v2\/posts\/91918","targetHints":{"allow":["GET"]}}],"collection":[{"href":"https:\/\/www.europesays.com\/lv\/wp-json\/wp\/v2\/posts"}],"about":[{"href":"https:\/\/www.europesays.com\/lv\/wp-json\/wp\/v2\/types\/post"}],"author":[{"embeddable":true,"href":"https:\/\/www.europesays.com\/lv\/wp-json\/wp\/v2\/users\/2"}],"replies":[{"embeddable":true,"href":"https:\/\/www.europesays.com\/lv\/wp-json\/wp\/v2\/comments?post=91918"}],"version-history":[{"count":0,"href":"https:\/\/www.europesays.com\/lv\/wp-json\/wp\/v2\/posts\/91918\/revisions"}],"wp:featuredmedia":[{"embeddable":true,"href":"https:\/\/www.europesays.com\/lv\/wp-json\/wp\/v2\/media\/91919"}],"wp:attachment":[{"href":"https:\/\/www.europesays.com\/lv\/wp-json\/wp\/v2\/media?parent=91918"}],"wp:term":[{"taxonomy":"category","embeddable":true,"href":"https:\/\/www.europesays.com\/lv\/wp-json\/wp\/v2\/categories?post=91918"},{"taxonomy":"post_tag","embeddable":true,"href":"https:\/\/www.europesays.com\/lv\/wp-json\/wp\/v2\/tags?post=91918"}],"curies":[{"name":"wp","href":"https:\/\/api.w.org\/{rel}","templated":true}]}}