{"id":91923,"date":"2026-01-01T17:34:11","date_gmt":"2026-01-01T17:34:11","guid":{"rendered":"https:\/\/www.europesays.com\/lv\/91923\/"},"modified":"2026-01-01T17:34:11","modified_gmt":"2026-01-01T17:34:11","slug":"ukrainai-piegadatas-vel-divas-asv-rakesu-sistemas-patriot-lente-lv","status":"publish","type":"post","link":"https:\/\/www.europesays.com\/lv\/91923\/","title":{"rendered":"Ukrainai pieg\u0101d\u0101tas v\u0113l divas ASV ra\u0137e\u0161u sist\u0113mas Patriot\u00a0\u2014\u00a0Lente.lv"},"content":{"rendered":"<p>Jaunas pretgaisa aizsardz\u012bbas sist\u0113mas<\/p>\n<p>Ukraina ir sa\u0146\u0113musi v\u0113l divas Rietumu pretgaisa aizsardz\u012bbas (GPL) sist\u0113mas Patriot. Par to pazi\u0146ojis Ukrainas Aizsardz\u012bbas ministrija, nor\u0101dot uz b\u016btisku valsts aizsardz\u012bbas sp\u0113ju stiprin\u0101\u0161anu.<\/p>\n<p>Diplom\u0101tisk\u0101s vieno\u0161an\u0101s rezult\u0101ts<\/p>\n<p>\u0160\u012b pieg\u0101de ir \u012bstenota, pateicoties nesenaj\u0101m vieno\u0161an\u0101m ar V\u0101cijas vald\u012bbu, k\u0101 iepriek\u0161 inform\u0113jis Ukrainas aizsardz\u012bbas ministrs Deniss \u0160miha\u013cs. Sadarb\u012bba ar sabiedrotajiem turpina nodro\u0161in\u0101t Ukrainu ar nepiecie\u0161amo milit\u0101ro apr\u012bkojumu.<\/p>\n<p>V\u0101cijas atbalsts turpin\u0101s<\/p>\n<p>Pirms tam V\u0101cijas aizsardz\u012bbas ministrs Boriss Pistoriuss bija pav\u0113st\u012bjis, ka V\u0101cija jau ir pieg\u0101d\u0101jusi Ukrainas Bru\u0146otajiem sp\u0113kiem divas Patriot sist\u0113mas, k\u0101 ar\u012b dev\u012bto pretgaisa sist\u0113mu Iris-T. Pl\u0101nots, ka jaunaj\u0101 gad\u0101 V\u0101cija ar\u012b nodos Ukrainai &#8220;iev\u0113rojamu daudzumu&#8221; ra\u0137e\u0161u AIM-9 Sidewinder no saviem kr\u0101jumiem.<\/p>\n","protected":false},"excerpt":{"rendered":"Jaunas pretgaisa aizsardz\u012bbas sist\u0113mas Ukraina ir sa\u0146\u0113musi v\u0113l divas Rietumu pretgaisa aizsardz\u012bbas (GPL) sist\u0113mas Patriot. Par to pazi\u0146ojis&hellip;\n","protected":false},"author":2,"featured_media":91924,"comment_status":"","ping_status":"","sticky":false,"template":"","format":"standard","meta":{"footnotes":""},"categories":[5],"tags":[23,28,29,32,33,22,23102,30,31,35,39,38,36,37,34,40,20,23100,26,27,9422,24,25,7536,23101,21],"class_list":{"0":"post-91923","1":"post","2":"type-post","3":"status-publish","4":"format-standard","5":"has-post-thumbnail","7":"category-aktualitates","8":"tag-aktualitates","9":"tag-breaking-news","10":"tag-breakingnews","11":"tag-featured-news","12":"tag-featurednews","13":"tag-headlines","14":"tag-ierocu-piegade","15":"tag-latest-news","16":"tag-latestnews","17":"tag-latvia","18":"tag-latvian","19":"tag-latviesu","20":"tag-latviesu-valoda","21":"tag-latviesuvaloda","22":"tag-latvija","23":"tag-lv","24":"tag-news","25":"tag-patriot-sistemas","26":"tag-popularakas-zinas","27":"tag-popularakaszinas","28":"tag-pretgaisa-aizsardziba","29":"tag-top-stories","30":"tag-topstories","31":"tag-ukrainas-aizsardziba","32":"tag-vacijas-militara-palidziba","33":"tag-zinas"},"share_on_mastodon":{"url":"https:\/\/pubeurope.com\/@lv\/115821049621860468","error":""},"_links":{"self":[{"href":"https:\/\/www.europesays.com\/lv\/wp-json\/wp\/v2\/posts\/91923","targetHints":{"allow":["GET"]}}],"collection":[{"href":"https:\/\/www.europesays.com\/lv\/wp-json\/wp\/v2\/posts"}],"about":[{"href":"https:\/\/www.europesays.com\/lv\/wp-json\/wp\/v2\/types\/post"}],"author":[{"embeddable":true,"href":"https:\/\/www.europesays.com\/lv\/wp-json\/wp\/v2\/users\/2"}],"replies":[{"embeddable":true,"href":"https:\/\/www.europesays.com\/lv\/wp-json\/wp\/v2\/comments?post=91923"}],"version-history":[{"count":0,"href":"https:\/\/www.europesays.com\/lv\/wp-json\/wp\/v2\/posts\/91923\/revisions"}],"wp:featuredmedia":[{"embeddable":true,"href":"https:\/\/www.europesays.com\/lv\/wp-json\/wp\/v2\/media\/91924"}],"wp:attachment":[{"href":"https:\/\/www.europesays.com\/lv\/wp-json\/wp\/v2\/media?parent=91923"}],"wp:term":[{"taxonomy":"category","embeddable":true,"href":"https:\/\/www.europesays.com\/lv\/wp-json\/wp\/v2\/categories?post=91923"},{"taxonomy":"post_tag","embeddable":true,"href":"https:\/\/www.europesays.com\/lv\/wp-json\/wp\/v2\/tags?post=91923"}],"curies":[{"name":"wp","href":"https:\/\/api.w.org\/{rel}","templated":true}]}}