{"id":91928,"date":"2026-01-01T17:56:05","date_gmt":"2026-01-01T17:56:05","guid":{"rendered":"https:\/\/www.europesays.com\/lv\/91928\/"},"modified":"2026-01-01T17:56:05","modified_gmt":"2026-01-01T17:56:05","slug":"vacija-jaungada-svinibas-parvertas-haosa-berline-aiztureti-vairak-neka-400-cilveki-desmitiem-ievainoto-tai-skaita-septingadigs-zens-jauns-lv","status":"publish","type":"post","link":"https:\/\/www.europesays.com\/lv\/91928\/","title":{"rendered":"V\u0101cij\u0101 Jaungada svin\u012bbas p\u0101rv\u0113rt\u0101s haos\u0101: Berl\u012bn\u0113 aiztur\u0113ti vair\u0101k nek\u0101 400 cilv\u0113ki, desmitiem ievainoto, tai skait\u0101 septi\u0146gad\u012bgs z\u0113ns &#8211; Jauns.lv"},"content":{"rendered":"<ol>\n<li><a href=\"https:\/\/news.google.com\/rss\/articles\/CBMi_wFBVV95cUxNLWxyZFozQ0NBa3pKMW55LVg4a3BzZFVOS2MyUXpjMFE0NzZfem0tcWllNWNZVWNxTjEzR2lUNWt1OGhubVc2QXhXaHRuN3AzYmd5Y29haC1XQ1IzR19sZWVOWXhIMVhmbWkyVWpuazFQMFJyZEdobWpqcEdzRU8zWUJEZW1pRU5GOHpvNTgwU0pVbF8wTFZLaUFQaEw5cUV5bjFKaXM3d201NWRKVHNBWFBnNjRNLTdyN0l4Q3F3OW9yMUZFVF9seExJQno1d282NFVWRXEwNTZRdGU4Z2NnVmY0akJCYU1mUDl6Nk1QVUdkMDdfVS1heGQ3WWVDU0k?oc=5\" target=\"_blank\" rel=\"nofollow noopener\">V\u0101cij\u0101 Jaungada svin\u012bbas p\u0101rv\u0113rt\u0101s haos\u0101: Berl\u012bn\u0113 aiztur\u0113ti vair\u0101k nek\u0101 400 cilv\u0113ki, desmitiem ievainoto, tai skait\u0101 septi\u0146gad\u012bgs z\u0113ns<\/a>&nbsp;&nbsp;Jauns.lv<\/li>\n<li><a href=\"https:\/\/news.google.com\/rss\/articles\/CBMi1gFBVV95cUxNWGdGYUFmeDV1TXdxLUV6QkdJUE5xTXFveUg2X0VJNUttbWVYWmNUeFoxeV94dEg1TGlfd0VDaUFXV2FOcnZ2SF9pbmQ5cDdkVEdYYUZVOUVRbnF1eFR4WkFhYjFwQzhxblVBR2tBamtMYklOaXl6NW1oOTdkUzBvOF9fNy1uend2ekl0THlveGhZS0hKaWJmWUtnR1pkb1NFd3cwdzlQSjR3bl9sam9jSWtmNEtsX241RVBYUjdLQmxDeThwc2I2UE9nUXFnNVNOTFdKV0hB?oc=5\" target=\"_blank\" rel=\"nofollow noopener\">Berl\u012bn\u0113 gadumija l\u012bdzin\u0101s kara zonai: V\u0101cijas \u0100rstu asoci\u0101cija aicina aizliegt priv\u0101to ugu\u0146o\u0161anu<\/a>&nbsp;&nbsp;Jauns.lv<\/li>\n<li><a href=\"https:\/\/news.google.com\/rss\/articles\/CBMizgFBVV95cUxONjUzNU55RXg2NFJ6TU0xVHR1NElOS3BMM3NCUzIzTGFseWtrNHlWU2YzTl9NOHBZS0NzeEhxVlNjSzB2ckpJV2tacUpDRUxZY2NIOHJ3WGRORWxxUGFkZF9mRmNJeXpFN2RVYW1PQnhMVEZreEZ5TVJpS0RoSFhuWkpBbWowVFB0eGNWeXVPYWJKUjJnU2xFLWJRWkMxUnZab1hLcUZ1NWZOanVlNEpRSk9FNTlDWmY3eHl2ZElxSVlwd0hxUUZLWUtnWVVtUQ?oc=5\" target=\"_blank\" rel=\"nofollow noopener\">V\u0101cij\u0101 uzvirmo diskusijas par ugu\u0146o\u0161anas nepiecie\u0161am\u012bbu Jaungada svin\u012bb\u0101s \/ Raksts<\/a>&nbsp;&nbsp;LSM<\/li>\n<li><a href=\"https:\/\/news.google.com\/rss\/articles\/CBMimgFBVV95cUxNUVVQNWxzeVNiWGQ2amxWQk5JWktxb3ZHUUlrY1lQVVpmdW1qLTVYcDRjeFdkRm1NSmM4b284dFBJZWc3LVdEZXBlQXdSVTdURnE1WGk5NzE0RDROOU5wWVhCcUFweGpQaTlDdEZFd2I4bWVSS0NOR1diS3pKYU9yZjFnU0hHaVRqcDRjQnJEZmJtcFR0Q0FZUHRB?oc=5\" target=\"_blank\" rel=\"nofollow noopener\">V\u0101cij\u0101 Vecgada vakar\u0101 desmitiem ievainoto ugu\u0146o\u0161anas d\u0113\u013c<\/a>&nbsp;&nbsp;NRA<\/li>\n<li><a href=\"https:\/\/news.google.com\/rss\/articles\/CBMiswFBVV95cUxQYmd0RDNUSFV0STBCSnhRQTQ4WXdDVVNMQ0YxV0VMdV9ZVGZLRktrajV2SnY4UUdpdDZwaUctdHpQUlZKbDllWXAyQ0lhMDJkZ1hFbE42Si1aWXE0bjlHQzVmVlZnaV9tR0VpdDBwZ3RzLWVkYzdkdnhXMEIzYjJmdzNURkthWm5ocVVjQ0k2X0dkZGhveXYxQWs1VkVZSzZ1clVpcEtJd0xxS0Q4WnU3NXBkQQ?oc=5\" target=\"_blank\" rel=\"nofollow noopener\">V\u0101cij\u0101 s\u0101kas pirotehnikas tirdzniec\u012bba Jaungada ugu\u0146o\u0161anai<\/a>&nbsp;&nbsp;liepajniekiem.lv<\/li>\n<\/ol>\n","protected":false},"excerpt":{"rendered":"V\u0101cij\u0101 Jaungada svin\u012bbas p\u0101rv\u0113rt\u0101s haos\u0101: Berl\u012bn\u0113 aiztur\u0113ti vair\u0101k nek\u0101 400 cilv\u0113ki, desmitiem ievainoto, tai skait\u0101 septi\u0146gad\u012bgs z\u0113ns&nbsp;&nbsp;Jauns.lv Berl\u012bn\u0113&hellip;\n","protected":false},"author":2,"featured_media":80292,"comment_status":"","ping_status":"","sticky":false,"template":"","format":"standard","meta":{"footnotes":""},"categories":[14],"tags":[23,57,28,29,32,33,22,30,31,35,39,38,36,37,34,40,20,26,27,24,25,54,55,56,21,58],"class_list":{"0":"post-91928","1":"post","2":"type-post","3":"status-publish","4":"format-standard","5":"has-post-thumbnail","7":"category-zinas-no-arvalstim","8":"tag-aktualitates","9":"tag-arvalstim","10":"tag-breaking-news","11":"tag-breakingnews","12":"tag-featured-news","13":"tag-featurednews","14":"tag-headlines","15":"tag-latest-news","16":"tag-latestnews","17":"tag-latvia","18":"tag-latvian","19":"tag-latviesu","20":"tag-latviesu-valoda","21":"tag-latviesuvaloda","22":"tag-latvija","23":"tag-lv","24":"tag-news","25":"tag-popularakas-zinas","26":"tag-popularakaszinas","27":"tag-top-stories","28":"tag-topstories","29":"tag-world","30":"tag-world-news","31":"tag-worldnews","32":"tag-zinas","33":"tag-zinas-no-arvalstim"},"share_on_mastodon":{"url":"https:\/\/pubeurope.com\/@lv\/115821135987804431","error":""},"_links":{"self":[{"href":"https:\/\/www.europesays.com\/lv\/wp-json\/wp\/v2\/posts\/91928","targetHints":{"allow":["GET"]}}],"collection":[{"href":"https:\/\/www.europesays.com\/lv\/wp-json\/wp\/v2\/posts"}],"about":[{"href":"https:\/\/www.europesays.com\/lv\/wp-json\/wp\/v2\/types\/post"}],"author":[{"embeddable":true,"href":"https:\/\/www.europesays.com\/lv\/wp-json\/wp\/v2\/users\/2"}],"replies":[{"embeddable":true,"href":"https:\/\/www.europesays.com\/lv\/wp-json\/wp\/v2\/comments?post=91928"}],"version-history":[{"count":0,"href":"https:\/\/www.europesays.com\/lv\/wp-json\/wp\/v2\/posts\/91928\/revisions"}],"wp:featuredmedia":[{"embeddable":true,"href":"https:\/\/www.europesays.com\/lv\/wp-json\/wp\/v2\/media\/80292"}],"wp:attachment":[{"href":"https:\/\/www.europesays.com\/lv\/wp-json\/wp\/v2\/media?parent=91928"}],"wp:term":[{"taxonomy":"category","embeddable":true,"href":"https:\/\/www.europesays.com\/lv\/wp-json\/wp\/v2\/categories?post=91928"},{"taxonomy":"post_tag","embeddable":true,"href":"https:\/\/www.europesays.com\/lv\/wp-json\/wp\/v2\/tags?post=91928"}],"curies":[{"name":"wp","href":"https:\/\/api.w.org\/{rel}","templated":true}]}}