{"id":91931,"date":"2026-01-01T18:00:03","date_gmt":"2026-01-01T18:00:03","guid":{"rendered":"https:\/\/www.europesays.com\/lv\/91931\/"},"modified":"2026-01-01T18:00:03","modified_gmt":"2026-01-01T18:00:03","slug":"chelsea-jauno-gadu-sak-ar-skirsanos-no-galvena-trenera","status":"publish","type":"post","link":"https:\/\/www.europesays.com\/lv\/91931\/","title":{"rendered":"&#8220;Chelsea&#8221; jauno gadu s\u0101k ar \u0161\u0137ir\u0161anos no galven\u0101 trenera"},"content":{"rendered":"<p>It\u0101\u013cu treneris Mareska pie Londonas komandas st\u016bres st\u0101j\u0101s p\u0113rn vasar\u0101. Vi\u0146a vad\u012bb\u0101 &#8220;Chelsea&#8221; premjerl\u012bg\u0101 izc\u012bn\u012bja ceturto vietu, uzvar\u0113ja UEFA Konferences l\u012bg\u0101 un Klubu Pasaules kaus\u0101.<\/p>\n<p>Premjerl\u012bg\u0101 &#8220;Chelsea&#8221; \u0161obr\u012bd ir piekt\u0101, bet UEFA \u010cempionu l\u012bgas pamatturn\u012br\u0101 ie\u0146em 13. poz\u012bciju. No p\u0113d\u0113j\u0101m septi\u0146\u0101m premjerl\u012bgas sp\u0113l\u0113m londonie\u0161i uzvar\u0113ju\u0161i tikai vien\u0101.<\/p>\n<p>Komandu piemekl\u0113ju\u0161as ne tikai sportisk\u0101s neveiksmes, bet ar\u012b tiek zi\u0146ots, ka Mareskam sare\u017e\u0123\u012bju\u0161\u0101s attiec\u012bbas ar kluba vad\u012bbu.<\/p>\n<p>Mareska savu profesion\u0101l\u0101 futbolista karjeru s\u0101ka Anglijas klub\u0101 Vestbromvi\u010das &#8220;Albion&#8221;, p\u0113c tam nok\u013c\u016bstot Tur\u012bnas &#8220;Juventus&#8221; sist\u0113m\u0101. Karjeras laik\u0101 vi\u0146\u0161 sp\u0113l\u0113ja ar\u012b Sp\u0101nij\u0101 un Grie\u0137ij\u0101.<\/p>\n<p>Trenera karjeru vi\u0146\u0161 2020. gad\u0101 s\u0101ka k\u0101 Anglijas premjerl\u012bgas kluba Man\u010destras &#8220;City&#8221; U-23 komandas treneris, 2021. gad\u0101 tren\u0113ja It\u0101lijas &#8220;Parma&#8221;, bet no 2023. gada &#8211; Lesteras &#8220;City&#8221;.<\/p>\n","protected":false},"excerpt":{"rendered":"It\u0101\u013cu treneris Mareska pie Londonas komandas st\u016bres st\u0101j\u0101s p\u0113rn vasar\u0101. Vi\u0146a vad\u012bb\u0101 &#8220;Chelsea&#8221; premjerl\u012bg\u0101 izc\u012bn\u012bja ceturto vietu, uzvar\u0113ja&hellip;\n","protected":false},"author":2,"featured_media":91932,"comment_status":"","ping_status":"","sticky":false,"template":"","format":"standard","meta":{"footnotes":""},"categories":[17],"tags":[2483,676,1375,35,39,38,36,37,34,40,67],"class_list":{"0":"post-91931","1":"post","2":"type-post","3":"status-publish","4":"format-standard","5":"has-post-thumbnail","7":"category-sports","8":"tag-chelsea","9":"tag-futbols","10":"tag-futbols-pasaule","11":"tag-latvia","12":"tag-latvian","13":"tag-latviesu","14":"tag-latviesu-valoda","15":"tag-latviesuvaloda","16":"tag-latvija","17":"tag-lv","18":"tag-sports"},"share_on_mastodon":{"url":"https:\/\/pubeurope.com\/@lv\/115821151705446082","error":""},"_links":{"self":[{"href":"https:\/\/www.europesays.com\/lv\/wp-json\/wp\/v2\/posts\/91931","targetHints":{"allow":["GET"]}}],"collection":[{"href":"https:\/\/www.europesays.com\/lv\/wp-json\/wp\/v2\/posts"}],"about":[{"href":"https:\/\/www.europesays.com\/lv\/wp-json\/wp\/v2\/types\/post"}],"author":[{"embeddable":true,"href":"https:\/\/www.europesays.com\/lv\/wp-json\/wp\/v2\/users\/2"}],"replies":[{"embeddable":true,"href":"https:\/\/www.europesays.com\/lv\/wp-json\/wp\/v2\/comments?post=91931"}],"version-history":[{"count":0,"href":"https:\/\/www.europesays.com\/lv\/wp-json\/wp\/v2\/posts\/91931\/revisions"}],"wp:featuredmedia":[{"embeddable":true,"href":"https:\/\/www.europesays.com\/lv\/wp-json\/wp\/v2\/media\/91932"}],"wp:attachment":[{"href":"https:\/\/www.europesays.com\/lv\/wp-json\/wp\/v2\/media?parent=91931"}],"wp:term":[{"taxonomy":"category","embeddable":true,"href":"https:\/\/www.europesays.com\/lv\/wp-json\/wp\/v2\/categories?post=91931"},{"taxonomy":"post_tag","embeddable":true,"href":"https:\/\/www.europesays.com\/lv\/wp-json\/wp\/v2\/tags?post=91931"}],"curies":[{"name":"wp","href":"https:\/\/api.w.org\/{rel}","templated":true}]}}