{"id":91936,"date":"2026-01-01T18:08:23","date_gmt":"2026-01-01T18:08:23","guid":{"rendered":"https:\/\/www.europesays.com\/lv\/91936\/"},"modified":"2026-01-01T18:08:23","modified_gmt":"2026-01-01T18:08:23","slug":"turcija-plasos-drosibas-reidos-aiztureti-desmitiem-dzihadistu-1188-lv","status":"publish","type":"post","link":"https:\/\/www.europesays.com\/lv\/91936\/","title":{"rendered":"Turcij\u0101 pla\u0161os dro\u0161\u012bbas reidos aiztur\u0113ti desmitiem d\u017eih\u0101distu &#8211; 1188.lv"},"content":{"rendered":"<ol>\n<li><a href=\"https:\/\/news.google.com\/rss\/articles\/CBMimAFBVV95cUxPUlFxXy0wOGZBbExBZnVBZDVVUnVUaURwWEprdFgwOUFvRjAyaUJGcUNoZVhzSHRHek1xaEc1THFIdkJfVkxKangwYllQZlhQUEVGa2JYc0hfNUtyVmdrYWFnMVMxTHV0NHJuTTNtSl9qdHM0N3NCRU5wdXVnX2NCajVrY0pUUnNaLUFiTjhwbXZjTnJfX3ZMdg?oc=5\" target=\"_blank\" rel=\"nofollow noopener\">Turcij\u0101 pla\u0161os dro\u0161\u012bbas reidos aiztur\u0113ti desmitiem d\u017eih\u0101distu<\/a>&nbsp;&nbsp;1188.lv<\/li>\n<li><a href=\"https:\/\/news.google.com\/rss\/articles\/CBMiowFBVV95cUxOT3JDZEF3SlRmRGFlNGM1SDZ6ZVA0TkhqYmpENWNzcE9hRExFMUZRMUJjT0VSZEp1YWhtejlfVklCQTJnczFTVGx1bzdvR0RmeU9tZTlQYUpmRmNleGJrXzE1MUt3MDVCdUltX202Z0ZybXQ0NXhHOHE1QlBad0U5Y1J4NEZrV2p3aWxjN1hlSUt0SVR0V3dSb29qVVFncGFHQVhN?oc=5\" target=\"_blank\" rel=\"nofollow noopener\">Turcij\u0101 v\u0113rien\u012bgos reidos aiztur\u0113ti 125 &#8220;Daesh&#8221; locek\u013ci<\/a>&nbsp;&nbsp;Delfi<\/li>\n<li><a href=\"https:\/\/news.google.com\/rss\/articles\/CBMi6AFBVV95cUxQbnFvZ1lkSU54cU5TbW1pYkh1Smo1Mlp0enV5RkZLTEJVVkE4MEVnRnZkZHlJaXB5a3RPNkNDQzZienhSYldTdDk3YjFqWWZ2UmZYTVdLZTFlV0NlaHgxR0VmR1YwR1FFVzA3dUJNTmI2Uzc2aEJTdGlPNUNXZ2lEUWVsT09ka25QaF9yQnVRT2ZoSEZFMmw2dmFyUVM1V1hnZXVMeERwc3hJR1I0U0tRUm9ib0NGVGtiZmtzMUwtSk04Wl9VV1VnWlRNSG44VzRfRDhmdmlEZ3I5OVB2Y1Q5dm9BZ1VtQUlu?oc=5\" target=\"_blank\" rel=\"nofollow noopener\">Turcij\u0101 sadursm\u0113 ar \u00abIsl\u0101ma valsts\u00bb kaujiniekiem nogalin\u0101ti 3 un ievainoti vismaz 8 k\u0101rt\u012bbsargi<\/a>&nbsp;&nbsp;LSM<\/li>\n<li><a href=\"https:\/\/news.google.com\/rss\/articles\/CBMihAFBVV95cUxPS0tTQUxFRkN2SFlheHk5WkU1TnRKQUQ2Um9NTGk4Tjk4c2VlRWxZZDJmd2t3NFpMVUxwUElYaldocHlkRGdTMlJxUXNJejFDb0UzTzJVTFRoMlFGUG9kUFR2REpJa21PcUpiVWlUWlE5aGM5dFdQZlEzSVB4QWRDa3JGMTg?oc=5\" target=\"_blank\" rel=\"nofollow noopener\">Turcijas policija reidos aiztur 357 personas<\/a>&nbsp;&nbsp;NRA<\/li>\n<li><a href=\"https:\/\/news.google.com\/rss\/articles\/CBMi0gFBVV95cUxOS1RhM0ktajdXUzdYSWJnNVFnUjVMODUzU2dsRS1IZ1loMjZQWU1kT0JWMG1WWDVVRzEzRW52VDNyUGtvUDA2ZGdla0luSmpSRElBTFViazQtUUJWSExxSkUxVTloNmZ0Z21HYms2MndDUzNnbXo2ZHk3aWRROElTakFza19VYkZCY0FqcGRyZWc4OVRQYzJJdU92a3JiNUI0SWhVR1hldlIxSUpiLWdvWENDTFZaQ2hPTWJYanN2NzRwa3JCZkdXSUYyb3Z3NHhTeUE?oc=5\" target=\"_blank\" rel=\"nofollow noopener\">Nov\u0113r\u0161 asi\u0146ainus teroraktus: Stambul\u0101 aiztur\u0113tas 115 personas par uzbrukumu pl\u0101no\u0161anu sv\u0113tku laik\u0101<\/a>&nbsp;&nbsp;Jauns.lv<\/li>\n<\/ol>\n","protected":false},"excerpt":{"rendered":"Turcij\u0101 pla\u0161os dro\u0161\u012bbas reidos aiztur\u0113ti desmitiem d\u017eih\u0101distu&nbsp;&nbsp;1188.lv Turcij\u0101 v\u0113rien\u012bgos reidos aiztur\u0113ti 125 &#8220;Daesh&#8221; locek\u013ci&nbsp;&nbsp;Delfi Turcij\u0101 sadursm\u0113 ar \u00abIsl\u0101ma&hellip;\n","protected":false},"author":2,"featured_media":91937,"comment_status":"","ping_status":"","sticky":false,"template":"","format":"standard","meta":{"footnotes":""},"categories":[14],"tags":[129,23103,22986,3204,23,57,28,29,32,33,22,30,31,35,39,38,36,37,34,40,20,26,27,23104,22987,3205,23105,22988,3206,24,25,54,55,56,21,58],"class_list":{"0":"post-91936","1":"post","2":"type-post","3":"status-publish","4":"format-standard","5":"has-post-thumbnail","7":"category-zinas-no-arvalstim","8":"tag-__typenameadvicekeyword","9":"tag-id1982","10":"tag-id1990","11":"tag-id812","12":"tag-aktualitates","13":"tag-arvalstim","14":"tag-breaking-news","15":"tag-breakingnews","16":"tag-featured-news","17":"tag-featurednews","18":"tag-headlines","19":"tag-latest-news","20":"tag-latestnews","21":"tag-latvia","22":"tag-latvian","23":"tag-latviesu","24":"tag-latviesu-valoda","25":"tag-latviesuvaloda","26":"tag-latvija","27":"tag-lv","28":"tag-news","29":"tag-popularakas-zinas","30":"tag-popularakaszinas","31":"tag-slugislama-valsts","32":"tag-slugjaunais-gads","33":"tag-slugturcija","34":"tag-titleislama-valsts","35":"tag-titlejaunais-gads","36":"tag-titleturcija","37":"tag-top-stories","38":"tag-topstories","39":"tag-world","40":"tag-world-news","41":"tag-worldnews","42":"tag-zinas","43":"tag-zinas-no-arvalstim"},"share_on_mastodon":{"url":"","error":"Validation failed: Text character limit of 500 exceeded"},"_links":{"self":[{"href":"https:\/\/www.europesays.com\/lv\/wp-json\/wp\/v2\/posts\/91936","targetHints":{"allow":["GET"]}}],"collection":[{"href":"https:\/\/www.europesays.com\/lv\/wp-json\/wp\/v2\/posts"}],"about":[{"href":"https:\/\/www.europesays.com\/lv\/wp-json\/wp\/v2\/types\/post"}],"author":[{"embeddable":true,"href":"https:\/\/www.europesays.com\/lv\/wp-json\/wp\/v2\/users\/2"}],"replies":[{"embeddable":true,"href":"https:\/\/www.europesays.com\/lv\/wp-json\/wp\/v2\/comments?post=91936"}],"version-history":[{"count":0,"href":"https:\/\/www.europesays.com\/lv\/wp-json\/wp\/v2\/posts\/91936\/revisions"}],"wp:featuredmedia":[{"embeddable":true,"href":"https:\/\/www.europesays.com\/lv\/wp-json\/wp\/v2\/media\/91937"}],"wp:attachment":[{"href":"https:\/\/www.europesays.com\/lv\/wp-json\/wp\/v2\/media?parent=91936"}],"wp:term":[{"taxonomy":"category","embeddable":true,"href":"https:\/\/www.europesays.com\/lv\/wp-json\/wp\/v2\/categories?post=91936"},{"taxonomy":"post_tag","embeddable":true,"href":"https:\/\/www.europesays.com\/lv\/wp-json\/wp\/v2\/tags?post=91936"}],"curies":[{"name":"wp","href":"https:\/\/api.w.org\/{rel}","templated":true}]}}