{"id":91940,"date":"2026-01-01T18:16:21","date_gmt":"2026-01-01T18:16:21","guid":{"rendered":"https:\/\/www.europesays.com\/lv\/91940\/"},"modified":"2026-01-01T18:16:21","modified_gmt":"2026-01-01T18:16:21","slug":"par-2026-gada-putnu-izzino-mazako-no-latvijas-pucem-apodzinu","status":"publish","type":"post","link":"https:\/\/www.europesays.com\/lv\/91940\/","title":{"rendered":"Par 2026. gada putnu izzi\u0146o maz\u0101ko no Latvijas p\u016bc\u0113m \u2013 apodzi\u0146u"},"content":{"rendered":"<p>LOB valdes priek\u0161s\u0113d\u0113t\u0101js Viesturs \u0136erus st\u0101sta, ka apodzi\u0146\u0161 ir non\u0101cis neapskau\u017eam\u0101 situ\u0101cij\u0101 \u2013 ilgtermi\u0146\u0101 to, k\u0101 daudzas zieme\u013cu sugas, var\u0113tu apdraud\u0113t klimata p\u0101rmai\u0146as, ta\u010du \u0161obr\u012bd galvenais drauds t\u0101 popul\u0101cijai ir dz\u012bvot\u0146u zudums un degrad\u0101cija, piem\u0113ram, vecu me\u017eu izcir\u0161ana, kas, vi\u0146apr\u0101t, reiz\u0113m tiek nepamatoti attaisnota ar centieniem klimata p\u0101rmai\u0146as mazin\u0101t.<\/p>\n<p>Apodzi\u0146\u0161, kura \u0137erme\u0146a garums ir 16 l\u012bdz 17 centimetri un sp\u0101rnu izpletums ap 35 centimetriem, apdz\u012bvo jauktus un skujkoku me\u017eus. Noz\u012bm\u012bg\u0101k\u0101 koku suga tam ir egle, kas veido \u0113nainas me\u017eaudzes ar piem\u0113rot\u0101m sl\u0113ptuv\u0113m un nodro\u0161ina baro\u0161an\u0101s iesp\u0113jas. Savuk\u0101rt apodzi\u0146a ligzdas Latvij\u0101 visbie\u017e\u0101k atrastas ap\u0161u dobumos. Apodzi\u0146am piem\u0113rot\u0101kie ir veci vienlaidus me\u017ei. Turkl\u0101t \u0161\u012b suga ir jut\u012bga pret trauc\u0113jumu ligzdo\u0161anas laik\u0101, skaidro biedr\u012bb\u0101.<\/p>\n<p>Apodzi\u0146u aizsardz\u012bbai Latvij\u0101 ir a\u013cauts veidot mikroliegumus, ta\u010du liel\u0101k\u0101 da\u013ca apodzi\u0146u dz\u012bvot\u0146u \u0161obr\u012bd nav pien\u0101c\u012bgi aizsarg\u0101ta, uzsver LOB.<\/p>\n<p>Biedr\u012bb\u0101 ar\u012b uzskata, ka maksim\u0101l\u0101 pie\u013caujam\u0101 mikrolieguma plat\u012bba \u2013 desmit hekt\u0101ru \u2013 nav pietiekama, lai nodro\u0161in\u0101tu pat viena apodzi\u0146u p\u0101ra ligzdo\u0161anas teritorijas aizsardz\u012bbu. Tom\u0113r pat \u0161\u0101di \u2013 nelieli \u2013 mikroliegumi ir \u013coti b\u016btiski, lai nodro\u0161in\u0101tu vecu me\u017eu pieejam\u012bbu.<\/p>\n<p>\u0145emot v\u0113r\u0101 apodzi\u0146a pras\u012bbas p\u0113c dz\u012bvotnes un v\u0101jo dz\u012bvot\u0146u aizsardz\u012bbu, b\u016btisk\u0101kais drauds tam ir pa\u0161reiz\u0113j\u0101 me\u017esaimniec\u012bbas prakse \u2013 vecu me\u017eu izcir\u0161ana, me\u017eu sadrumstalo\u0161ana ar kailcirt\u0113m, me\u017eizstr\u0101des veik\u0161ana ligzdo\u0161anas laik\u0101, kas ne tikai rada trauc\u0113jumus, bet ar\u012b izn\u012bcina putnu ligzdas, akcent\u0113 LOB.<\/p>\n<p class=\"ad-desc ad-desc-main\">Saturs turpin\u0101s p\u0113c rekl\u0101mas<\/p>\n<p class=\"ad-desc ad-desc-sec\">Rekl\u0101ma<\/p>\n<p>T\u0101p\u0113c 2026. gad\u0101 biedr\u012bba uzman\u012bbu v\u0113r\u0161 uz apodzi\u0146a un citu ar veciem me\u017eiem saist\u012btu sugu aizsardz\u012bbu \u2013 gan iest\u0101joties par to, lai me\u017ea apsaimnieko\u0161anas likumi un noteikumi b\u016btu dabai labv\u0113l\u012bgi, gan rosinot konkr\u0113tu \u2013 dabai \u012bpa\u0161i svar\u012bgu \u2013 me\u017eu aizsardz\u012bbu.<\/p>\n<p>Apodzi\u0146\u0161 ir nometnieks, tom\u0113r \u0101rpus ligzdo\u0161anas sezonas tas var klejot \u0101rpus savas teritorijas un reiz\u0113m pat \u0101rpus me\u017ea. T\u0101 k\u0101 iecien\u012bts apodzi\u0146a med\u012bjums ir mazi putni, retumis var paveikties \u0161o p\u016bc\u012bti nov\u0113rot ar\u012b pie putnu barotavas. Ja izdodas apodzi\u0146u nov\u0113rot dab\u0101, LOB aicina re\u0123istr\u0113t \u0161o putna nov\u0113rojumu port\u0101l\u0101 \u201cDabasdati.lv\u201d.<\/p>\n<p>Dr\u012bzum\u0101 biedr\u012bba izzi\u0146os tematisku 2026. gada putna z\u012bm\u0113jumu konkursu.<\/p>\n<p>Gada putna akcija, ko 1996. gad\u0101 Latvij\u0101 aizs\u0101ka LOB, norisin\u0101s jau 31. reizi.<\/p>\n<p class=\"tv3-fw-500\">Zi\u0146o par k\u013c\u016bdu rakst\u0101<\/p>\n<p class=\"d-md-block d-none\">Iez\u012bm\u0113 k\u013c\u016bdaino tekstu un spied Ctrl+Enter.<\/p>\n<p class=\"d-md-none d-block\">Iez\u012bm\u0113 k\u013c\u016bdaino tekstu un zi\u0146o par to!<\/p>\n","protected":false},"excerpt":{"rendered":"LOB valdes priek\u0161s\u0113d\u0113t\u0101js Viesturs \u0136erus st\u0101sta, ka apodzi\u0146\u0161 ir non\u0101cis neapskau\u017eam\u0101 situ\u0101cij\u0101 \u2013 ilgtermi\u0146\u0101 to, k\u0101 daudzas zieme\u013cu&hellip;\n","protected":false},"author":2,"featured_media":91941,"comment_status":"","ping_status":"","sticky":false,"template":"","format":"standard","meta":{"footnotes":""},"categories":[5],"tags":[23,28,29,32,33,23106,22,30,31,35,39,38,36,37,34,40,20,26,27,24,25,21],"class_list":{"0":"post-91940","1":"post","2":"type-post","3":"status-publish","4":"format-standard","5":"has-post-thumbnail","7":"category-aktualitates","8":"tag-aktualitates","9":"tag-breaking-news","10":"tag-breakingnews","11":"tag-featured-news","12":"tag-featurednews","13":"tag-gada-putns","14":"tag-headlines","15":"tag-latest-news","16":"tag-latestnews","17":"tag-latvia","18":"tag-latvian","19":"tag-latviesu","20":"tag-latviesu-valoda","21":"tag-latviesuvaloda","22":"tag-latvija","23":"tag-lv","24":"tag-news","25":"tag-popularakas-zinas","26":"tag-popularakaszinas","27":"tag-top-stories","28":"tag-topstories","29":"tag-zinas"},"share_on_mastodon":{"url":"https:\/\/pubeurope.com\/@lv\/115821214614713324","error":""},"_links":{"self":[{"href":"https:\/\/www.europesays.com\/lv\/wp-json\/wp\/v2\/posts\/91940","targetHints":{"allow":["GET"]}}],"collection":[{"href":"https:\/\/www.europesays.com\/lv\/wp-json\/wp\/v2\/posts"}],"about":[{"href":"https:\/\/www.europesays.com\/lv\/wp-json\/wp\/v2\/types\/post"}],"author":[{"embeddable":true,"href":"https:\/\/www.europesays.com\/lv\/wp-json\/wp\/v2\/users\/2"}],"replies":[{"embeddable":true,"href":"https:\/\/www.europesays.com\/lv\/wp-json\/wp\/v2\/comments?post=91940"}],"version-history":[{"count":0,"href":"https:\/\/www.europesays.com\/lv\/wp-json\/wp\/v2\/posts\/91940\/revisions"}],"wp:featuredmedia":[{"embeddable":true,"href":"https:\/\/www.europesays.com\/lv\/wp-json\/wp\/v2\/media\/91941"}],"wp:attachment":[{"href":"https:\/\/www.europesays.com\/lv\/wp-json\/wp\/v2\/media?parent=91940"}],"wp:term":[{"taxonomy":"category","embeddable":true,"href":"https:\/\/www.europesays.com\/lv\/wp-json\/wp\/v2\/categories?post=91940"},{"taxonomy":"post_tag","embeddable":true,"href":"https:\/\/www.europesays.com\/lv\/wp-json\/wp\/v2\/tags?post=91940"}],"curies":[{"name":"wp","href":"https:\/\/api.w.org\/{rel}","templated":true}]}}