{"id":91944,"date":"2026-01-01T18:22:08","date_gmt":"2026-01-01T18:22:08","guid":{"rendered":"https:\/\/www.europesays.com\/lv\/91944\/"},"modified":"2026-01-01T18:22:08","modified_gmt":"2026-01-01T18:22:08","slug":"kulturdeva-raidieraksta-aktieris-un-rezisors-matiss-budovskis-raksts","status":"publish","type":"post","link":"https:\/\/www.europesays.com\/lv\/91944\/","title":{"rendered":"\u00abKult\u016brdeva\u00bb raidierakst\u0101. Aktieris un re\u017eisors Mat\u012bss Budovskis \/ Raksts"},"content":{"rendered":"<p>Raid\u012bjum\u0101 &#8220;Kult\u016brdeva&#8221; viesoj\u0101s aktieris un re\u017eisors Mat\u012bss Budovskis, kura re\u017eis\u0113t\u0101 izr\u0101de &#8220;Ods&#8221; skat\u0101ma Latvijas Nacion\u0101laj\u0101 te\u0101tr\u012b.<\/p>\n<p style=\"margin-left:0cm; margin-right:0cm\">Klausies sarunu ar izr\u0101des veidot\u0101ju par izr\u0101\u017eu tap\u0161anu, dramatur\u0123iju un n\u0101kotnes iecer\u0113m te\u0101tr\u012b.\u00a0<\/p>\n<p>\u00abKult\u016brdeva\u00bb. Aktieris un re\u017eisors Mat\u012bss Budovskis<\/p>\n<p style=\"margin-left:0cm; margin-right:0cm\">Skaties &#8220;Kult\u016brdevu&#8221;\u00a0sabiedrisk\u0101 medija atska\u0146ot\u0101j\u0101 <a href=\"https:\/\/replay.lsm.lv\/lv\/skaties\/ieraksts\/ltv\/368984\/kulturdeva-matiss-budovskis-un-tautas-muzikas-grupa-ogas\" style=\"color:#0563c1; text-decoration:underline\" target=\"_blank\" rel=\"nofollow noopener\">REplay.lv.<\/a><\/p>\n<p>                    Valodas k\u013c\u016bda rakst\u0101?<\/p>\n<p class=\"d-none d-md-block\">Iez\u012bm\u0113jiet tekstu un spiediet Ctrl+Enter, lai nos\u016bt\u012btu labojamo teksta fragmentu redaktoram! Par faktu k\u013c\u016bd\u0101m l\u016bdzam zi\u0146ot e-past\u0101 <a href=\"https:\/\/www.lsm.lv\/cdn-cgi\/l\/email-protection\" class=\"__cf_email__\" data-cfemail=\"9be9fefffaf0f8f2f1fadbf7e8f6b5f7ed\" rel=\"nofollow noopener\" target=\"_blank\">[email\u00a0protected]<\/a>.<\/p>\n<p class=\"d-md-none\">Iez\u012bm\u0113jiet tekstu un spiediet uz Zi\u0146ot par k\u013c\u016bdu pogas, lai nos\u016bt\u012btu labojamo teksta fragmentu redaktoram!<\/p>\n<p>\n                    Zi\u0146ot par k\u013c\u016bdu\n                <\/p>\n","protected":false},"excerpt":{"rendered":"Raid\u012bjum\u0101 &#8220;Kult\u016brdeva&#8221; viesoj\u0101s aktieris un re\u017eisors Mat\u012bss Budovskis, kura re\u017eis\u0113t\u0101 izr\u0101de &#8220;Ods&#8221; skat\u0101ma Latvijas Nacion\u0101laj\u0101 te\u0101tr\u012b. Klausies sarunu&hellip;\n","protected":false},"author":2,"featured_media":91945,"comment_status":"","ping_status":"","sticky":false,"template":"","format":"standard","meta":{"footnotes":""},"categories":[5],"tags":[23,28,29,32,33,22,30,31,35,39,38,36,37,34,40,20,26,27,24,25,21],"class_list":{"0":"post-91944","1":"post","2":"type-post","3":"status-publish","4":"format-standard","5":"has-post-thumbnail","7":"category-aktualitates","8":"tag-aktualitates","9":"tag-breaking-news","10":"tag-breakingnews","11":"tag-featured-news","12":"tag-featurednews","13":"tag-headlines","14":"tag-latest-news","15":"tag-latestnews","16":"tag-latvia","17":"tag-latvian","18":"tag-latviesu","19":"tag-latviesu-valoda","20":"tag-latviesuvaloda","21":"tag-latvija","22":"tag-lv","23":"tag-news","24":"tag-popularakas-zinas","25":"tag-popularakaszinas","26":"tag-top-stories","27":"tag-topstories","28":"tag-zinas"},"share_on_mastodon":{"url":"https:\/\/pubeurope.com\/@lv\/115821238258923823","error":""},"_links":{"self":[{"href":"https:\/\/www.europesays.com\/lv\/wp-json\/wp\/v2\/posts\/91944","targetHints":{"allow":["GET"]}}],"collection":[{"href":"https:\/\/www.europesays.com\/lv\/wp-json\/wp\/v2\/posts"}],"about":[{"href":"https:\/\/www.europesays.com\/lv\/wp-json\/wp\/v2\/types\/post"}],"author":[{"embeddable":true,"href":"https:\/\/www.europesays.com\/lv\/wp-json\/wp\/v2\/users\/2"}],"replies":[{"embeddable":true,"href":"https:\/\/www.europesays.com\/lv\/wp-json\/wp\/v2\/comments?post=91944"}],"version-history":[{"count":0,"href":"https:\/\/www.europesays.com\/lv\/wp-json\/wp\/v2\/posts\/91944\/revisions"}],"wp:featuredmedia":[{"embeddable":true,"href":"https:\/\/www.europesays.com\/lv\/wp-json\/wp\/v2\/media\/91945"}],"wp:attachment":[{"href":"https:\/\/www.europesays.com\/lv\/wp-json\/wp\/v2\/media?parent=91944"}],"wp:term":[{"taxonomy":"category","embeddable":true,"href":"https:\/\/www.europesays.com\/lv\/wp-json\/wp\/v2\/categories?post=91944"},{"taxonomy":"post_tag","embeddable":true,"href":"https:\/\/www.europesays.com\/lv\/wp-json\/wp\/v2\/tags?post=91944"}],"curies":[{"name":"wp","href":"https:\/\/api.w.org\/{rel}","templated":true}]}}