{"id":91950,"date":"2026-01-01T18:32:28","date_gmt":"2026-01-01T18:32:28","guid":{"rendered":"https:\/\/www.europesays.com\/lv\/91950\/"},"modified":"2026-01-01T18:32:28","modified_gmt":"2026-01-01T18:32:28","slug":"bulgarija-pusnakti-paries-uz-eiro-un-klus-par-21-eirozonas-dalibvalsti-1188-lv","status":"publish","type":"post","link":"https:\/\/www.europesays.com\/lv\/91950\/","title":{"rendered":"Bulg\u0101rija pusnakt\u012b p\u0101ries uz eiro un k\u013c\u016bs par 21. eirozonas dal\u012bbvalsti &#8211; 1188.lv"},"content":{"rendered":"<ol>\n<li><a href=\"https:\/\/news.google.com\/rss\/articles\/CBMipAFBVV95cUxNSFg3MVlCZlBZNE92dXRGZjR2c1dVTXZqbFFOVlhzajNrWHVkcXg4VnVKUk5VOC01YVFxSU1TT3M5ckV1Qmx2dVYyWWg5UFMyZW1uZjE3Wm5jNHYtLXRqblNSTjlCSjh4YlU1ckx3UXdIMGc1dlBqWHI0VjZpQjRLczJQVjV1NWI2MVVBRjBXTWljNEZzR3BVVWVTRGxDUi0wVmNxRg?oc=5\" target=\"_blank\" rel=\"nofollow noopener\">Bulg\u0101rija pusnakt\u012b p\u0101ries uz eiro un k\u013c\u016bs par 21. eirozonas dal\u012bbvalsti<\/a>&nbsp;&nbsp;1188.lv<\/li>\n<li><a href=\"https:\/\/news.google.com\/rss\/articles\/CBMiiwFBVV95cUxNSC1yemRlMVpQQ0loMkZnRldFWUQ3RVI1eTdRUk9jLVp5RHJsaFM5N0lickZsblk1aHdYWE1JeVdYVUIyaUNETnZfM29TLU1IZ1dFaVFrYjBGZklCcmNObElHV1EtdWFwUzJrNE1XaXVjcEctZWpIM3o3YTFiU1VKV0R1a2FmUnRLVW5B?oc=5\" target=\"_blank\" rel=\"nofollow noopener\">Bulg\u0101rija ievie\u0161 eiro<\/a>&nbsp;&nbsp;Delfi<\/li>\n<li><a href=\"https:\/\/news.google.com\/rss\/articles\/CBMimgFBVV95cUxNR0I2Vl95c1ZIeE44UU5ZcC10bFoxdzhmb1BZSU1qMFVTOExKVHQ0S0RuRzcyT2NlOFVrRXNoQWdUOEJXcXl5a2hEMWpFc1FseVlFMF9iYXdqazB5U0RfeTlCUTNPQk1kVW0yeGlBSmxZQVZTYzdyNVQ0Z3loN3pWMGdNb0dqVGQ3UVpGSWRJMHZnZER0SVlRc0xn?oc=5\" target=\"_blank\" rel=\"nofollow noopener\">Pusnakt\u012b eirozonai pievienosies v\u0113l k\u0101da Eiropas valsts<\/a>&nbsp;&nbsp;Jauns.lv<\/li>\n<li><a href=\"https:\/\/news.google.com\/rss\/articles\/CBMif0FVX3lxTFA1WVExWFFzNTdYaHh5TXNJeTNxSVdtanVqRXl0OTdNR19LMGx0MFZONkxpTEd6dVFlSmM2WE0wLWxOc3JWQ0I1ZVJrWVlJM3FfWFNqWW1kZDlfSFB3VXFNZTNLTVI5N3h4LWh6WGdTd0x4QlpMY1dFWGxjN3BtYjQ?oc=5\" target=\"_blank\" rel=\"nofollow noopener\">Bulg\u0101rija k\u013c\u016bst par eirozonas 21. dal\u012bbvalsti<\/a>&nbsp;&nbsp;Apollo.lv<\/li>\n<li><a href=\"https:\/\/news.google.com\/rss\/articles\/CBMiowFBVV95cUxONGh2bHVvd1EtQzh6NW1XZThzU2pLR0Rub1p3QWdicTRmcTNCMUt2alNFZkZOcnFvdG5XQ1FjaFFrZElNaGtaeVlXa2pLMjRwd1dzX181UmZ6S3JGZjJuN0xpZmsybnlkdUNob2pZTVNTcloyRU8tc185eUMwSnVWTG43OWF0clpGbjlVSXBzd1V2LXpSNlNkMzJqNDFxX3ZpZnlV?oc=5\" target=\"_blank\" rel=\"nofollow noopener\">Bulg\u0101rija Jaungada nakt\u012b p\u0101ries uz eiro \/ Raksts<\/a>&nbsp;&nbsp;LSM<\/li>\n<\/ol>\n","protected":false},"excerpt":{"rendered":"Bulg\u0101rija pusnakt\u012b p\u0101ries uz eiro un k\u013c\u016bs par 21. eirozonas dal\u012bbvalsti&nbsp;&nbsp;1188.lv Bulg\u0101rija ievie\u0161 eiro&nbsp;&nbsp;Delfi Pusnakt\u012b eirozonai pievienosies v\u0113l&hellip;\n","protected":false},"author":2,"featured_media":91951,"comment_status":"","ping_status":"","sticky":false,"template":"","format":"standard","meta":{"footnotes":""},"categories":[14],"tags":[129,3639,23107,23,57,28,29,32,33,22,30,31,35,39,38,36,37,34,40,20,26,27,3640,23108,3641,23109,24,25,54,55,56,21,58],"class_list":{"0":"post-91950","1":"post","2":"type-post","3":"status-publish","4":"format-standard","5":"has-post-thumbnail","7":"category-zinas-no-arvalstim","8":"tag-__typenameadvicekeyword","9":"tag-id1108","10":"tag-id1991","11":"tag-aktualitates","12":"tag-arvalstim","13":"tag-breaking-news","14":"tag-breakingnews","15":"tag-featured-news","16":"tag-featurednews","17":"tag-headlines","18":"tag-latest-news","19":"tag-latestnews","20":"tag-latvia","21":"tag-latvian","22":"tag-latviesu","23":"tag-latviesu-valoda","24":"tag-latviesuvaloda","25":"tag-latvija","26":"tag-lv","27":"tag-news","28":"tag-popularakas-zinas","29":"tag-popularakaszinas","30":"tag-slugbulgarija","31":"tag-slugeirozona","32":"tag-titlebulgarija","33":"tag-titleeirozona","34":"tag-top-stories","35":"tag-topstories","36":"tag-world","37":"tag-world-news","38":"tag-worldnews","39":"tag-zinas","40":"tag-zinas-no-arvalstim"},"share_on_mastodon":{"url":"","error":"Validation failed: Text character limit of 500 exceeded"},"_links":{"self":[{"href":"https:\/\/www.europesays.com\/lv\/wp-json\/wp\/v2\/posts\/91950","targetHints":{"allow":["GET"]}}],"collection":[{"href":"https:\/\/www.europesays.com\/lv\/wp-json\/wp\/v2\/posts"}],"about":[{"href":"https:\/\/www.europesays.com\/lv\/wp-json\/wp\/v2\/types\/post"}],"author":[{"embeddable":true,"href":"https:\/\/www.europesays.com\/lv\/wp-json\/wp\/v2\/users\/2"}],"replies":[{"embeddable":true,"href":"https:\/\/www.europesays.com\/lv\/wp-json\/wp\/v2\/comments?post=91950"}],"version-history":[{"count":0,"href":"https:\/\/www.europesays.com\/lv\/wp-json\/wp\/v2\/posts\/91950\/revisions"}],"wp:featuredmedia":[{"embeddable":true,"href":"https:\/\/www.europesays.com\/lv\/wp-json\/wp\/v2\/media\/91951"}],"wp:attachment":[{"href":"https:\/\/www.europesays.com\/lv\/wp-json\/wp\/v2\/media?parent=91950"}],"wp:term":[{"taxonomy":"category","embeddable":true,"href":"https:\/\/www.europesays.com\/lv\/wp-json\/wp\/v2\/categories?post=91950"},{"taxonomy":"post_tag","embeddable":true,"href":"https:\/\/www.europesays.com\/lv\/wp-json\/wp\/v2\/tags?post=91950"}],"curies":[{"name":"wp","href":"https:\/\/api.w.org\/{rel}","templated":true}]}}