{"id":91958,"date":"2026-01-01T18:39:06","date_gmt":"2026-01-01T18:39:06","guid":{"rendered":"https:\/\/www.europesays.com\/lv\/91958\/"},"modified":"2026-01-01T18:39:06","modified_gmt":"2026-01-01T18:39:06","slug":"sovakar-kurzeme-sniegputenis-un-apledojums-ipasi-apgrutina-brauksanu-liepajas-apkartne-strada-125-ziemas-tehnikas-vienibas","status":"publish","type":"post","link":"https:\/\/www.europesays.com\/lv\/91958\/","title":{"rendered":"\u0160ovakar Kurzem\u0113 sniegputenis un apledojums \u012bpa\u0161i apgr\u016btina brauk\u0161anu Liep\u0101jas apk\u0101rtn\u0113; str\u0101d\u0101 125 ziemas tehnikas vien\u012bbas"},"content":{"rendered":"<p>\u0160ovakar Kurzem\u0113 \u012bpa\u0161i sare\u017e\u0123\u012bti brauk\u0161anas apst\u0101k\u013ci sniegpute\u0146a d\u0113\u013c ir izveidoju\u0161ies uz valsts galvenajiem un re\u0123ion\u0101lajiem autoce\u013ciem Liep\u0101jas apk\u0101rtn\u0113.<\/p>\n<p>Ar\u012b valsts centr\u0101laj\u0101 da\u013c\u0101 un Latgal\u0113 sniegputenis un apledojums apgr\u016btina brauk\u0161anu pa valsts galvenajiem un re\u0123ion\u0101lajiem autoce\u013ciem. Slidenos un sniegotos ce\u013ca posmus t\u012bra un kaisa ar pretsl\u012bdes materi\u0101liem. Lai uzlabotu brauk\u0161anas apst\u0101k\u013cus, ce\u013cu uztur\u0113\u0161anas darbos iesaist\u012btas 125 ziemas dienesta tehnikas vien\u012bbas.<\/p>\n<p>Apgr\u016btin\u0101ti brauk\u0161anas apst\u0101k\u013ci uz valsts galvenajiem autoce\u013ciem:<\/p>\n<ul class=\"red-bullets\">\n<li>Tallinas \u0161oseja (A1) posm\u0101 no Zvejniekciema stacijas l\u012bdz Aina\u017eiem;<\/li>\n<li>Vidzemes \u0161oseja (A2) posm\u0101 no Aug\u0161l\u012bgatnes l\u012bdz Vire\u0161iem;<\/li>\n<li>Valmieras \u0161oseja (A3) posm\u0101 no Braslas tilta l\u012bdz Stren\u010diem;<\/li>\n<li>R\u012bgas apvedce\u013c\u0161 ( Salaspils-Baltezers) (A4) vis\u0101 posm\u0101;<\/li>\n<li>R\u012bgas apvedce\u013c\u0161 ( Salaspils-Bab\u012bte ) (A5) vis\u0101 posm\u0101;<\/li>\n<li>Daugavpils \u0161oseja (A6) posm\u0101 no Piekalniem l\u012bdz P\u0101terniekiem;<\/li>\n<li>Bauskas \u0161oseja (A7) posm\u0101 no \u0136ekavas apvedce\u013ca l\u012bdz Grenct\u0101lei;<\/li>\n<li>Jelgavas \u0161oseja (A8) vis\u0101 posm\u0101;<\/li>\n<li>Liep\u0101jas \u0161oseja (A9) vis\u0101 posm\u0101;<\/li>\n<li>Ventspils \u0161oseja (A10)vis\u0101 posm\u0101;<\/li>\n<li>Liep\u0101ja-Lietuvas robe\u017ea (Rucava) vis\u0101 posm\u0101;<\/li>\n<li>R\u0113zeknes \u0161oseja (A12) vis\u0101 posm\u0101;<\/li>\n<li>\u00a0autoce\u013c\u0161 Krievijas robe\u017ea (Greb\u0146eva) \u2013 R\u0113zekne \u2013 Daugavpils \u2013 Lietuvas robe\u017ea (Medumi) (A13) vis\u0101 posm\u0101;<\/li>\n<li>Daugavpils apvedce\u013c\u0161 (A14) vis\u0101 posm\u0101;<\/li>\n<li>R\u0113zeknes apvedce\u013c\u0161 (A15) vis\u0101 posm\u0101;<\/li>\n<li>\u0161oseja T\u012bn\u016b\u017ei-Koknese (P80) posm\u0101 no Skr\u012bveru pagrieziena l\u012bdz P\u0113rsei.<\/li>\n<\/ul>\n<p>Uz re\u0123ion\u0101lajiem autoce\u013ciem apgr\u016btin\u0101ta brauk\u0161ana ir vis\u0101 valst\u012b iz\u0146emot R\u012bgas un Madonas apk\u0101rtn\u0113s.<\/p>\n<p>Uztur\u0113\u0161anas darbi tiek veikti priorit\u0101r\u0101 sec\u012bb\u0101, liel\u0101ko uzman\u012bbu piev\u0113r\u0161ot autoce\u013ciem kurus lieto liel\u0101kais lietot\u0101ju skaits.<\/p>\n<p>Aicin\u0101m autovad\u012bt\u0101jus r\u0113\u0137in\u0101ties ar laikapst\u0101k\u013ciem, pl\u0101nojot braucienus, atv\u0113l\u0113t papildu laiku ce\u013cam, izv\u0113l\u0113ties brauk\u0161anas \u0101trumu, kas atbilst ce\u013cu seguma st\u0101voklim, k\u0101 ar\u012b dro\u0161u distanci.<\/p>\n<p>Ar brauk\u0161anas apst\u0101k\u013ciem valsts ce\u013cu t\u012bkl\u0101 ikviens var iepaz\u012bties kart\u0113 VSIA Latvijas Valsts ce\u013ci (LVC) m\u0101jaslap\u0101 <a href=\"http:\/\/www.lvceli.lv\" rel=\"nofollow noopener\" target=\"_blank\">www.lvceli.lv<\/a>.<\/p>\n<p>Par apgr\u016btin\u0101tiem brauk\u0161anas apst\u0101k\u013ciem vai citiem ar satiksmi un ce\u013cu st\u0101vokli saist\u012btiem nov\u0113rojumiem aicin\u0101m inform\u0113t VSIA Latvijas Valsts ce\u013ci, zvanot uz diennakts bezmaksas informat\u012bvo t\u0101lruni 80005555, k\u0101 ar\u012b uz\u0146\u0113muma kontos soci\u0101l\u0101s sazi\u0146as t\u012bklos <a href=\"https:\/\/x.com\/LVceli\" rel=\"nofollow\">X<\/a> un <a href=\"https:\/\/www.facebook.com\/LVCELI\/\" rel=\"nofollow noopener\" target=\"_blank\">Facebook<\/a>.\u00a0\u00a0<\/p>\n","protected":false},"excerpt":{"rendered":"\u0160ovakar Kurzem\u0113 \u012bpa\u0161i sare\u017e\u0123\u012bti brauk\u0161anas apst\u0101k\u013ci sniegpute\u0146a d\u0113\u013c ir izveidoju\u0161ies uz valsts galvenajiem un re\u0123ion\u0101lajiem autoce\u013ciem Liep\u0101jas apk\u0101rtn\u0113.&hellip;\n","protected":false},"author":2,"featured_media":74141,"comment_status":"","ping_status":"","sticky":false,"template":"","format":"standard","meta":{"footnotes":""},"categories":[12],"tags":[23,14093,28,29,32,33,22,30,31,35,39,38,36,37,34,40,20,26,27,24,25,21],"class_list":{"0":"post-91958","1":"post","2":"type-post","3":"status-publish","4":"format-standard","5":"has-post-thumbnail","7":"category-latvija","8":"tag-aktualitates","9":"tag-brauksanas-apstakli","10":"tag-breaking-news","11":"tag-breakingnews","12":"tag-featured-news","13":"tag-featurednews","14":"tag-headlines","15":"tag-latest-news","16":"tag-latestnews","17":"tag-latvia","18":"tag-latvian","19":"tag-latviesu","20":"tag-latviesu-valoda","21":"tag-latviesuvaloda","22":"tag-latvija","23":"tag-lv","24":"tag-news","25":"tag-popularakas-zinas","26":"tag-popularakaszinas","27":"tag-top-stories","28":"tag-topstories","29":"tag-zinas"},"share_on_mastodon":{"url":"https:\/\/pubeurope.com\/@lv\/115821305034025159","error":""},"_links":{"self":[{"href":"https:\/\/www.europesays.com\/lv\/wp-json\/wp\/v2\/posts\/91958","targetHints":{"allow":["GET"]}}],"collection":[{"href":"https:\/\/www.europesays.com\/lv\/wp-json\/wp\/v2\/posts"}],"about":[{"href":"https:\/\/www.europesays.com\/lv\/wp-json\/wp\/v2\/types\/post"}],"author":[{"embeddable":true,"href":"https:\/\/www.europesays.com\/lv\/wp-json\/wp\/v2\/users\/2"}],"replies":[{"embeddable":true,"href":"https:\/\/www.europesays.com\/lv\/wp-json\/wp\/v2\/comments?post=91958"}],"version-history":[{"count":0,"href":"https:\/\/www.europesays.com\/lv\/wp-json\/wp\/v2\/posts\/91958\/revisions"}],"wp:featuredmedia":[{"embeddable":true,"href":"https:\/\/www.europesays.com\/lv\/wp-json\/wp\/v2\/media\/74141"}],"wp:attachment":[{"href":"https:\/\/www.europesays.com\/lv\/wp-json\/wp\/v2\/media?parent=91958"}],"wp:term":[{"taxonomy":"category","embeddable":true,"href":"https:\/\/www.europesays.com\/lv\/wp-json\/wp\/v2\/categories?post=91958"},{"taxonomy":"post_tag","embeddable":true,"href":"https:\/\/www.europesays.com\/lv\/wp-json\/wp\/v2\/tags?post=91958"}],"curies":[{"name":"wp","href":"https:\/\/api.w.org\/{rel}","templated":true}]}}