{"id":91959,"date":"2026-01-01T18:45:36","date_gmt":"2026-01-01T18:45:36","guid":{"rendered":"https:\/\/www.europesays.com\/lv\/91959\/"},"modified":"2026-01-01T18:45:36","modified_gmt":"2026-01-01T18:45:36","slug":"krievija-sakusi-izmantot-jaunu-kamikadzes-dronu-kara","status":"publish","type":"post","link":"https:\/\/www.europesays.com\/lv\/91959\/","title":{"rendered":"Krievija s\u0101kusi izmantot jaunu kamikadzes dronu kar\u0101"},"content":{"rendered":"<p>Milit\u0101rie anal\u012bti\u0137i zi\u0146o, ka Krievija uzbrukumos Ukrainai s\u0101kusi izmantot jauna tipa bezpilota lidapar\u0101tu \u2014 tehniski vienk\u0101r\u0161otu Ir\u0101nas drona \u00abShahed\u00bb versiju. K\u0101 raksta DW, tas var liecin\u0101t par Krievijas centieniem optimiz\u0113t kara izdevumus.<\/p>\n<p>Krievija kar\u0101 pret Ukrainu s\u0101kusi izmantot jaunu trieciena kamikadzes dronu \u2014 tehniski vienk\u0101r\u0161otu un ra\u017eo\u0161an\u0101 l\u0113t\u0101ku Ir\u0101nas bezpilota lidapar\u0101ta \u00abShahed\u00bb modifik\u0101ciju, zi\u0146o \u017eurn\u0101ls \u00abDer Spiegel\u00bb, atsaucoties uz milit\u0101rajiem anal\u012bti\u0137iem.<\/p>\n<p>Kamikadzes drons ar samazin\u0101tu kaujas l\u0101di\u0146u<\/p>\n<p>Runa ir par \u00abShahed-107\u00bb modeli, ko Ir\u0101na prezent\u0113jusi \u0161ogad. K\u0101 nor\u0101d\u012bja Starptautisk\u0101 strat\u0113\u0123isko p\u0113t\u012bjumu instit\u016bta (IISS) bezpilota lidapar\u0101tu eksperts Fabians Hincs, \u0161im dronam ir maz\u0101ks darb\u012bbas r\u0101diuss \u2014 aptuveni 1400 kilometru \u2014 un samazin\u0101ts eksploz\u012bvais kaujas l\u0101di\u0146\u0161.<\/p>\n<p>P\u0113c Hinca skaidrot\u0101, \u0161\u0101ds bezpilota lidapar\u0101ts ir iev\u0113rojami l\u0113t\u0101ks un \u0101tr\u0101k ra\u017eojams nek\u0101 \u00abShahed-136\u00bb \u2014 viens no Krievijas bru\u0146oto sp\u0113ku galvenajiem l\u012bdzek\u013ciem t\u0101la darb\u012bbas r\u0101diusa gaisa triecienu veik\u0161anai.<\/p>\n<p><img decoding=\"async\" src=\"https:\/\/www.europesays.com\/lv\/wp-content\/uploads\/2026\/01\/G5-Fy0BXMAITcUD.png\" alt=\"G5-Fy0BXMAITcUD.png\"\/><\/p>\n<p>Krievija akt\u012bvi izmanto kamikadzes bezpilota lidapar\u0101tus kar\u0101 pret Ukrainu, jo \u012bpa\u0161i trieciena dronus \u00abGeran-2\u00bb, kas Krievij\u0101 masveid\u0101 tiek ra\u017eoti p\u0113c Ir\u0101nas tehnolo\u0123ijas k\u0101 \u00abShahed-136\u00bb analogs. \u0160os bezpilota lidapar\u0101tus Krievijas bru\u0146otie sp\u0113ki izmanto masveida uzbrukumos: desmitiem dronu palai\u0161ana vienlaikus piespie\u017e Ukrainu t\u0113r\u0113t defic\u012bt\u0101s un d\u0101rg\u0101s pretgaisa aizsardz\u012bbas ra\u0137etes sal\u012bdzino\u0161i l\u0113tu m\u0113r\u0137u notriek\u0161anai un nov\u0113r\u0161 pretgaisa aizsardz\u012bbas sist\u0113mu uzman\u012bbu no ballistiskaj\u0101m ra\u0137et\u0113m.<\/p>\n<p>Krievija optimiz\u0113 kara izdevumus<\/p>\n<p>K\u0101 Hinzs nor\u0101da koment\u0101r\u0101 \u00abDer Spiegel\u00bb, jauna tipa bezpilota lidapar\u0101ta izmanto\u0161ana var liecin\u0101t par Krievijas v\u0113lmi optimiz\u0113t izdevumus kar\u0101. Saska\u0146\u0101 ar Ukrainas izl\u016bkdienestu datiem viena \u00abGeran-2\u00bb tipa drona (Krievij\u0101 lokaliz\u0113tas Shahed-136 versijas) pa\u0161izmaksa ir aptuveni 60 000 ASV dol\u0101ru. \u00abShahed-107\u00bb ir iev\u0113rojami l\u0113t\u0101ks un \u0101tr\u0101k ra\u017eojams, tostarp pateicoties \u0136\u012bnas komponent\u0113m.<\/p>\n<p>P\u0113c anal\u012bti\u0137a apl\u0113s\u0113m tas \u013caus Krievijai mazin\u0101t kamikadzes dronu defic\u012btu turpm\u0101kajos uzbrukumos Ukrainai, k\u0101 ar\u012b izmantot \u0161os bezpilota lidapar\u0101tus triecieniem vid\u0113jos un \u012bsos att\u0101lumos. Hinzs ar\u012b nor\u0101da, ka p\u0113d\u0113j\u0101 laik\u0101 Krievijas bru\u0146otie sp\u0113ki pat tie\u0161i frontes l\u012bnij\u0101 izmantoju\u0161i liela darb\u012bbas r\u0101diusa bezpilota lidapar\u0101tus.<\/p>\n<p>\n                            Valodas k\u013c\u016bda rakst\u0101?<br \/>Iez\u012bm\u0113jiet tekstu un spiediet Zi\u0146ot par k\u013c\u016bdu pogas   , lai nos\u016bt\u012btu labojamo teksta fragmentu redaktoram!<\/p>\n<p>                                Zi\u0146ot par k\u013c\u016bdu<\/p>\n","protected":false},"excerpt":{"rendered":"Milit\u0101rie anal\u012bti\u0137i zi\u0146o, ka Krievija uzbrukumos Ukrainai s\u0101kusi izmantot jauna tipa bezpilota lidapar\u0101tu \u2014 tehniski vienk\u0101r\u0161otu Ir\u0101nas drona&hellip;\n","protected":false},"author":2,"featured_media":91960,"comment_status":"","ping_status":"","sticky":false,"template":"","format":"standard","meta":{"footnotes":""},"categories":[14],"tags":[23,57,28,29,32,33,22,30,31,35,39,38,36,37,34,40,20,26,27,24,25,54,55,56,21,58],"class_list":{"0":"post-91959","1":"post","2":"type-post","3":"status-publish","4":"format-standard","5":"has-post-thumbnail","7":"category-zinas-no-arvalstim","8":"tag-aktualitates","9":"tag-arvalstim","10":"tag-breaking-news","11":"tag-breakingnews","12":"tag-featured-news","13":"tag-featurednews","14":"tag-headlines","15":"tag-latest-news","16":"tag-latestnews","17":"tag-latvia","18":"tag-latvian","19":"tag-latviesu","20":"tag-latviesu-valoda","21":"tag-latviesuvaloda","22":"tag-latvija","23":"tag-lv","24":"tag-news","25":"tag-popularakas-zinas","26":"tag-popularakaszinas","27":"tag-top-stories","28":"tag-topstories","29":"tag-world","30":"tag-world-news","31":"tag-worldnews","32":"tag-zinas","33":"tag-zinas-no-arvalstim"},"share_on_mastodon":{"url":"https:\/\/pubeurope.com\/@lv\/115821328700875399","error":""},"_links":{"self":[{"href":"https:\/\/www.europesays.com\/lv\/wp-json\/wp\/v2\/posts\/91959","targetHints":{"allow":["GET"]}}],"collection":[{"href":"https:\/\/www.europesays.com\/lv\/wp-json\/wp\/v2\/posts"}],"about":[{"href":"https:\/\/www.europesays.com\/lv\/wp-json\/wp\/v2\/types\/post"}],"author":[{"embeddable":true,"href":"https:\/\/www.europesays.com\/lv\/wp-json\/wp\/v2\/users\/2"}],"replies":[{"embeddable":true,"href":"https:\/\/www.europesays.com\/lv\/wp-json\/wp\/v2\/comments?post=91959"}],"version-history":[{"count":0,"href":"https:\/\/www.europesays.com\/lv\/wp-json\/wp\/v2\/posts\/91959\/revisions"}],"wp:featuredmedia":[{"embeddable":true,"href":"https:\/\/www.europesays.com\/lv\/wp-json\/wp\/v2\/media\/91960"}],"wp:attachment":[{"href":"https:\/\/www.europesays.com\/lv\/wp-json\/wp\/v2\/media?parent=91959"}],"wp:term":[{"taxonomy":"category","embeddable":true,"href":"https:\/\/www.europesays.com\/lv\/wp-json\/wp\/v2\/categories?post=91959"},{"taxonomy":"post_tag","embeddable":true,"href":"https:\/\/www.europesays.com\/lv\/wp-json\/wp\/v2\/tags?post=91959"}],"curies":[{"name":"wp","href":"https:\/\/api.w.org\/{rel}","templated":true}]}}