{"id":91961,"date":"2026-01-01T18:46:18","date_gmt":"2026-01-01T18:46:18","guid":{"rendered":"https:\/\/www.europesays.com\/lv\/91961\/"},"modified":"2026-01-01T18:46:18","modified_gmt":"2026-01-01T18:46:18","slug":"uz-dzelzcela-boja-gajis-virietis-smaga-avarija-uz-liepajas-sosejas-negadijums-ar-kvadriciklu-lente-lv","status":"publish","type":"post","link":"https:\/\/www.europesays.com\/lv\/91961\/","title":{"rendered":"uz dzelzce\u013ca boj\u0101 g\u0101jis v\u012brietis, smaga av\u0101rija uz Liep\u0101jas \u0161osejas, negad\u012bjums ar kvadriciklu\u00a0\u2014\u00a0Lente.lv"},"content":{"rendered":"<p>Tra\u0123\u0113dija uz dzelzce\u013ca slied\u0113m<\/p>\n<p>Vecgada vakar\u0101 Latvij\u0101 noticis tra\u0123isks negad\u012bjums uz dzelzce\u013ca slied\u0113m, kur\u0101 boj\u0101 g\u0101jis k\u0101ds 40 gadus vecs v\u012brietis. K\u0101 inform\u0113 port\u0101ls jauns.lv, nelaime notika, kad v\u012brietis tum\u0161aj\u0101 dienas laik\u0101 m\u0113\u0123in\u0101ja \u0161\u0137\u0113rsot sliedes un vi\u0146am uzbrauca vilciens. Diem\u017e\u0113l g\u016bt\u0101s traumas bija nesavienojamas ar dz\u012bv\u012bbu, un medi\u0137i konstat\u0113ja n\u0101vi uz vietas. \u0160is notikums v\u0113lreiz atg\u0101dina par nepiecie\u0161am\u012bbu iev\u0113rot \u012bpa\u0161u piesardz\u012bbu dzelzce\u013ca tuvum\u0101 un \u0161\u0137\u0113rsojot sliedes, vienm\u0113r p\u0101rliecinoties par savu dro\u0161\u012bbu. Policija skaidro negad\u012bjuma apst\u0101k\u013cus.<\/p>\n<p>Smaga sadursme uz Liep\u0101jas \u0161osejas<\/p>\n<p>Uz autoce\u013ca A9, kas paz\u012bstams k\u0101 Liep\u0101jas \u0161oseja, Valgundes pagast\u0101 net\u0101lu no T\u012bre\u013ciem, Vecgada vakar\u0101 notika nopietns ce\u013cu satiksmes negad\u012bjums, kur\u0101 iesaist\u012btas divas automa\u0161\u012bnas. Negad\u012bjuma d\u0113\u013c satiksme uz \u0161\u012b ce\u013ca posma tika blo\u0137\u0113ta, un autovad\u012bt\u0101jiem tika pied\u0101v\u0101tas apbrauk\u0161anas iesp\u0113jas. S\u0101kotn\u0113j\u0101 inform\u0101cija liecina, ka av\u0101rij\u0101 cietu\u0161as tr\u012bs personas, kuras nodotas medic\u012bniskajai apr\u016bpei. Prec\u012bzs negad\u012bjuma c\u0113lonis un cietu\u0161o st\u0101voklis v\u0113l tiek skaidrots. Uz ce\u013ca bija apgr\u016btin\u0101ti brauk\u0161anas apst\u0101k\u013ci, jo viet\u0101m ce\u013ci bija slideni un piekrast\u0113 tika prognoz\u0113ts stiprs sniegputenis un apledojums.<\/p>\n<p>Negad\u012bjums ar kvadriciklu<\/p>\n<p>Vecgada dien\u0101 noticis ar\u012b negad\u012bjums ar kvadriciklu, uz kura atrad\u0101s pieci cilv\u0113ki. Transportl\u012bdzeklim iebraucot gr\u0101v\u012b, viens no pasa\u017eieriem guvis vid\u0113ji smagu politraumu un tika nog\u0101d\u0101ts slimn\u012bc\u0101 stabil\u0101 st\u0101vokl\u012b. Neatliekam\u0101s medic\u012bnisk\u0101s pal\u012bdz\u012bbas dienests (NMPD) nor\u0101d\u012bjis, ka kopum\u0101 negad\u012bjumos iesaist\u012btaj\u0101m person\u0101m g\u016bt\u0101s traumas nebija smagas.<\/p>\n<p>Statistika par kop\u0113jo negad\u012bjumu skaitu<\/p>\n<p>Kopum\u0101 Vecgada dien\u0101 Latvij\u0101 ce\u013cu satiksmes negad\u012bjumos cietu\u0161i desmit cilv\u0113ki, pav\u0113st\u012bja Valsts policija. Aizvad\u012btaj\u0101 diennakt\u012b valst\u012b kopum\u0101 re\u0123istr\u0113ti 103 ce\u013cu satiksmes negad\u012bjumi, no kuriem 63 notika R\u012bgas re\u0123ion\u0101, 14 Zemgal\u0113, 13 Latgal\u0113, asto\u0146i Vidzem\u0113 un \u010detri Kurzem\u0113. Negad\u012bjumos R\u012bgas re\u0123ion\u0101 cietu\u0161i \u010detri cilv\u0113ki, tostarp divi g\u0101j\u0113ji un viens velosip\u0113dists. Zemgal\u0113 av\u0101rij\u0101s cietu\u0161i pieci cilv\u0113ki, bet Latgal\u0113 &#8211; viens.<\/p>\n","protected":false},"excerpt":{"rendered":"Tra\u0123\u0113dija uz dzelzce\u013ca slied\u0113m Vecgada vakar\u0101 Latvij\u0101 noticis tra\u0123isks negad\u012bjums uz dzelzce\u013ca slied\u0113m, kur\u0101 boj\u0101 g\u0101jis k\u0101ds 40&hellip;\n","protected":false},"author":2,"featured_media":91962,"comment_status":"","ping_status":"","sticky":false,"template":"","format":"standard","meta":{"footnotes":""},"categories":[12],"tags":[23,23112,28,29,32,33,22,30,31,35,39,38,36,37,34,40,23113,20,26,27,1553,24,25,23111,23110,21],"class_list":{"0":"post-91961","1":"post","2":"type-post","3":"status-publish","4":"format-standard","5":"has-post-thumbnail","7":"category-latvija","8":"tag-aktualitates","9":"tag-avarija-uz-liepajas-sosejas","10":"tag-breaking-news","11":"tag-breakingnews","12":"tag-featured-news","13":"tag-featurednews","14":"tag-headlines","15":"tag-latest-news","16":"tag-latestnews","17":"tag-latvia","18":"tag-latvian","19":"tag-latviesu","20":"tag-latviesu-valoda","21":"tag-latviesuvaloda","22":"tag-latvija","23":"tag-lv","24":"tag-negadijums-ar-kvadriciklu","25":"tag-news","26":"tag-popularakas-zinas","27":"tag-popularakaszinas","28":"tag-satiksmes-negadijumi","29":"tag-top-stories","30":"tag-topstories","31":"tag-tragedija-uz-dzelzcela","32":"tag-vecgada-negadijumi","33":"tag-zinas"},"share_on_mastodon":{"url":"https:\/\/pubeurope.com\/@lv\/115821332546094330","error":""},"_links":{"self":[{"href":"https:\/\/www.europesays.com\/lv\/wp-json\/wp\/v2\/posts\/91961","targetHints":{"allow":["GET"]}}],"collection":[{"href":"https:\/\/www.europesays.com\/lv\/wp-json\/wp\/v2\/posts"}],"about":[{"href":"https:\/\/www.europesays.com\/lv\/wp-json\/wp\/v2\/types\/post"}],"author":[{"embeddable":true,"href":"https:\/\/www.europesays.com\/lv\/wp-json\/wp\/v2\/users\/2"}],"replies":[{"embeddable":true,"href":"https:\/\/www.europesays.com\/lv\/wp-json\/wp\/v2\/comments?post=91961"}],"version-history":[{"count":0,"href":"https:\/\/www.europesays.com\/lv\/wp-json\/wp\/v2\/posts\/91961\/revisions"}],"wp:featuredmedia":[{"embeddable":true,"href":"https:\/\/www.europesays.com\/lv\/wp-json\/wp\/v2\/media\/91962"}],"wp:attachment":[{"href":"https:\/\/www.europesays.com\/lv\/wp-json\/wp\/v2\/media?parent=91961"}],"wp:term":[{"taxonomy":"category","embeddable":true,"href":"https:\/\/www.europesays.com\/lv\/wp-json\/wp\/v2\/categories?post=91961"},{"taxonomy":"post_tag","embeddable":true,"href":"https:\/\/www.europesays.com\/lv\/wp-json\/wp\/v2\/tags?post=91961"}],"curies":[{"name":"wp","href":"https:\/\/api.w.org\/{rel}","templated":true}]}}