{"id":91965,"date":"2026-01-01T19:05:18","date_gmt":"2026-01-01T19:05:18","guid":{"rendered":"https:\/\/www.europesays.com\/lv\/91965\/"},"modified":"2026-01-01T19:05:18","modified_gmt":"2026-01-01T19:05:18","slug":"ukraini-nav-uzbrukusi-putina-rezidencei-norada-asv-izlukdienests","status":"publish","type":"post","link":"https:\/\/www.europesays.com\/lv\/91965\/","title":{"rendered":"Ukrai\u0146i nav uzbruku\u0161i Putina rezidencei, nor\u0101da ASV izl\u016bkdienests"},"content":{"rendered":"<p>Krievijas Aizsardz\u012bbas ministrija 30. decembr\u012b pazi\u0146oja, ka Ukraina esot raid\u012bjusi 91 dronu uz Putina dz\u012bvesvietu Valdaj\u0101 Novgorodas re\u0123ion\u0101. Prezidenta Trampa preses p\u0101rst\u0101vji v\u0113st\u012bja, ka Putins vi\u0146am person\u012bgi par \u0161o notikumu past\u0101st\u012bjis telefoniski, izraisot Tramp\u0101 satraukumu par it k\u0101 notiku\u0161o. \u201cMan tas nepat\u012bk. Tas nav labi,\u201d sac\u012bja Tramps, piebilstot, ka ir \u013coti dusm\u012bgs, ta\u010du vienlaikus atzina, ka apgalvojums var\u0113tu b\u016bt nepatiess.<\/p>\n<p>P\u0113c Trampa koment\u0101ra CIA sniedza inform\u0101ciju, ka Krievijas apgalvojumi, visticam\u0101k, nav patiesi, k\u0101 rezult\u0101t\u0101 Tramps nekav\u0113joties ie\u0146\u0113ma skeptisk\u0101ku nost\u0101ju. Vi\u0146\u0161 sav\u0101 soci\u0101laj\u0101 t\u012bkl\u0101 dal\u012bj\u0101s ar New York Post rakstu, kur redakcija asi kritiz\u0113ja Putinu un vi\u0146a gandr\u012bz \u010detrus gadus ilgo karu pret Ukrainu.<\/p>\n<p>Rakst\u0101 tika nor\u0101d\u012bts: \u201cProbl\u0113ma ir t\u0101, ka dronu uzbrukums, visticam\u0101k, nekad nav noticis. Zelenskis to stingri noliedza. Peskovs sac\u012bja, ka krievi nevar sniegt nek\u0101das pier\u0101d\u012bjumus un aicin\u0101ja presi tic\u0113t Krem\u013ca v\u0101rdam. N\u0113, m\u0113s neticam.\u201d<\/p>\n<p class=\"tv3-fw-500\">Zi\u0146o par k\u013c\u016bdu rakst\u0101<\/p>\n<p class=\"d-md-block d-none\">Iez\u012bm\u0113 k\u013c\u016bdaino tekstu un spied Ctrl+Enter.<\/p>\n<p class=\"d-md-none d-block\">Iez\u012bm\u0113 k\u013c\u016bdaino tekstu un zi\u0146o par to!<\/p>\n","protected":false},"excerpt":{"rendered":"Krievijas Aizsardz\u012bbas ministrija 30. decembr\u012b pazi\u0146oja, ka Ukraina esot raid\u012bjusi 91 dronu uz Putina dz\u012bvesvietu Valdaj\u0101 Novgorodas re\u0123ion\u0101.&hellip;\n","protected":false},"author":2,"featured_media":91966,"comment_status":"","ping_status":"","sticky":false,"template":"","format":"standard","meta":{"footnotes":""},"categories":[5],"tags":[23,3961,28,29,32,33,22,30,31,35,39,38,36,37,34,40,20,26,27,24,25,21],"class_list":{"0":"post-91965","1":"post","2":"type-post","3":"status-publish","4":"format-standard","5":"has-post-thumbnail","7":"category-aktualitates","8":"tag-aktualitates","9":"tag-asvdonalds-trampskrievijavladimirs-putins","10":"tag-breaking-news","11":"tag-breakingnews","12":"tag-featured-news","13":"tag-featurednews","14":"tag-headlines","15":"tag-latest-news","16":"tag-latestnews","17":"tag-latvia","18":"tag-latvian","19":"tag-latviesu","20":"tag-latviesu-valoda","21":"tag-latviesuvaloda","22":"tag-latvija","23":"tag-lv","24":"tag-news","25":"tag-popularakas-zinas","26":"tag-popularakaszinas","27":"tag-top-stories","28":"tag-topstories","29":"tag-zinas"},"share_on_mastodon":{"url":"https:\/\/pubeurope.com\/@lv\/115821407237833613","error":""},"_links":{"self":[{"href":"https:\/\/www.europesays.com\/lv\/wp-json\/wp\/v2\/posts\/91965","targetHints":{"allow":["GET"]}}],"collection":[{"href":"https:\/\/www.europesays.com\/lv\/wp-json\/wp\/v2\/posts"}],"about":[{"href":"https:\/\/www.europesays.com\/lv\/wp-json\/wp\/v2\/types\/post"}],"author":[{"embeddable":true,"href":"https:\/\/www.europesays.com\/lv\/wp-json\/wp\/v2\/users\/2"}],"replies":[{"embeddable":true,"href":"https:\/\/www.europesays.com\/lv\/wp-json\/wp\/v2\/comments?post=91965"}],"version-history":[{"count":0,"href":"https:\/\/www.europesays.com\/lv\/wp-json\/wp\/v2\/posts\/91965\/revisions"}],"wp:featuredmedia":[{"embeddable":true,"href":"https:\/\/www.europesays.com\/lv\/wp-json\/wp\/v2\/media\/91966"}],"wp:attachment":[{"href":"https:\/\/www.europesays.com\/lv\/wp-json\/wp\/v2\/media?parent=91965"}],"wp:term":[{"taxonomy":"category","embeddable":true,"href":"https:\/\/www.europesays.com\/lv\/wp-json\/wp\/v2\/categories?post=91965"},{"taxonomy":"post_tag","embeddable":true,"href":"https:\/\/www.europesays.com\/lv\/wp-json\/wp\/v2\/tags?post=91965"}],"curies":[{"name":"wp","href":"https:\/\/api.w.org\/{rel}","templated":true}]}}