{"id":91967,"date":"2026-01-01T19:09:08","date_gmt":"2026-01-01T19:09:08","guid":{"rendered":"https:\/\/www.europesays.com\/lv\/91967\/"},"modified":"2026-01-01T19:09:08","modified_gmt":"2026-01-01T19:09:08","slug":"divi-bojagajusie-un-ugunsgreks-baznica-lente-lv","status":"publish","type":"post","link":"https:\/\/www.europesays.com\/lv\/91967\/","title":{"rendered":"divi boj\u0101g\u0101ju\u0161ie un ugunsgr\u0113ks bazn\u012bc\u0101\u00a0\u2014\u00a0Lente.lv"},"content":{"rendered":"<p>Negaid\u012bta vardarb\u012bba un tra\u0123\u0113dija<\/p>\n<p>N\u012bderland\u0113 Jaungada sagaid\u012b\u0161anas svin\u012bbas p\u0101rv\u0113rtu\u0161\u0101s par nebijusi vardarb\u012bbas vilni, kas pras\u012bjusi vismaz divu cilv\u0113ku dz\u012bv\u012bbas. K\u0101 inform\u0113 telekan\u0101ls EuroNews, policija notieko\u0161o raksturo k\u0101 \u201cneko iepriek\u0161 nepieredz\u0113tu\u201d. Pils\u0113t\u0101 Nimvegena 17 gadus vecs jaunietis miris negad\u012bjum\u0101, kas saist\u012bts ar ugu\u0146o\u0161anu. Savuk\u0101rt Aalsm\u0113r\u0101, net\u0101lu no Amsterdamas, cit\u0101 ar ugu\u0146o\u0161anu saist\u012bt\u0101 incident\u0101 boj\u0101 g\u0101jis 38 gadus vecs v\u012brietis. V\u0113l tiek izmekl\u0113tas abu tra\u0123isko negad\u012bjumu deta\u013cas.<\/p>\n<p>N\u012bderlandes policijas arodbiedr\u012bbas vad\u012bt\u0101ja N\u012bna K\u016bimana atz\u012bm\u0113ja \u201cnebijis daudzums vardarb\u012bbas pret policiju un neatliekam\u0101s pal\u012bdz\u012bbas dienestiem\u201d vis\u0101 valst\u012b. Vi\u0146a pati dal\u012bjusies pieredz\u0113, ka darba mai\u0146as laik\u0101 Amsterdam\u0101 vi\u0146a tr\u012bs reizes tikusi apm\u0113t\u0101ta ar ugu\u0146o\u0161anas l\u012bdzek\u013ciem un citiem spr\u0101gstviel\u0101m.<\/p>\n<p>P\u0101rslodzi piedz\u012bvojo\u0161i dienesti un uzbrukumi policijai<\/p>\n<p>P\u0113c pusnakts vis\u0101 valst\u012b tika izdots reti sastopams br\u012bdin\u0101jums, aicinot iedz\u012bvot\u0101jus sazin\u0101ties ar neatliekam\u0101s pal\u012bdz\u012bbas dienestiem tikai dz\u012bv\u012bbai b\u012bstamos gad\u012bjumos, jo dienesti bija piln\u012bb\u0101 noslogoti. Zi\u0146ojumi par uzbrukumiem policistiem un ugunsdz\u0113s\u0113jiem bija izplat\u012bti vis\u0101 valst\u012b. Bredo pils\u0113t\u0101 cilv\u0113ki apm\u0113t\u0101ju\u0161i policiju ar degmais\u012bjuma pudel\u0113m.<\/p>\n<p>Roterdamas acu slimn\u012bca zi\u0146o, ka uz\u0146emti 14 pacienti ar acu traum\u0101m, no kuriem 10 ir nepilngad\u012bgi. Diviem pacientiem veikta \u0137irur\u0123iska iejauk\u0161an\u0101s. \u0160is bija p\u0113d\u0113jais gads pirms pl\u0101not\u0101 neofici\u0101l\u0101s ugu\u0146o\u0161anas aizlieguma, t\u0101d\u0113\u013c n\u012bderlandie\u0161i ieg\u0101d\u0101ju\u0161ies rekordlielu daudzumu pirotehnikas. N\u012bderlandes pirotehnikas asoci\u0101cijas dati liecina, ka iedz\u012bvot\u0101ji izt\u0113r\u0113ju\u0161i rekordlielu summu \u2013 129 miljonus eiro. Lai gan da\u017eas zonas tika noteiktas k\u0101 bezuguns- zonas, tas nelielin\u0101ja incidentu skaitu.<\/p>\n<p>V\u0113sturisk\u0101s bazn\u012bcas sagrau\u0161ana un haoss Be\u013c\u0123ij\u0101<\/p>\n<p>Amsterdam\u0101 neilgi p\u0113c pusnakts izc\u0113lies milz\u012bgs ugunsgr\u0113ks 19. gadsimt\u0101 celtaj\u0101 Vondelkerk bazn\u012bc\u0101. V\u0113sturiskais t\u016brisma objekts, kas kop\u0161 1872. gada atrodas pie viena no pils\u0113tas galvenajiem parkiem, piln\u012bb\u0101 nodega. 50 metrus augstais tornis sabrucis, un jumts guvis nopietnus boj\u0101jumus, ta\u010du strukt\u016bra, p\u0113c amatpersonu teikt\u0101, sagaid\u0101ms, ka saglab\u0101sies. Ugunsgr\u0113ka c\u0113lonis v\u0113l nav noskaidrots.<\/p>\n<p>Brukseles ugu\u0146o\u0161anas haoss<\/p>\n<p>Be\u013c\u0123ij\u0101 policija veikusi vair\u0101kus arestus gan Brisel\u0113, gan Antverpen\u0113, kur policisti un neatliekam\u0101s pal\u012bdz\u012bbas dienestu darbinieki tiku\u0161i apm\u0113t\u0101ti ar ugu\u0146o\u0161anas l\u012bdzek\u013ciem. Neskatoties uz Jaungada ugu\u0146o\u0161anas aizliegumu, ab\u0101s liel\u0101kaj\u0101s pils\u0113t\u0101s rad\u0101s haotiskas ainas. Antverpen\u0113 policija lietojusi asaru g\u0101zi un aiztur\u0113jusi vair\u0101k nek\u0101 100 cilv\u0113kus. Pat 10-11 gadus veci nepilngad\u012bgie m\u0113t\u0101ju\u0161i ar ugu\u0146o\u0161anas l\u012bdzek\u013ciem un akme\u0146iem, aizdedzinot velosip\u0113dus, automa\u0161\u012bnas un atkritumu urnas. Policija konfisc\u0113jusi vair\u0101kus \u201c\u013coti b\u012bstamus\u201d profesion\u0101las klases pirotehnikas izstr\u0101d\u0101jumus. K\u0101d\u0101 cit\u0101 incident\u0101 zieme\u013cu pils\u0113t\u0101 nopietnas traumas guvis 12 gadus vecs b\u0113rns.<\/p>\n<p>Ar\u012b Brisel\u0113 policija zi\u0146o, ka \u201catk\u0101rtoti\u201d tikusi apm\u0113t\u0101ta ar ugu\u0146o\u0161anas l\u012bdzek\u013ciem, nakts laik\u0101 veicot aptuveni 70 aiztur\u0113\u0161anas. V\u0101cij\u0101, B\u012blefeld\u0113, divi 18 gadus veci jaunie\u0161i g\u0101ju\u0161i boj\u0101 pa\u0161tais\u012btu ugu\u0146o\u0161anas l\u012bdzek\u013cu eksplozij\u0101, kas vi\u0146iem rad\u012bju\u0161i \u201cn\u0101v\u0113jo\u0161us sejas savainojumus\u201d.<\/p>\n","protected":false},"excerpt":{"rendered":"Negaid\u012bta vardarb\u012bba un tra\u0123\u0113dija N\u012bderland\u0113 Jaungada sagaid\u012b\u0161anas svin\u012bbas p\u0101rv\u0113rtu\u0161\u0101s par nebijusi vardarb\u012bbas vilni, kas pras\u012bjusi vismaz divu cilv\u0113ku&hellip;\n","protected":false},"author":2,"featured_media":91968,"comment_status":"","ping_status":"","sticky":false,"template":"","format":"standard","meta":{"footnotes":""},"categories":[14],"tags":[23,57,23116,28,29,32,33,22,23114,30,31,35,39,38,36,37,34,40,20,370,26,27,24,25,23115,23117,54,55,56,21,58],"class_list":{"0":"post-91967","1":"post","2":"type-post","3":"status-publish","4":"format-standard","5":"has-post-thumbnail","7":"category-zinas-no-arvalstim","8":"tag-aktualitates","9":"tag-arvalstim","10":"tag-baznicas-ugunsgreks","11":"tag-breaking-news","12":"tag-breakingnews","13":"tag-featured-news","14":"tag-featurednews","15":"tag-headlines","16":"tag-jaungada-svinibas","17":"tag-latest-news","18":"tag-latestnews","19":"tag-latvia","20":"tag-latvian","21":"tag-latviesu","22":"tag-latviesu-valoda","23":"tag-latviesuvaloda","24":"tag-latvija","25":"tag-lv","26":"tag-news","27":"tag-niderlande","28":"tag-popularakas-zinas","29":"tag-popularakaszinas","30":"tag-top-stories","31":"tag-topstories","32":"tag-ugunosanas-negadijumi","33":"tag-vardarbiba-pret-policiju","34":"tag-world","35":"tag-world-news","36":"tag-worldnews","37":"tag-zinas","38":"tag-zinas-no-arvalstim"},"share_on_mastodon":{"url":"https:\/\/pubeurope.com\/@lv\/115821423127569479","error":""},"_links":{"self":[{"href":"https:\/\/www.europesays.com\/lv\/wp-json\/wp\/v2\/posts\/91967","targetHints":{"allow":["GET"]}}],"collection":[{"href":"https:\/\/www.europesays.com\/lv\/wp-json\/wp\/v2\/posts"}],"about":[{"href":"https:\/\/www.europesays.com\/lv\/wp-json\/wp\/v2\/types\/post"}],"author":[{"embeddable":true,"href":"https:\/\/www.europesays.com\/lv\/wp-json\/wp\/v2\/users\/2"}],"replies":[{"embeddable":true,"href":"https:\/\/www.europesays.com\/lv\/wp-json\/wp\/v2\/comments?post=91967"}],"version-history":[{"count":0,"href":"https:\/\/www.europesays.com\/lv\/wp-json\/wp\/v2\/posts\/91967\/revisions"}],"wp:featuredmedia":[{"embeddable":true,"href":"https:\/\/www.europesays.com\/lv\/wp-json\/wp\/v2\/media\/91968"}],"wp:attachment":[{"href":"https:\/\/www.europesays.com\/lv\/wp-json\/wp\/v2\/media?parent=91967"}],"wp:term":[{"taxonomy":"category","embeddable":true,"href":"https:\/\/www.europesays.com\/lv\/wp-json\/wp\/v2\/categories?post=91967"},{"taxonomy":"post_tag","embeddable":true,"href":"https:\/\/www.europesays.com\/lv\/wp-json\/wp\/v2\/tags?post=91967"}],"curies":[{"name":"wp","href":"https:\/\/api.w.org\/{rel}","templated":true}]}}