{"id":91969,"date":"2026-01-01T19:10:18","date_gmt":"2026-01-01T19:10:18","guid":{"rendered":"https:\/\/www.europesays.com\/lv\/91969\/"},"modified":"2026-01-01T19:10:18","modified_gmt":"2026-01-01T19:10:18","slug":"lielakie-tirdzniecibas-centri-sodien-stradas-saisinatu-darba-laiku-vai-bus-slegti-ari-bauska-2","status":"publish","type":"post","link":"https:\/\/www.europesays.com\/lv\/91969\/","title":{"rendered":"Liel\u0101kie tirdzniec\u012bbas centri \u0161odien str\u0101d\u0101s sa\u012bsin\u0101tu darba laiku vai b\u016bs sl\u0113gti; ar\u012b Bausk\u0101"},"content":{"rendered":"<p>                        <img fetchpriority=\"high\" decoding=\"async\" width=\"1024\" height=\"669\" src=\"https:\/\/www.europesays.com\/lv\/wp-content\/uploads\/2026\/01\/1767294618_37_rimi-1024x669.jpeg\" alt=\"\" class=\"wp-image-1088738\"  \/>Bausk\u0101 1. janv\u0101r\u012b no lielveikalu \u0137\u0113d\u0113m str\u0101d\u0101s tikai \u201cRimi\u201d, bet sa\u012bsin\u0101tu laiku \u2013 no plkst. 11. Foto: \u201cBauskas Dz\u012bves\u201d arh\u012bvs.<\/p>\n<p>Liel\u0101kie tirdzniec\u012bbas centri \u0161odien str\u0101d\u0101s sa\u012bsin\u0101tu darba laiku vai b\u016bs sl\u0113gti.<\/p>\n<p>Bausk\u0101 veikals \u201cRimi\u201d , Pionieru iel\u0101 2, \u0161odien atv\u0113rts no plkst. 11 l\u012bdz 20, bet visi \u201cMaxima\u201d veikali 1. janv\u0101r\u012b ir sl\u0113gti, t\u0101pat \u0161odien Bausk\u0101 sl\u0113gts veikals \u201cLidl\u201d un nestr\u0101d\u0101 ar\u012b veikals \u201cTop!\u201d Bausk\u0101.<\/p>\n<p>P\u0113c a\u0123ent\u016bras LETA zi\u0146\u0101m, tirdzniec\u012bbas centru \u201cAkropole Alfa\u201d un \u201cAkropole R\u012bga\u201d veikali un pakalpojumu snieg\u0161anas vietas \u0161odien b\u016bs da\u013c\u0113ji sl\u0113gtas, un darbosies tikai atsevi\u0161\u0137u kategoriju veikali un pakalpojumu snieg\u0161anas vietas.<\/p>\n<p>Veikals \u201cRimi\u201d, kas atrodas \u201cAkropole Alfa\u201d, \u0161odien str\u0101d\u0101s no plkst. 11 l\u012bdz 21. Savuk\u0101rt veikals \u201cMaxima XXX\u201d, kas atrodas \u201cAkropole R\u012bga\u201d, b\u016bs sl\u0113gts.<\/p>\n<p>Tirdzniec\u012bbas centrs \u201cOrigo\u201d \u0161odien b\u016bs da\u013c\u0113ji sl\u0113gts, un taj\u0101 darbosies tikai atsevi\u0161\u0137u kategoriju veikali un pakalpojumu sniedz\u0113ji. Tostarp \u201cOrigo\u201d eso\u0161\u0101 \u201cRimi Hyper\u201d darba laiks \u0161odien b\u016bs no plkst. 11 l\u012bdz 22.<\/p>\n<p>Inform\u0101cijas centrs \u201cOrigo\u201d \u0161odien b\u016bs sl\u0113gts.<\/p>\n<p>Tirdzniec\u012bbas centri \u201cSpice\u201d un \u201cSpice Home\u201d \u0161odien b\u016bs sl\u0113gti. Veikala \u201cRimi\u201d, kas atrodas \u201cSpice\u201d, darba laiks \u0161odien b\u016bs no plkst. 11 l\u012bdz 21.<\/p>\n<p>Tirdzniec\u012bbas centrs \u201cDomina Shopping\u201d un taj\u0101 eso\u0161\u0101 \u201cMaxima XXX\u201d \u0161odien b\u016bs sl\u0113gti.<\/p>\n<p>Tirdzniec\u012bbas centrs \u201cGalerija Centrs\u201d \u0161odien b\u016bs sl\u0113gts. Veikals \u201cRimi\u201d, kas atrodas \u201cGalerija Centrs\u201d, \u0161odien str\u0101d\u0101s no plkst. 11 l\u012bdz 20.<\/p>\n<p>Veikals \u201cStockmann\u201d \u0161odien b\u016bs sl\u0113gts.<\/p>\n<p>Tirdzniec\u012bbas centrs \u201cR\u012bga Plaza\u201d un taj\u0101 eso\u0161\u0101 \u201cMaxima XXX\u201d \u0161odien b\u016bs sl\u0113gti.<\/p>\n","protected":false},"excerpt":{"rendered":"Bausk\u0101 1. janv\u0101r\u012b no lielveikalu \u0137\u0113d\u0113m str\u0101d\u0101s tikai \u201cRimi\u201d, bet sa\u012bsin\u0101tu laiku \u2013 no plkst. 11. Foto: \u201cBauskas&hellip;\n","protected":false},"author":2,"featured_media":91490,"comment_status":"","ping_status":"","sticky":false,"template":"","format":"standard","meta":{"footnotes":""},"categories":[12],"tags":[23,28,29,32,33,22,30,31,35,39,38,36,37,34,40,20,26,27,24,25,21],"class_list":{"0":"post-91969","1":"post","2":"type-post","3":"status-publish","4":"format-standard","5":"has-post-thumbnail","7":"category-latvija","8":"tag-aktualitates","9":"tag-breaking-news","10":"tag-breakingnews","11":"tag-featured-news","12":"tag-featurednews","13":"tag-headlines","14":"tag-latest-news","15":"tag-latestnews","16":"tag-latvia","17":"tag-latvian","18":"tag-latviesu","19":"tag-latviesu-valoda","20":"tag-latviesuvaloda","21":"tag-latvija","22":"tag-lv","23":"tag-news","24":"tag-popularakas-zinas","25":"tag-popularakaszinas","26":"tag-top-stories","27":"tag-topstories","28":"tag-zinas"},"share_on_mastodon":{"url":"https:\/\/pubeurope.com\/@lv\/115821427045062562","error":""},"_links":{"self":[{"href":"https:\/\/www.europesays.com\/lv\/wp-json\/wp\/v2\/posts\/91969","targetHints":{"allow":["GET"]}}],"collection":[{"href":"https:\/\/www.europesays.com\/lv\/wp-json\/wp\/v2\/posts"}],"about":[{"href":"https:\/\/www.europesays.com\/lv\/wp-json\/wp\/v2\/types\/post"}],"author":[{"embeddable":true,"href":"https:\/\/www.europesays.com\/lv\/wp-json\/wp\/v2\/users\/2"}],"replies":[{"embeddable":true,"href":"https:\/\/www.europesays.com\/lv\/wp-json\/wp\/v2\/comments?post=91969"}],"version-history":[{"count":0,"href":"https:\/\/www.europesays.com\/lv\/wp-json\/wp\/v2\/posts\/91969\/revisions"}],"wp:featuredmedia":[{"embeddable":true,"href":"https:\/\/www.europesays.com\/lv\/wp-json\/wp\/v2\/media\/91490"}],"wp:attachment":[{"href":"https:\/\/www.europesays.com\/lv\/wp-json\/wp\/v2\/media?parent=91969"}],"wp:term":[{"taxonomy":"category","embeddable":true,"href":"https:\/\/www.europesays.com\/lv\/wp-json\/wp\/v2\/categories?post=91969"},{"taxonomy":"post_tag","embeddable":true,"href":"https:\/\/www.europesays.com\/lv\/wp-json\/wp\/v2\/tags?post=91969"}],"curies":[{"name":"wp","href":"https:\/\/api.w.org\/{rel}","templated":true}]}}