{"id":91970,"date":"2026-01-01T19:11:08","date_gmt":"2026-01-01T19:11:08","guid":{"rendered":"https:\/\/www.europesays.com\/lv\/91970\/"},"modified":"2026-01-01T19:11:08","modified_gmt":"2026-01-01T19:11:08","slug":"stajas-speka-jauna-kartiba-socialo-pabalstu-parrekinasana","status":"publish","type":"post","link":"https:\/\/www.europesays.com\/lv\/91970\/","title":{"rendered":"St\u0101jas sp\u0113k\u0101 jauna k\u0101rt\u012bba soci\u0101lo pabalstu p\u0101rr\u0113\u0137in\u0101\u0161an\u0101"},"content":{"rendered":"<p>Vien\u012bgais gad\u012bjums, kad b\u016bs nepiecie\u0161ams iesniegt iesniegumu Valsts soci\u0101l\u0101s apdro\u0161in\u0101\u0161anas a\u0123ent\u016br\u0101 b\u016bs \u0123imenes valsts pabalsta sa\u0146em\u0161anai par koled\u017e\u0101 vai augstskol\u0101 pilna laika kl\u0101tien\u0113 stud\u0113jo\u0161u b\u0113rnu, kur\u0161 nav sasniedzis 20 gadu vecumu, skaidro LM.<\/p>\n<p>Vairumu valsts soci\u0101lo pabalstu izmaks\u0101 par eso\u0161o m\u0113nesi, l\u012bdz ar to pabalstu jaunaj\u0101 apm\u0113r\u0101 vec\u0101ks vai apr\u016bp\u0113t\u0101js sa\u0146ems jau janv\u0101r\u012b.<\/p>\n<p>Savuk\u0101rt b\u0113rna kop\u0161anas pabalstu izmaks\u0101 par iepriek\u0161\u0113jo m\u0113nesi, tas noz\u012bm\u0113, ka vec\u0101ks pabalstu jaunaj\u0101 apm\u0113r\u0101 sa\u0146ems febru\u0101r\u012b, kad tiks izmaks\u0101ts pabalsts par janv\u0101ri.<\/p>\n<p>Piem\u0113ram, b\u0113rna kop\u0161anas pabalsts l\u012bdz b\u0113rna pusotra gada vecumam tiks p\u0101rr\u0113\u0137in\u0101ts no \u0161odienas. Attiec\u012bgi janv\u0101r\u012b izmaks\u0101s pabalstu par 2025. gada decembri, un tas b\u016bs 171 eiro, savuk\u0101rt febru\u0101r\u012b izmaks\u0101s jauno apm\u0113ru par janv\u0101ri, un tas b\u016bs 298 eiro.<\/p>\n<p>K\u0101 v\u0113st\u012bts, n\u0101kamgad b\u0113rna piedzim\u0161anas pabalstu cels l\u012bdz 600 eiro jeb par 178,83 eiro, bet b\u0113rna kop\u0161anas pabalstu jaunajiem vec\u0101kiem &#8211; l\u012bdz 298 eiro jeb par 127 eiro, vienlaikus saglab\u0101jot vec\u0101ku pabalstu 75% apm\u0113r\u0101 str\u0101d\u0101jo\u0161iem pabalsta sa\u0146\u0113m\u0113jiem.<\/p>\n","protected":false},"excerpt":{"rendered":"Vien\u012bgais gad\u012bjums, kad b\u016bs nepiecie\u0161ams iesniegt iesniegumu Valsts soci\u0101l\u0101s apdro\u0161in\u0101\u0161anas a\u0123ent\u016br\u0101 b\u016bs \u0123imenes valsts pabalsta sa\u0146em\u0161anai par koled\u017e\u0101&hellip;\n","protected":false},"author":2,"featured_media":91971,"comment_status":"","ping_status":"","sticky":false,"template":"","format":"standard","meta":{"footnotes":""},"categories":[5],"tags":[23,28,29,32,33,22,30,31,35,39,38,36,37,34,40,20,1908,26,27,24,25,21],"class_list":{"0":"post-91970","1":"post","2":"type-post","3":"status-publish","4":"format-standard","5":"has-post-thumbnail","7":"category-aktualitates","8":"tag-aktualitates","9":"tag-breaking-news","10":"tag-breakingnews","11":"tag-featured-news","12":"tag-featurednews","13":"tag-headlines","14":"tag-latest-news","15":"tag-latestnews","16":"tag-latvia","17":"tag-latvian","18":"tag-latviesu","19":"tag-latviesu-valoda","20":"tag-latviesuvaloda","21":"tag-latvija","22":"tag-lv","23":"tag-news","24":"tag-pabalsti","25":"tag-popularakas-zinas","26":"tag-popularakaszinas","27":"tag-top-stories","28":"tag-topstories","29":"tag-zinas"},"share_on_mastodon":{"url":"https:\/\/pubeurope.com\/@lv\/115821430912706571","error":""},"_links":{"self":[{"href":"https:\/\/www.europesays.com\/lv\/wp-json\/wp\/v2\/posts\/91970","targetHints":{"allow":["GET"]}}],"collection":[{"href":"https:\/\/www.europesays.com\/lv\/wp-json\/wp\/v2\/posts"}],"about":[{"href":"https:\/\/www.europesays.com\/lv\/wp-json\/wp\/v2\/types\/post"}],"author":[{"embeddable":true,"href":"https:\/\/www.europesays.com\/lv\/wp-json\/wp\/v2\/users\/2"}],"replies":[{"embeddable":true,"href":"https:\/\/www.europesays.com\/lv\/wp-json\/wp\/v2\/comments?post=91970"}],"version-history":[{"count":0,"href":"https:\/\/www.europesays.com\/lv\/wp-json\/wp\/v2\/posts\/91970\/revisions"}],"wp:featuredmedia":[{"embeddable":true,"href":"https:\/\/www.europesays.com\/lv\/wp-json\/wp\/v2\/media\/91971"}],"wp:attachment":[{"href":"https:\/\/www.europesays.com\/lv\/wp-json\/wp\/v2\/media?parent=91970"}],"wp:term":[{"taxonomy":"category","embeddable":true,"href":"https:\/\/www.europesays.com\/lv\/wp-json\/wp\/v2\/categories?post=91970"},{"taxonomy":"post_tag","embeddable":true,"href":"https:\/\/www.europesays.com\/lv\/wp-json\/wp\/v2\/tags?post=91970"}],"curies":[{"name":"wp","href":"https:\/\/api.w.org\/{rel}","templated":true}]}}